{"id":656571,"date":"2026-08-30T22:12:15","date_gmt":"2026-08-30T22:12:15","guid":{"rendered":"https:\/\/www.europesays.com\/pl\/656571\/"},"modified":"2026-08-30T22:12:15","modified_gmt":"2026-08-30T22:12:15","slug":"wrze-po-meczu-polska-niemcy-skandaliczne-decyzje-sportowefakty","status":"publish","type":"post","link":"https:\/\/www.europesays.com\/pl\/656571\/","title":{"rendered":"Wrze po meczu Polska &#8211; Niemcy. &quot;Skandaliczne decyzje&quot; &#8211; SportoweFakty"},"content":{"rendered":"<ol>\n<li><a href=\"https:\/\/news.google.com\/rss\/articles\/CBMinAFBVV95cUxPNXRkTFVsb0Y0VEV6bXkteDBvaXY2ZEpJV3ZMVjU4SkNXamFCSGFxeHdaY21ObjE4WG1Mc3dobkhMc3VoZ2pzNlM2LUJjbEgzc2VDZzZlelhPU1d3REZ5SFJZUkt2VzVGZ29FX1JNaEk5TmRIWFBPYUVRYW9SZVNXTkVwMEc5NzBLU1VrMkhuYUIySGJzYTdpMktUSFI?oc=5\" target=\"_blank\" rel=\"nofollow noopener\">Wrze po meczu Polska &#8211; Niemcy. &#8222;Skandaliczne decyzje&#8221;<\/a>&nbsp;&nbsp;SportoweFakty<\/li>\n<li><a href=\"https:\/\/news.google.com\/rss\/articles\/CBMisgFBVV95cUxNV2d0NlhzU096cUhTSlV2bVRwcFMzVzNTTzV3SHYzQjNLZmUyYXgxTlRQeTdPdTZsUkFYdF9WWHZKQ0R4a2NtdjdlS05faWZkV1hSc0NFZlJtdTEtTGMxUnZLQmN0azIxSVU1cUx3clFSTXlzZ3dDLW0ybktMdFgxUGxYNlBFQXFLU3JnMzVwNGY1REZCR3dyaHlCdzF6WmdDWG5wc204NFNfbWx5ODBXRFhn?oc=5\" target=\"_blank\" rel=\"nofollow noopener\">Oto czego potrzebuj\u0105 Polacy do awansu do M\u015a. Na to czekali\u015bmy<\/a>&nbsp;&nbsp;Przegl\u0105d Sportowy<\/li>\n<li><a href=\"https:\/\/news.google.com\/rss\/articles\/CBMitAFBVV95cUxPclpydENCZkQ3U1g3TW1NcVVxbzFPbVlnRkJKZVhzYWhZQ01ENXA4OXc4anFhSWc1d2h1RHdPcGtYZGk5dHRlY3pMY1FYa01WLXkteC1ONmtRamEtNm1VdHZucVBLS3RIM2o2TkJPOTd1TmdnWmlIWlpWV1RhNi1DSGFZUF9XeUxEZ2FXNGE5bDA3X1JSWjZvSnlMUWd4bldJZmtrNkxkZXRVTXNHZWMtWHUyc24?oc=5\" target=\"_blank\" rel=\"nofollow noopener\">Polska &#8211; Niemcy w eliminacjach Mistrzostw \u015awiata koszykarzy. Relacja na \u017cywo<\/a>&nbsp;&nbsp;Interia Sport<\/li>\n<li><a href=\"https:\/\/news.google.com\/rss\/articles\/CBMirAFBVV95cUxOT0xaa2JNNlRhSzd1X29ad0NHQmZFQmlKWlh6cmMwRHg5cEJLVjc2R2w2akNHbnZqT0VQZ1VoYk1KbFRCWW1tZV9OdE5Oekx2UDNsNXZESi1QR2hwOGdYSDVIbC0tNnc2WnpoVDR2bEpxcG9kMlRHSUtsMW85bHBGSkd2SE00cTBIWWIteGpVS3pLdVJzckdIWHk0MkRWNWFsOHpsOFEzTTVTV0N5?oc=5\" target=\"_blank\" rel=\"nofollow noopener\">Co za mecz Polak\u00f3w z mistrzami \u015bwiata! Dogrywka zadecydowa\u0142a<\/a>&nbsp;&nbsp;Sport.pl<\/li>\n<li><a href=\"https:\/\/news.google.com\/rss\/articles\/CBMijAJBVV95cUxQTkZqVWVrUk1VczFoc2dGSlZZQmpSM2p6bHMxeHdhVi1LVmNkSU9ydV9RWks5cEpwbnlKb3NSMUNHME5nRGlVMjVwdFJVYXdNTko2REZRdGEtb0ViblFBcXh6c1BRZlNQd2UyeWJiQU55WjR4M3pXQWJxR0p3LUxZWFdxbVJiME1CMlE2YW9kV1ZCUWk3Uk5NU3phb0tBWXNXTld0Nmk0M2V3UXROcHVJSDl2T0YtVXZvdTROYjNIU0dqeEJhd0xwakNtb0ItbzlFSnptemJCYzREU2VvVmZfdTl4cnJRR0w0NXU5b0JOOWF5UDNXd0hrT1dFRWc5OWhmV3Q5akFNWnZjSHIt?oc=5\" target=\"_blank\" rel=\"nofollow noopener\">Polska &#8211; Niemcy w eliminacjach mistrzostw \u015bwiata koszykarzy [RELACJA]<\/a>&nbsp;&nbsp;Eurosport Polska<\/li>\n<\/ol>\n","protected":false},"excerpt":{"rendered":"Wrze po meczu Polska &#8211; Niemcy. &#8222;Skandaliczne decyzje&#8221;&nbsp;&nbsp;SportoweFakty Oto czego potrzebuj\u0105 Polacy do awansu do M\u015a. Na to&hellip;\n","protected":false},"author":2,"featured_media":656572,"comment_status":"","ping_status":"","sticky":false,"template":"","format":"standard","meta":{"footnotes":"","_share_on_mastodon":"0"},"categories":[24],"tags":[18873,26353,2449,295,42,38,40,39,41,539,127,126],"class_list":["post-656571","post","type-post","status-publish","format-standard","has-post-thumbnail","category-sport","tag-basket-w-europie","tag-el-ms-2027","tag-koszykowka","tag-niemcy","tag-pl","tag-poland","tag-polish","tag-polska","tag-polski","tag-reprezentacje","tag-sport","tag-sports"],"share_on_mastodon":{"url":"https:\/\/pubeurope.com\/@pl\/117186759806862659","error":""},"_links":{"self":[{"href":"https:\/\/www.europesays.com\/pl\/wp-json\/wp\/v2\/posts\/656571","targetHints":{"allow":["GET"]}}],"collection":[{"href":"https:\/\/www.europesays.com\/pl\/wp-json\/wp\/v2\/posts"}],"about":[{"href":"https:\/\/www.europesays.com\/pl\/wp-json\/wp\/v2\/types\/post"}],"author":[{"embeddable":true,"href":"https:\/\/www.europesays.com\/pl\/wp-json\/wp\/v2\/users\/2"}],"replies":[{"embeddable":true,"href":"https:\/\/www.europesays.com\/pl\/wp-json\/wp\/v2\/comments?post=656571"}],"version-history":[{"count":0,"href":"https:\/\/www.europesays.com\/pl\/wp-json\/wp\/v2\/posts\/656571\/revisions"}],"wp:featuredmedia":[{"embeddable":true,"href":"https:\/\/www.europesays.com\/pl\/wp-json\/wp\/v2\/media\/656572"}],"wp:attachment":[{"href":"https:\/\/www.europesays.com\/pl\/wp-json\/wp\/v2\/media?parent=656571"}],"wp:term":[{"taxonomy":"category","embeddable":true,"href":"https:\/\/www.europesays.com\/pl\/wp-json\/wp\/v2\/categories?post=656571"},{"taxonomy":"post_tag","embeddable":true,"href":"https:\/\/www.europesays.com\/pl\/wp-json\/wp\/v2\/tags?post=656571"}],"curies":[{"name":"wp","href":"https:\/\/api.w.org\/{rel}","templated":true}]}}