{"id":656581,"date":"2026-08-30T22:17:14","date_gmt":"2026-08-30T22:17:14","guid":{"rendered":"https:\/\/www.europesays.com\/pl\/656581\/"},"modified":"2026-08-30T22:17:14","modified_gmt":"2026-08-30T22:17:14","slug":"ministra-zwroci-sie-do-sluzb-chodzi-o-weto-wobec-edziennika","status":"publish","type":"post","link":"https:\/\/www.europesays.com\/pl\/656581\/","title":{"rendered":"Ministra zwr\u00f3ci si\u0119 do s\u0142u\u017cb. Chodzi o weto wobec eDziennika"},"content":{"rendered":"<p><a href=\"https:\/\/www.onet.pl\/informacje\/onetwiadomosci\/karol-nawrocki-wetuje-trzy-ustawy-podpisal-cztery\/25676nj,79cfc278\" id=\"90ceb2ba-089e-4a19-87f8-d3e3e6304c5c\" rel=\"nofollow noopener\" target=\"_blank\">Karol Nawrocki w pi\u0105tek odm\u00f3wi\u0142 podpisu pod nowelizacj\u0105 Prawa o\u015bwiatowego oraz ustawy o systemie informacji o\u015bwiatowej.<\/a> Regulacja zak\u0142ada\u0142a, \u017ce w roku szkolnym 2026\/2027 w plac\u00f3wkach podstawowych i ponadpodstawowych ruszy pilota\u017c pa\u0144stwowego eDziennika. Nowe narz\u0119dzie, powi\u0105zane z Systemem Informacji O\u015bwiatowej (SIO), mia\u0142o od 2027\/2028 r. sta\u0107 si\u0119 bezp\u0142atn\u0105 alternatyw\u0105 dla p\u0142atnych rozwi\u0105za\u0144 dost\u0119pnych obecnie na rynku.Dalszy ci\u0105g artyku\u0142u pod materia\u0142em wideo<\/p>\n<p>W niedzielnej rozmowie w TVP Info szefowa resortu edukacji nie kry\u0142a oburzenia decyzj\u0105 prezydenta. \u2014 Zarzuty pana prezydenta sprawiaj\u0105 wra\u017cenie zarzut\u00f3w stricte lobbystycznych. Wdro\u017cenie bezp\u0142atnego dziennika dla rodzic\u00f3w poprzedzone rocznym pilota\u017cem w wybranych szko\u0142ach, kt\u00f3re si\u0119 (&#8230;) zapisa\u0142y do pilota\u017cu, by\u0142o sensownym rozwi\u0105zaniem \u2014 powiedzia\u0142a ministra.<\/p>\n<p>Nowacka odnios\u0142a si\u0119 tak\u017ce do kwestii bezpiecze\u0144stwa informacji. Zapewni\u0142a, \u017ce pa\u0144stwowe rozwi\u0105zanie nie zbiera\u0142oby nadmiarowych danych, a te ju\u017c zgromadzone by\u0142yby odpowiednio chronione. Podkre\u015bli\u0142a r\u00f3wnie\u017c, \u017ce rodzice nie musieliby ponosi\u0107 op\u0142at za korzystanie z aplikacji, co dzi\u015b jest standardem przy us\u0142ugach komercyjnych.<\/p>\n<p>Zbie\u017cno\u015b\u0107 argument\u00f3w prezydenta z pismami firm<\/p>\n<p>Sformu\u0142owania zawarte w uzasadnieniu weta zwr\u00f3ci\u0142y uwag\u0119 kierownictwa MEN. \u2014 Planuj\u0119 poprosi\u0107 s\u0142u\u017cby, by sprawdzi\u0142y, czy nie dosz\u0142o tam do niew\u0142a\u015bciwych dzia\u0142a\u0144 i dzia\u0142a\u0144 lobbingowych takich wprost, ale te\u017c czyta\u0142am uzasadnienie do weta i czyta\u0142am kilka pism, kt\u00f3re te\u017c trafia\u0142y do ministerstwa we wsp\u00f3\u0142pracy z dwoma g\u0142\u00f3wnymi operatorami przygotowywane i to s\u0105 w\u0142a\u015bciwie te same s\u0142owa \u2014 wskaza\u0142a Nowacka.<\/p>\n<p>Ministra nie przes\u0105dzi\u0142a o charakterze ewentualnych nacisk\u00f3w. Zaznaczy\u0142a jednak, \u017ce decyzja prezydenta stawia interes prywatnych podmiot\u00f3w wy\u017cej ni\u017c potrzeby rodzin i bezpiecze\u0144stwo danych uczni\u00f3w. Jej zdaniem firmy zarz\u0105dzaj\u0105ce obecnymi rozwi\u0105zaniami mog\u0105 obawia\u0107 si\u0119 rywalizacji z darmow\u0105 propozycj\u0105 pa\u0144stwa, poniewa\u017c o\u015bwiatowy rynek generuje im znacz\u0105ce przychody.<\/p>\n<p>W ostrych s\u0142owach oceni\u0142a te\u017c skutki decyzji z Pa\u0142acu Prezydenckiego. \u2014 Niem\u0105dre weto uderzaj\u0105ce po kieszeni rodzic\u00f3w i bardzo, bardzo lobbystyczne, bo zyskuj\u0105 na tym dwie prywatne firmy, a trac\u0105 rodzice \u2014 powiedzia\u0142a szefowa MEN.<\/p>\n<p>Zawetowana nowelizacja mia\u0142a otworzy\u0107 MEN drog\u0119 do przetestowania systemu teleinformatycznego wspieraj\u0105cego prowadzenie dokumentacji przebiegu nauczania oraz dzia\u0142alno\u015bci wychowawczej i opieku\u0144czej. Kluczowym elementem tego rozwi\u0105zania mia\u0142a by\u0107 us\u0142uga dziennika lekcyjnego w formie elektronicznej, centralna i darmowa zar\u00f3wno dla szk\u00f3\u0142, jak i rodzin uczni\u00f3w.<\/p>\n<p>Najwi\u0119ksi bohaterowie afery Zondacrypto. Ranking &#8222;Stanu Wyj\u0105tkowego&#8221;<img class=\"ods-a-photo ods-a-photo--background\" src=\"https:\/\/www.europesays.com\/pl\/wp-content\/uploads\/2026\/08\/1788128234_373_45Wk9lBaHR0cHM6Ly9vY2RuLmV1L3B1bHNjbXMvTURBXy85MDMzNTYwMmI3MTczYjkyYWUyN2I3MmM1ODA3OGE2ZC5qcGeRlQLNA.jpeg\" height=\"253\" width=\"450\" alt=\"By\u0142y szef Zondacrypto Przemys\u0142aw Kral\" loading=\"lazy\" fetchpriority=\"low\" decoding=\"async\"\/><\/p>\n","protected":false},"excerpt":{"rendered":"Karol Nawrocki w pi\u0105tek odm\u00f3wi\u0142 podpisu pod nowelizacj\u0105 Prawa o\u015bwiatowego oraz ustawy o systemie informacji o\u015bwiatowej. Regulacja zak\u0142ada\u0142a,&hellip;\n","protected":false},"author":2,"featured_media":656582,"comment_status":"","ping_status":"","sticky":false,"template":"","format":"standard","meta":{"footnotes":"","_share_on_mastodon":"0"},"categories":[12],"tags":[3769,61195,32,33,36,37,27,49,34,35,3031,28,31,48,25,46,42,38,40,39,41,47,29,30,8206,26],"class_list":["post-656581","post","type-post","status-publish","format-standard","has-post-thumbnail","category-polska","tag-barbara_nowacka","tag-bottomfeed_styl","tag-breaking-news","tag-breakingnews","tag-featured-news","tag-featurednews","tag-headlines","tag-kraj","tag-latest-news","tag-latestnews","tag-ministerstwo_edukacji_narodowej","tag-naglowki","tag-najwazniejsze-artykuly","tag-nat_styl","tag-news","tag-omp","tag-pl","tag-poland","tag-polish","tag-polska","tag-polski","tag-screening_general","tag-top-stories","tag-topstories","tag-weto","tag-wiadomosci"],"share_on_mastodon":{"url":"https:\/\/pubeurope.com\/@pl\/117186780220612999","error":""},"_links":{"self":[{"href":"https:\/\/www.europesays.com\/pl\/wp-json\/wp\/v2\/posts\/656581","targetHints":{"allow":["GET"]}}],"collection":[{"href":"https:\/\/www.europesays.com\/pl\/wp-json\/wp\/v2\/posts"}],"about":[{"href":"https:\/\/www.europesays.com\/pl\/wp-json\/wp\/v2\/types\/post"}],"author":[{"embeddable":true,"href":"https:\/\/www.europesays.com\/pl\/wp-json\/wp\/v2\/users\/2"}],"replies":[{"embeddable":true,"href":"https:\/\/www.europesays.com\/pl\/wp-json\/wp\/v2\/comments?post=656581"}],"version-history":[{"count":0,"href":"https:\/\/www.europesays.com\/pl\/wp-json\/wp\/v2\/posts\/656581\/revisions"}],"wp:featuredmedia":[{"embeddable":true,"href":"https:\/\/www.europesays.com\/pl\/wp-json\/wp\/v2\/media\/656582"}],"wp:attachment":[{"href":"https:\/\/www.europesays.com\/pl\/wp-json\/wp\/v2\/media?parent=656581"}],"wp:term":[{"taxonomy":"category","embeddable":true,"href":"https:\/\/www.europesays.com\/pl\/wp-json\/wp\/v2\/categories?post=656581"},{"taxonomy":"post_tag","embeddable":true,"href":"https:\/\/www.europesays.com\/pl\/wp-json\/wp\/v2\/tags?post=656581"}],"curies":[{"name":"wp","href":"https:\/\/api.w.org\/{rel}","templated":true}]}}