{"id":656635,"date":"2026-08-30T23:09:13","date_gmt":"2026-08-30T23:09:13","guid":{"rendered":"https:\/\/www.europesays.com\/pl\/656635\/"},"modified":"2026-08-30T23:09:13","modified_gmt":"2026-08-30T23:09:13","slug":"kiermasz-sztuki-w-oliwie-gdansk-nasze-miasto","status":"publish","type":"post","link":"https:\/\/www.europesays.com\/pl\/656635\/","title":{"rendered":"Kiermasz Sztuki w Oliwie | Gda\u0144sk Nasze Miasto"},"content":{"rendered":"<p class=\"atomsHappeningContent__desc\">Drodzy i Drogie! Z wielk\u0105 rado\u015bci\u0105 informujemy, \u017ce w ramach \u015bwi\u0119ta dzielnicy Viva Oliva! odb\u0119dzie si\u0119 kiermasz sztuki!<br \/>Wsp\u00f3lnie nadali\u015bmy mu tytu\u0142<br \/>\u201eMamy talent\u201d<br \/>Zapraszamy Was serdecznie na wyj\u0105tkowy kiermasz tw\u00f3rczo\u015bci os\u00f3b zwi\u0105zanych z Oliwskim Domem S\u0105siedzkim \u2013 stworzymy miejsce pe\u0142ne pasji, talent\u00f3w i lokalnych historii. B\u0119dzie to doskona\u0142a okazja, by odkry\u0107 artystyczne oblicze naszej spo\u0142eczno\u015bci, porozmawia\u0107 z autorami, znale\u017a\u0107 niepowtarzalne prace i przekona\u0107 si\u0119, jak wiele kreatywno\u015bci kryje si\u0119 tu\u017c obok nas.<br \/>Na kiermaszu b\u0119dzie mo\u017cna znale\u017a\u0107 przer\u00f3\u017cne cude\u0144ka \u2013 od malarstwa i fotografii, przez haft i bi\u017cuteri\u0119, po oryginalne r\u0119kodzie\u0142o.<br \/>Przy tej okazji b\u0119dzie te\u017c przestrze\u0144 i czas, aby napi\u0107 si\u0119 herbaty i porozmawia\u0107. Ch\u0119tnie opowiemy o dzia\u0142aniach, kt\u00f3re wsp\u00f3lnie tworzymy przez ca\u0142y rok, odpowiemy na pytania i poka\u017cemy, jak mo\u017cna do\u0142\u0105czy\u0107 do naszej s\u0105siedzkiej spo\u0142eczno\u015bci. Poznajmy si\u0119 z innej strony i sp\u0119d\u017amy czas w inspiruj\u0105cej atmosferze. Zapraszamy, bo talent mieszka po s\u0105siedzku!<\/p>\n","protected":false},"excerpt":{"rendered":"Drodzy i Drogie! Z wielk\u0105 rado\u015bci\u0105 informujemy, \u017ce w ramach \u015bwi\u0119ta dzielnicy Viva Oliva! odb\u0119dzie si\u0119 kiermasz sztuki!Wsp\u00f3lnie&hellip;\n","protected":false},"author":2,"featured_media":656636,"comment_status":"","ping_status":"","sticky":false,"template":"","format":"standard","meta":{"footnotes":"","_share_on_mastodon":"0"},"categories":[51610],"tags":[6226,1048,10195,85070,36004,42,38,40,39,41,22920],"class_list":["post-656635","post","type-post","status-publish","format-standard","has-post-thumbnail","category-gdansk","tag-bilety","tag-gdansk","tag-impreza","tag-imprezy-okolicznosciowe","tag-oliwa","tag-pl","tag-poland","tag-polish","tag-polska","tag-polski","tag-wydarzenie"],"share_on_mastodon":{"url":"https:\/\/pubeurope.com\/@pl\/117186983865267148","error":""},"_links":{"self":[{"href":"https:\/\/www.europesays.com\/pl\/wp-json\/wp\/v2\/posts\/656635","targetHints":{"allow":["GET"]}}],"collection":[{"href":"https:\/\/www.europesays.com\/pl\/wp-json\/wp\/v2\/posts"}],"about":[{"href":"https:\/\/www.europesays.com\/pl\/wp-json\/wp\/v2\/types\/post"}],"author":[{"embeddable":true,"href":"https:\/\/www.europesays.com\/pl\/wp-json\/wp\/v2\/users\/2"}],"replies":[{"embeddable":true,"href":"https:\/\/www.europesays.com\/pl\/wp-json\/wp\/v2\/comments?post=656635"}],"version-history":[{"count":0,"href":"https:\/\/www.europesays.com\/pl\/wp-json\/wp\/v2\/posts\/656635\/revisions"}],"wp:featuredmedia":[{"embeddable":true,"href":"https:\/\/www.europesays.com\/pl\/wp-json\/wp\/v2\/media\/656636"}],"wp:attachment":[{"href":"https:\/\/www.europesays.com\/pl\/wp-json\/wp\/v2\/media?parent=656635"}],"wp:term":[{"taxonomy":"category","embeddable":true,"href":"https:\/\/www.europesays.com\/pl\/wp-json\/wp\/v2\/categories?post=656635"},{"taxonomy":"post_tag","embeddable":true,"href":"https:\/\/www.europesays.com\/pl\/wp-json\/wp\/v2\/tags?post=656635"}],"curies":[{"name":"wp","href":"https:\/\/api.w.org\/{rel}","templated":true}]}}