{"id":656643,"date":"2026-08-30T23:15:13","date_gmt":"2026-08-30T23:15:13","guid":{"rendered":"https:\/\/www.europesays.com\/pl\/656643\/"},"modified":"2026-08-30T23:15:13","modified_gmt":"2026-08-30T23:15:13","slug":"wszyscy-moi-wrogowie-w-krakowie-2","status":"publish","type":"post","link":"https:\/\/www.europesays.com\/pl\/656643\/","title":{"rendered":"Wszyscy moi wrogowie w Krakowie"},"content":{"rendered":"<p class=\"atomsHappeningContent__desc\">Opis: Zdobywca Oscara Matthew McConaughey i nominowany do Z\u0142otego Globu Kurt Russel w nieprzewidywalnej historii, kt\u00f3ra podbi\u0142a serca widz\u00f3w i krytyk\u00f3w na mi\u0119dzynarodowych festiwalach. \u201eWszyscy moi wrogowie\u201d \u2013 film wyprodukowany przez tw\u00f3rc\u00f3w \u201ePewnego razu w Hollywood\u201d oraz \u201eSn\u00f3w o poci\u0105gach\u201d \u2013 to opowie\u015b\u0107 o ludziach z peryferii, kt\u00f3rzy pr\u00f3buj\u0105 zbudowa\u0107 co\u015b trwa\u0142ego w \u015bwiecie, kt\u00f3rym cz\u0119\u015bciej rz\u0105dzi chaos. Za kamer\u0105 stan\u0105\u0142 Andrew Patterson, kt\u00f3ry udowadnia, \u017ce potrafi \u0142\u0105czy\u0107 kameraln\u0105 histori\u0119 z napi\u0119ciem i wyj\u0105tkowym klimatem. Na uboczu prowincjonalnej Ameryki \u017cyje charyzmatyczny outsider, muzyk i lokalny przedsi\u0119biorca (Matthew McConaughey), kt\u00f3ry przewodzi nietuzinkowej spo\u0142eczno\u015bci. Gdy po latach do jego \u017cycia niespodziewanie wraca przybrana c\u00f3rka, m\u0119\u017cczyzna dostrzega szans\u0119 na odbudowanie relacji i stworzenie prawdziwego rodzinnego biznesu. Ich wsp\u00f3lna przysz\u0142o\u015b\u0107 szybko jednak staje pod znakiem zapytania \u2014 konkurenci zrobi\u0105 wszystko, by zniszczy\u0107 to, co by\u0142o budowane przez lata. W \u015bwiecie, gdzie granica mi\u0119dzy dobrem a z\u0142em jest niejasna, a lojalno\u015b\u0107 ma swoj\u0105 cen\u0119, nowo odbudowana rodzina b\u0119dzie musia\u0142a zawalczy\u0107 nie tylko o przetrwanie, ale i o siebie nawzajem.<br \/>Tytu\u0142 oryginalny: The Rivals of Amziah King<br \/>Re\u017cyser: Andrew Patterson<br \/>Scenariusz: Andrew Patterson<br \/>Gatunek: dramat<br \/>Czas trwania: 130 minut<br \/>Kraj produkcji: USA, Wielka Brytania<br \/>Rok produkcji: 2025<br \/>Muzyka: Erick Alexander, Jared Bulmer, Ben Hardesty<br \/>Zdj\u0119cia: Miguel I. Littin-Menz<br \/>Data premiery w Polsce: 2026-08-14<\/p>\n","protected":false},"excerpt":{"rendered":"Opis: Zdobywca Oscara Matthew McConaughey i nominowany do Z\u0142otego Globu Kurt Russel w nieprzewidywalnej historii, kt\u00f3ra podbi\u0142a serca&hellip;\n","protected":false},"author":2,"featured_media":656644,"comment_status":"","ping_status":"","sticky":false,"template":"","format":"standard","meta":{"footnotes":"","_share_on_mastodon":"0"},"categories":[51606],"tags":[6226,68212,10195,1304,42,38,40,39,41,22920],"class_list":["post-656643","post","type-post","status-publish","format-standard","has-post-thumbnail","category-krakow","tag-bilety","tag-film-i-kino","tag-impreza","tag-krakow","tag-pl","tag-poland","tag-polish","tag-polska","tag-polski","tag-wydarzenie"],"share_on_mastodon":{"url":"https:\/\/pubeurope.com\/@pl\/117187007423538749","error":""},"_links":{"self":[{"href":"https:\/\/www.europesays.com\/pl\/wp-json\/wp\/v2\/posts\/656643","targetHints":{"allow":["GET"]}}],"collection":[{"href":"https:\/\/www.europesays.com\/pl\/wp-json\/wp\/v2\/posts"}],"about":[{"href":"https:\/\/www.europesays.com\/pl\/wp-json\/wp\/v2\/types\/post"}],"author":[{"embeddable":true,"href":"https:\/\/www.europesays.com\/pl\/wp-json\/wp\/v2\/users\/2"}],"replies":[{"embeddable":true,"href":"https:\/\/www.europesays.com\/pl\/wp-json\/wp\/v2\/comments?post=656643"}],"version-history":[{"count":0,"href":"https:\/\/www.europesays.com\/pl\/wp-json\/wp\/v2\/posts\/656643\/revisions"}],"wp:featuredmedia":[{"embeddable":true,"href":"https:\/\/www.europesays.com\/pl\/wp-json\/wp\/v2\/media\/656644"}],"wp:attachment":[{"href":"https:\/\/www.europesays.com\/pl\/wp-json\/wp\/v2\/media?parent=656643"}],"wp:term":[{"taxonomy":"category","embeddable":true,"href":"https:\/\/www.europesays.com\/pl\/wp-json\/wp\/v2\/categories?post=656643"},{"taxonomy":"post_tag","embeddable":true,"href":"https:\/\/www.europesays.com\/pl\/wp-json\/wp\/v2\/tags?post=656643"}],"curies":[{"name":"wp","href":"https:\/\/api.w.org\/{rel}","templated":true}]}}