{"id":656647,"date":"2026-08-30T23:18:45","date_gmt":"2026-08-30T23:18:45","guid":{"rendered":"https:\/\/www.europesays.com\/pl\/656647\/"},"modified":"2026-08-30T23:18:45","modified_gmt":"2026-08-30T23:18:45","slug":"burze-grad-i-ulewy-nad-polska-znamy-prognozy-na-poniedzialek-pogoda","status":"publish","type":"post","link":"https:\/\/www.europesays.com\/pl\/656647\/","title":{"rendered":"Burze, grad i ulewy nad Polsk\u0105. Znamy prognozy na poniedzia\u0142ek [POGODA]"},"content":{"rendered":"<p>Od rana cz\u0119sto mo\u017ce si\u0119 chmurzy\u0107, lecz na rozpogodzenia r\u00f3wnie\u017c mo\u017cemy liczy\u0107. Okresami na zachodzie wyst\u0105pi\u0105 przelotne, z regu\u0142y niewielkie <a href=\"https:\/\/wiadomosci.onet.pl\/deszcz\" id=\"51b1598d-240f-4011-b2d3-127ae06461c9\" rel=\"nofollow noopener\" target=\"_blank\">opady deszczu<\/a>, a termometry na przewa\u017caj\u0105cym obszarze kraju poka\u017c\u0105 ok. 15 st. C.<img loading=\"lazy\" class=\"ods-a-photo ods-a-author-avatar__single__img\" src=\"https:\/\/www.europesays.com\/pl\/wp-content\/uploads\/2026\/08\/V_tk9lBaHR0cHM6Ly9vY2RuLmV1L3B1bHNjbXMvTURBXy9iYTBhZWM2NzBiOTI0NDA0N2U0NDJjMTg2MmUzMDQwYS5wbmeRkwU8P.jpeg\" height=\"30\" width=\"30\" alt=\"Indeks podatno\u015bci na upa\u0142y\" fetchpriority=\"auto\" decoding=\"auto\"\/><\/p>\n<p>Indeks podatno\u015bci na upa\u0142y<\/p>\n<p>Poniedzia\u0142ek z burzami w ca\u0142ej Polsce. Mo\u017cliwe s\u0105 ulewne opady deszczu, silny wiatr i grad<\/p>\n<p>W kolejnych godzinach prognozujemy zar\u00f3wno d\u0142u\u017csze chwile ze s\u0142o\u0144cem, jak i okresy z wi\u0119kszym zachmurzeniem. W ka\u017cdym regionie przydadz\u0105 si\u0119 parasole, poniewa\u017c wyst\u0105pi\u0105 przelotne opady, a lokalnie te\u017c burze, w czasie kt\u00f3rych b\u0119dzie pada\u0107 intensywnie, do 20 mm, zerwie si\u0119 silniejszy wiatr do 80 km na godz., a nawet spadnie grad. Najcz\u0119\u015bciej grzmie\u0107 b\u0119dzie po po\u0142udniu i wieczorem na p\u00f3\u0142nocy oraz w pasie od Lubelszczyzny i Podkarpacia po Ma\u0142opolsk\u0119 i wschodni\u0105 cz\u0119\u015b\u0107 \u015al\u0105ska.<\/p>\n<p><img class=\"ods-a-photo ods-a-photo--background\" src=\"https:\/\/www.europesays.com\/pl\/wp-content\/uploads\/2026\/08\/p1Jk9lBaHR0cHM6Ly9vY2RuLmV1L3B1bHNjbXMvTURBXy9iOTFmNWEyMGQ1YTI5ZDBkYmQ4NjlmZGFhYTdhZjQwNi5wbmeRkwXNB.jpeg\" height=\"1155\" width=\"940\" alt=\"Przed nami deszczowy i burzowy poniedzia\u0142ek w ca\u0142ej Polsce\" loading=\"lazy\" fetchpriority=\"auto\" decoding=\"auto\" url=\"https:\/\/ocdn.eu\/pulscms\/MDA_\/b91f5a20d5a29d0dbd869fdaaa7af406.png\" description=\"Przed nami deszczowy i burzowy poniedzia\u0142ek w ca\u0142ej Polsce\" author=\"Arkadiusz P\u0142achta \/ Onet\" source=\"\" link=\"\"\/><\/p>\n<p>Arkadiusz P\u0142achta \/ Onet<\/p>\n<p>Przed nami deszczowy i burzowy poniedzia\u0142ek w ca\u0142ej Polsce<\/p>\n<p>R\u00f3wnie\u017c w nocy z poniedzia\u0142ku na wtorek przewidujemy deszcze i burze, tym razem g\u0142\u00f3wnie na p\u00f3\u0142nocy i po\u0142udniowym wschodzie. Zjawisk zapowiadamy jednak mniej ni\u017c w dzie\u0144. Na pozosta\u0142ym obszarze kraju zacznie si\u0119 rozpogadza\u0107, a deszcz pada\u0107 powinien coraz rzadziej, a na \u015al\u0105sku prawdopodobnie ca\u0142kowicie zaniknie.<\/p>\n<p>Dalszy ci\u0105g artyku\u0142u pod materia\u0142em wideo<\/p>\n<p>Poniedzia\u0142ek przyniesie wysokie temperatury. Na Podkarpaciu si\u0119gn\u0105 one 30 st. C. Poza tym odnotujemy 22\u201326 st. C. Natomiast w nocy och\u0142odzi si\u0119 do ok. 12 st. C w rejonie Zakopanego i do 13\u201316 st. C w pozosta\u0142ych miejscach.<\/p>\n<p><img class=\"ods-a-photo ods-a-photo--background\" src=\"https:\/\/www.europesays.com\/pl\/wp-content\/uploads\/2026\/08\/VzGk9lBaHR0cHM6Ly9vY2RuLmV1L3B1bHNjbXMvTURBXy9hNjdiYzgyMDUwMjExNTNhZTU3YTcwODUwNGFjNTljNy5wbmeRkwXNB.jpeg\" height=\"658\" width=\"940\" alt=\"Najwy\u017csze temperatury w poniedzia\u0142ek pojawi\u0105 si\u0119 na po\u0142udniowym wschodzie, gdzie niewykluczone s\u0105 nawet upa\u0142y\" loading=\"lazy\" fetchpriority=\"auto\" decoding=\"auto\" url=\"https:\/\/ocdn.eu\/pulscms\/MDA_\/a67bc8205021153ae57a708504ac59c7.png\" description=\"Najwy\u017csze temperatury w poniedzia\u0142ek pojawi\u0105 si\u0119 na po\u0142udniowym wschodzie, gdzie niewykluczone s\u0105 nawet upa\u0142y\" author=\"meteologix.com\" source=\"\" link=\"\"\/><\/p>\n<p>meteologix.com<\/p>\n<p>Najwy\u017csze temperatury w poniedzia\u0142ek pojawi\u0105 si\u0119 na po\u0142udniowym wschodzie, gdzie niewykluczone s\u0105 nawet upa\u0142y<\/p>\n<p>Wiatr ma wia\u0107 umiarkowanie, czasami porywi\u015bcie, z po\u0142udniowego zachodu. Z powodu pojawiaj\u0105cych si\u0119 burz i opad\u00f3w <a href=\"https:\/\/wiadomosci.onet.pl\/pogoda\" id=\"e51a9b25-5fc3-4dff-a651-16c815c619b2\" rel=\"nofollow noopener\" target=\"_blank\">pogoda<\/a> w poniedzia\u0142ek nie wp\u0142ynie zbyt dobrze na nasze samopoczucie. Najcz\u0119\u015bciej odczujemy przyjemne ciep\u0142o, a na po\u0142udniowym wschodzie r\u00f3wnie\u017c gor\u0105c i parno\u015b\u0107.<\/p>\n","protected":false},"excerpt":{"rendered":"Od rana cz\u0119sto mo\u017ce si\u0119 chmurzy\u0107, lecz na rozpogodzenia r\u00f3wnie\u017c mo\u017cemy liczy\u0107. Okresami na zachodzie wyst\u0105pi\u0105 przelotne, z&hellip;\n","protected":false},"author":2,"featured_media":656648,"comment_status":"","ping_status":"","sticky":false,"template":"","format":"standard","meta":{"footnotes":"","_share_on_mastodon":"0"},"categories":[12],"tags":[61195,14276,169,48,46,42,78,38,40,39,41,47,1714],"class_list":["post-656647","post","type-post","status-publish","format-standard","has-post-thumbnail","category-polska","tag-bottomfeed_styl","tag-burze","tag-deszcz","tag-nat_styl","tag-omp","tag-pl","tag-pogoda","tag-poland","tag-polish","tag-polska","tag-polski","tag-screening_general","tag-upal"],"share_on_mastodon":{"url":"https:\/\/pubeurope.com\/@pl\/117187019215593959","error":""},"_links":{"self":[{"href":"https:\/\/www.europesays.com\/pl\/wp-json\/wp\/v2\/posts\/656647","targetHints":{"allow":["GET"]}}],"collection":[{"href":"https:\/\/www.europesays.com\/pl\/wp-json\/wp\/v2\/posts"}],"about":[{"href":"https:\/\/www.europesays.com\/pl\/wp-json\/wp\/v2\/types\/post"}],"author":[{"embeddable":true,"href":"https:\/\/www.europesays.com\/pl\/wp-json\/wp\/v2\/users\/2"}],"replies":[{"embeddable":true,"href":"https:\/\/www.europesays.com\/pl\/wp-json\/wp\/v2\/comments?post=656647"}],"version-history":[{"count":0,"href":"https:\/\/www.europesays.com\/pl\/wp-json\/wp\/v2\/posts\/656647\/revisions"}],"wp:featuredmedia":[{"embeddable":true,"href":"https:\/\/www.europesays.com\/pl\/wp-json\/wp\/v2\/media\/656648"}],"wp:attachment":[{"href":"https:\/\/www.europesays.com\/pl\/wp-json\/wp\/v2\/media?parent=656647"}],"wp:term":[{"taxonomy":"category","embeddable":true,"href":"https:\/\/www.europesays.com\/pl\/wp-json\/wp\/v2\/categories?post=656647"},{"taxonomy":"post_tag","embeddable":true,"href":"https:\/\/www.europesays.com\/pl\/wp-json\/wp\/v2\/tags?post=656647"}],"curies":[{"name":"wp","href":"https:\/\/api.w.org\/{rel}","templated":true}]}}