{"id":656659,"date":"2026-08-30T23:27:12","date_gmt":"2026-08-30T23:27:12","guid":{"rendered":"https:\/\/www.europesays.com\/pl\/656659\/"},"modified":"2026-08-30T23:27:12","modified_gmt":"2026-08-30T23:27:12","slug":"wyciekly-wazne-informacje-o-wojsku-usa-pentagon-reaguje-przestepstwo","status":"publish","type":"post","link":"https:\/\/www.europesays.com\/pl\/656659\/","title":{"rendered":"Wyciek\u0142y wa\u017cne informacje o wojsku USA. Pentagon reaguje. &#8222;Przest\u0119pstwo&#8221;"},"content":{"rendered":"<p>Jak podaje &#8222;Washington Post&#8221;, takie ostrze\u017cenie pojawi\u0142o si\u0119 w regularnie wydawanym dokumencie Secretary of Defense Orders Book (SDOB), kt\u00f3ry opisuje dost\u0119pno\u015b\u0107 si\u0142 USA na ca\u0142ym \u015bwiecie. Z powodu \u017c\u0105dania prezydenta Donalda Trumpa, aby w wojnie z Iranem mie\u0107 zachowany dost\u0119p &#8222;wszelkich mo\u017cliwych opcji&#8221;, od miesi\u0119cy ponad 50 tys. ameryka\u0144skich wojsk jest utrzymywanych w stanie wysokiej gotowo\u015bci. Ponadto dokument z 14 sierpnia nakazuje przed\u0142u\u017cenie tego stanu do ko\u0144ca wrze\u015bnia dla niekt\u00f3rych si\u0142, a do 2027 r. dla innych.<\/p>\n<p>Sprzeciw wobec dalszego wykorzystywania ich si\u0142 do wojny z Iranem zasygnalizowali w dokumencie z 14 sierpnia szefowie dow\u00f3dztw odpowiedzialnych za Europ\u0119, Azj\u0119 i Pacyfik oraz Ameryk\u0119 Po\u0142udniow\u0105, a tak\u017ce dow\u00f3dca Marynarki Wojennej. Wszyscy jednak zadeklarowali, \u017ce mimo to b\u0119d\u0105 dalej wykonywa\u0107 polecenia.<\/p>\n<p>Dalszy ci\u0105g artyku\u0142u pod materia\u0142em wideoDow\u00f3dcy USA ostrzegaj\u0105 przed dalsz\u0105 wojn\u0105 z Iranem<\/p>\n<p>Wed\u0142ug urz\u0119dnik\u00f3w, na kt\u00f3rych powo\u0142uje si\u0119 &#8222;Washington Post&#8221;, dow\u00f3dcy zdecydowali si\u0119 zaznaczy\u0107 sw\u00f3j sprzeciw z powodu obaw o to, \u017ce dalsze utrzymywanie obecnego stanu os\u0142abi zdolno\u015bci wojska do odpowiedzi na inne kryzysy. A chodzi o zu\u017cywanie si\u0119 sprz\u0119tu i zm\u0119czenie wojskowych. Dotyczy to zw\u0142aszcza Marynarki Wojennej, kt\u00f3ra jest zmuszona utrzymywa\u0107 m.in. blokad\u0119 ira\u0144skich port\u00f3w.<\/p>\n<p>&#8222;Washington Post&#8221; podkre\u015bla, \u017ce dow\u00f3dztwo si\u0142 l\u0105dowych i si\u0142 powietrznych zgodzi\u0142o si\u0119 z wol\u0105 Hegsetha, aby przed\u0142u\u017cy\u0107 gotowo\u015b\u0107 swoich wojsk do wojny z Iranem, ale ka\u017cde z nich podkre\u015bli\u0142o, \u017ce wi\u0105za\u0142oby si\u0119 to ze znacznym ryzykiem.<\/p>\n<p>800 dni do wybor\u00f3w w USA. Kto pokieruje Ameryk\u0105 po Trumpie? Oto faworyci<img class=\"ods-a-photo ods-a-photo--background\" src=\"https:\/\/www.europesays.com\/pl\/wp-content\/uploads\/2026\/08\/LXak9lBaHR0cHM6Ly9vY2RuLmV1L3B1bHNjbXMvTURBXy85OTgyMThmZTcyZWZlZjc2YTA1ZGY2OTYyYjdkMmE4YS5wbmeRlQLNA.jpeg\" height=\"253\" width=\"450\" alt=\"Od lewej: Alexandria Ocasio-Cortez, J.D. Vance i Jon Ossoff\" loading=\"lazy\" fetchpriority=\"low\" decoding=\"async\"\/><\/p>\n<p>Najbardziej krytyczny mia\u0142 by\u0107 dow\u00f3dca Marynarki Wojennej adm. Daryl Caudle. Zaznaczy\u0142, \u017ce jego si\u0142y nie s\u0105 w stanie podtrzyma\u0107 obecnego poziomu wsparcia misji w Iranie, bo nie ma perspektyw jej zako\u0144czenia. Mia\u0142 te\u017c oceni\u0107, \u017ce jedynie ok. 1\/4 floty niszczycieli jest gotowa do rozmieszczenia, co wed\u0142ug rozm\u00f3wc\u00f3w gazety stanowi ostry spadek wobec stanu sprzed wojny.<\/p>\n<blockquote class=\"ods-o-quote\">\n<p class=\"ods-o-quote__paragraph\">Og\u00f3lnie rzecz bior\u0105c, dow\u00f3dztwo wojskowe stwierdzi\u0142o, \u017ce trwaj\u0105ca ju\u017c sze\u015b\u0107 miesi\u0119cy operacja w Iranie jest zbyt intensywna i trwa zbyt d\u0142ugo<\/p>\n<\/blockquote>\n<p>\u2014 podsumowa\u0142 jeden z informator\u00f3w &#8222;Washington Post&#8221;.<\/p>\n<p>Pentagon reaguje. &#8222;To zdrada si\u0142 zbrojnych&#8221;<\/p>\n<p>Na publikacj\u0119 artyku\u0142u ostro zareagowa\u0142 Pentagon, oskar\u017caj\u0105c gazet\u0119 o pope\u0142nienie przest\u0119pstwa.<\/p>\n<blockquote class=\"ods-o-quote\">\n<p class=\"ods-o-quote__paragraph\">Publikowanie \u015bci\u015ble tajnych ocen z ksi\u0105\u017cki rozkaz\u00f3w sekretarza jest przest\u0119pstwem. To zdrada si\u0142 zbrojnych. A wiele z tego, co publikuj\u0105, jest nie\u015bcis\u0142e<\/p>\n<\/blockquote>\n<p>\u2014 napisa\u0142 na platformie X rzecznik resortu Sean Parnell.<\/p>\n<p>Zapewni\u0142 przy tym, \u017ce wojsko jest &#8222;w \u015bwietnej formie na ca\u0142ym \u015bwiecie&#8221;, a dziennikarze &#8222;nienawidz\u0105 prezydenta Trumpa i sekretarza Hegsetha bardziej ni\u017c kochaj\u0105 Ameryk\u0119&#8221;.<\/p>\n","protected":false},"excerpt":{"rendered":"Jak podaje &#8222;Washington Post&#8221;, takie ostrze\u017cenie pojawi\u0142o si\u0119 w regularnie wydawanym dokumencie Secretary of Defense Orders Book (SDOB),&hellip;\n","protected":false},"author":2,"featured_media":656660,"comment_status":"","ping_status":"","sticky":false,"template":"","format":"standard","meta":{"footnotes":"","_share_on_mastodon":"0"},"categories":[14],"tags":[61195,32,33,44,27,663,34,35,28,31,48,25,46,40,41,47,80,29,30,71,26,161,82,83,84],"class_list":["post-656659","post","type-post","status-publish","format-standard","has-post-thumbnail","category-swiat","tag-bottomfeed_styl","tag-breaking-news","tag-breakingnews","tag-donald_trump","tag-headlines","tag-iran","tag-latest-news","tag-latestnews","tag-naglowki","tag-najwazniejsze-artykuly","tag-nat_styl","tag-news","tag-omp","tag-polish","tag-polski","tag-screening_general","tag-swiat","tag-top-stories","tag-topstories","tag-usa","tag-wiadomosci","tag-wojsko","tag-world","tag-world-news","tag-worldnews"],"share_on_mastodon":{"url":"https:\/\/pubeurope.com\/@pl\/117187054489471815","error":""},"_links":{"self":[{"href":"https:\/\/www.europesays.com\/pl\/wp-json\/wp\/v2\/posts\/656659","targetHints":{"allow":["GET"]}}],"collection":[{"href":"https:\/\/www.europesays.com\/pl\/wp-json\/wp\/v2\/posts"}],"about":[{"href":"https:\/\/www.europesays.com\/pl\/wp-json\/wp\/v2\/types\/post"}],"author":[{"embeddable":true,"href":"https:\/\/www.europesays.com\/pl\/wp-json\/wp\/v2\/users\/2"}],"replies":[{"embeddable":true,"href":"https:\/\/www.europesays.com\/pl\/wp-json\/wp\/v2\/comments?post=656659"}],"version-history":[{"count":0,"href":"https:\/\/www.europesays.com\/pl\/wp-json\/wp\/v2\/posts\/656659\/revisions"}],"wp:featuredmedia":[{"embeddable":true,"href":"https:\/\/www.europesays.com\/pl\/wp-json\/wp\/v2\/media\/656660"}],"wp:attachment":[{"href":"https:\/\/www.europesays.com\/pl\/wp-json\/wp\/v2\/media?parent=656659"}],"wp:term":[{"taxonomy":"category","embeddable":true,"href":"https:\/\/www.europesays.com\/pl\/wp-json\/wp\/v2\/categories?post=656659"},{"taxonomy":"post_tag","embeddable":true,"href":"https:\/\/www.europesays.com\/pl\/wp-json\/wp\/v2\/tags?post=656659"}],"curies":[{"name":"wp","href":"https:\/\/api.w.org\/{rel}","templated":true}]}}