{"id":656671,"date":"2026-08-30T23:40:13","date_gmt":"2026-08-30T23:40:13","guid":{"rendered":"https:\/\/www.europesays.com\/pl\/656671\/"},"modified":"2026-08-30T23:40:13","modified_gmt":"2026-08-30T23:40:13","slug":"frymark-bydgoski-w-osiedlu-lesnym","status":"publish","type":"post","link":"https:\/\/www.europesays.com\/pl\/656671\/","title":{"rendered":"FryMARK bydgoski w Osiedlu Le\u015bnym"},"content":{"rendered":"<p class=\"atomsHappeningContent__desc\">FryMARK bydgoski to cykliczny targ produkt\u00f3w \u017cywno\u015bciowych ekologicznych, od rolnik\u00f3w i regionalnych po\u0142\u0105czony ze sprzeda\u017c\u0105 r\u0119kodzie\u0142a. Spotykamy si\u0119 w ka\u017cd\u0105 niedziel\u0119 (z wyj\u0105tkiem \u015bwi\u0105t).<\/p>\n<p>Ponad 40 stoisk r\u00f3\u017cnorodnych wystawc\u00f3w.<br \/>Znajdziecie u nas pyszne jedzenie i wyj\u0105tkowe r\u0119kodzie\u0142o, m.in.: pieczywo, w\u0119dliny, soki i przetwory, sery z mleka krowiego i koziego, warzywa i owoce, domowe wypieki, jaja ekologiczne, oleje i oliwy, niebanalne r\u0119kodzie\u0142o, kosmetyki naturalne i wiele innych\u2026<\/p>\n","protected":false},"excerpt":{"rendered":"FryMARK bydgoski to cykliczny targ produkt\u00f3w \u017cywno\u015bciowych ekologicznych, od rolnik\u00f3w i regionalnych po\u0142\u0105czony ze sprzeda\u017c\u0105 r\u0119kodzie\u0142a. Spotykamy si\u0119&hellip;\n","protected":false},"author":2,"featured_media":656672,"comment_status":"","ping_status":"","sticky":false,"template":"","format":"standard","meta":{"footnotes":"","_share_on_mastodon":"0"},"categories":[51613],"tags":[6226,7132,10195,8775,80283,42,38,40,39,41,22920],"class_list":["post-656671","post","type-post","status-publish","format-standard","has-post-thumbnail","category-bydgoszcz","tag-bilety","tag-bydgoszcz","tag-impreza","tag-kulinaria","tag-osiedle-lesne","tag-pl","tag-poland","tag-polish","tag-polska","tag-polski","tag-wydarzenie"],"share_on_mastodon":{"url":"https:\/\/pubeurope.com\/@pl\/117187105655733585","error":""},"_links":{"self":[{"href":"https:\/\/www.europesays.com\/pl\/wp-json\/wp\/v2\/posts\/656671","targetHints":{"allow":["GET"]}}],"collection":[{"href":"https:\/\/www.europesays.com\/pl\/wp-json\/wp\/v2\/posts"}],"about":[{"href":"https:\/\/www.europesays.com\/pl\/wp-json\/wp\/v2\/types\/post"}],"author":[{"embeddable":true,"href":"https:\/\/www.europesays.com\/pl\/wp-json\/wp\/v2\/users\/2"}],"replies":[{"embeddable":true,"href":"https:\/\/www.europesays.com\/pl\/wp-json\/wp\/v2\/comments?post=656671"}],"version-history":[{"count":0,"href":"https:\/\/www.europesays.com\/pl\/wp-json\/wp\/v2\/posts\/656671\/revisions"}],"wp:featuredmedia":[{"embeddable":true,"href":"https:\/\/www.europesays.com\/pl\/wp-json\/wp\/v2\/media\/656672"}],"wp:attachment":[{"href":"https:\/\/www.europesays.com\/pl\/wp-json\/wp\/v2\/media?parent=656671"}],"wp:term":[{"taxonomy":"category","embeddable":true,"href":"https:\/\/www.europesays.com\/pl\/wp-json\/wp\/v2\/categories?post=656671"},{"taxonomy":"post_tag","embeddable":true,"href":"https:\/\/www.europesays.com\/pl\/wp-json\/wp\/v2\/tags?post=656671"}],"curies":[{"name":"wp","href":"https:\/\/api.w.org\/{rel}","templated":true}]}}