{"id":656685,"date":"2026-08-30T23:49:19","date_gmt":"2026-08-30T23:49:19","guid":{"rendered":"https:\/\/www.europesays.com\/pl\/656685\/"},"modified":"2026-08-30T23:49:19","modified_gmt":"2026-08-30T23:49:19","slug":"hamnet-w-krakowie-krakow-nasze-miasto","status":"publish","type":"post","link":"https:\/\/www.europesays.com\/pl\/656685\/","title":{"rendered":"Hamnet w Krakowie | Krak\u00f3w Nasze Miasto"},"content":{"rendered":"<p class=\"atomsHappeningContent__desc\">Opis: Maggie O\u2019Farrell w swojej powie\u015bci opisuje ch\u0142opca, kt\u00f3ry \u201ema sk\u0142onno\u015bci do wy\u015blizgiwania si\u0119 poza granice realnego, namacalnego \u015bwiata, kt\u00f3ry go otacza.\u201d Nagrodzony w 2020 roku presti\u017cow\u0105 brytyjsk\u0105 nagrod\u0105 Women\u2019s Prize for Fiction tekst, zosta\u0142 zainspirowany najs\u0142ynniejsz\u0105, a jednocze\u015bnie najbardziej enigmatyczn\u0105 sztuk\u0105 Williama Sheakspira. W latach 80. XVI wieku pewnemu ma\u0142\u017ce\u0144stwu mieszkaj\u0105cemu w Stratfordzie urodzi\u0142a si\u0119 tr\u00f3jka dzieci: najm\u0142odsza Susanna, a nast\u0119pnie bli\u017ani\u0119ta \u2013 Hamnet i Judith. Ch\u0142opiec zmar\u0142 w wieku jedenastu lat. Cztery lata p\u00f3\u017aniej jego ojciec napisa\u0142 sztuk\u0119 zatytu\u0142owan\u0105 Hamlet. Film wyre\u017cyserowany przez Chlo\u00e9 Zhao, drug\u0105 kobiet\u0119 w historii, kt\u00f3ra otrzyma\u0142a Oscara za najlepsz\u0105 re\u017cyseri\u0119 (NOMADLAND, 2021), jest wra\u017cliwym i g\u0142\u0119bokim obrazem ma\u0142\u017ce\u0144stwa, pr\u00f3buj\u0105cego ukszta\u0142towa\u0107 si\u0119 na nowo po \u015bmierci ukochanego dziecka. To historia Agnes \u2013 \u017cony Williama Sheakspeare\u2019a i jej zmaga\u0144 po stracie ukochanego syna Hamnet<br \/>a. W rolach g\u0142\u00f3wnych zjawiskowy duet irlandzkich aktor\u00f3w: Jessie Buckley oraz Paul Mescal. Producentami filmu s\u0105 Steven Spielberg i Sam Mendes, a zdj\u0119cia wykona\u0142 \u0141ukasz \u017bal. Dope\u0142nieniem ca\u0142o\u015bci jest muzyka skomponowana przez Maxa Richtera. Brytyjski HAMNET to opowie\u015b\u0107 o poszukiwaniu blisko\u015bci i sensu dalszego istnienia, mimo straty, kt\u00f3rej rany s\u0105 niemo\u017cliwe do zagojenia si\u0119. Gdzie\u015b na granicy snu i tego co realne, parafrazuj\u0105c bohater\u00f3w filmu, opowiemy Wam histori\u0119, ale tak\u0105, kt\u00f3ra Was poruszy. Film prezentowany by\u0142 w oficjalnej selekcji Toronto International Film Festival oraz BFI London Film Festival. Pierwsze pokazy w Polsce HAMNETA odbywaj\u0105 si\u0119 na British Film Festival 2025.<br \/>Tytu\u0142 oryginalny: Hamnet<br \/>Re\u017cyser: Chlo\u00e9 Zhao<br \/>Scenariusz: Chlo\u00e9 Zhao, Maggie O&#8217;Farrell<br \/>Gatunek: historyczny<br \/>Czas trwania: 125 minut<br \/>Kraj produkcji: Wielka Brytania<br \/>Rok produkcji: 2025<br \/>Muzyka: Max Richter<br \/>Zdj\u0119cia: \u0141ukasz \u017bal<br \/>Data premiery w Polsce: 2026-01-23<\/p>\n","protected":false},"excerpt":{"rendered":"Opis: Maggie O\u2019Farrell w swojej powie\u015bci opisuje ch\u0142opca, kt\u00f3ry \u201ema sk\u0142onno\u015bci do wy\u015blizgiwania si\u0119 poza granice realnego, namacalnego&hellip;\n","protected":false},"author":2,"featured_media":656686,"comment_status":"","ping_status":"","sticky":false,"template":"","format":"standard","meta":{"footnotes":"","_share_on_mastodon":"0"},"categories":[51606],"tags":[6226,68212,10195,1304,42,38,40,39,41,22920],"class_list":["post-656685","post","type-post","status-publish","format-standard","has-post-thumbnail","category-krakow","tag-bilety","tag-film-i-kino","tag-impreza","tag-krakow","tag-pl","tag-poland","tag-polish","tag-polska","tag-polski","tag-wydarzenie"],"share_on_mastodon":{"url":"https:\/\/pubeurope.com\/@pl\/117187140958479096","error":""},"_links":{"self":[{"href":"https:\/\/www.europesays.com\/pl\/wp-json\/wp\/v2\/posts\/656685","targetHints":{"allow":["GET"]}}],"collection":[{"href":"https:\/\/www.europesays.com\/pl\/wp-json\/wp\/v2\/posts"}],"about":[{"href":"https:\/\/www.europesays.com\/pl\/wp-json\/wp\/v2\/types\/post"}],"author":[{"embeddable":true,"href":"https:\/\/www.europesays.com\/pl\/wp-json\/wp\/v2\/users\/2"}],"replies":[{"embeddable":true,"href":"https:\/\/www.europesays.com\/pl\/wp-json\/wp\/v2\/comments?post=656685"}],"version-history":[{"count":0,"href":"https:\/\/www.europesays.com\/pl\/wp-json\/wp\/v2\/posts\/656685\/revisions"}],"wp:featuredmedia":[{"embeddable":true,"href":"https:\/\/www.europesays.com\/pl\/wp-json\/wp\/v2\/media\/656686"}],"wp:attachment":[{"href":"https:\/\/www.europesays.com\/pl\/wp-json\/wp\/v2\/media?parent=656685"}],"wp:term":[{"taxonomy":"category","embeddable":true,"href":"https:\/\/www.europesays.com\/pl\/wp-json\/wp\/v2\/categories?post=656685"},{"taxonomy":"post_tag","embeddable":true,"href":"https:\/\/www.europesays.com\/pl\/wp-json\/wp\/v2\/tags?post=656685"}],"curies":[{"name":"wp","href":"https:\/\/api.w.org\/{rel}","templated":true}]}}