{"id":656689,"date":"2026-08-30T23:52:52","date_gmt":"2026-08-30T23:52:52","guid":{"rendered":"https:\/\/www.europesays.com\/pl\/656689\/"},"modified":"2026-08-30T23:52:52","modified_gmt":"2026-08-30T23:52:52","slug":"wielki-boj-w-meczu-polska","status":"publish","type":"post","link":"https:\/\/www.europesays.com\/pl\/656689\/","title":{"rendered":"Wielki b\u00f3j w meczu Polska"},"content":{"rendered":"<p>Redakcja polecaSzalony mecz Polska &#8211; Niemcy w eliminacjach M\u015a<\/p>\n<p class=\"font-primary mb-8 text-lg leading-[1.55] [&amp;_a]:text-[#23437D] [&amp;_a]:underline [&amp;_a]:font-bold\">Reprezentacja Polski wysz\u0142a na spotkanie z aktualnymi mistrzami \u015bwiata bez \u017cadnych kompleks\u00f3w. Ostatnie mecze Bia\u0142o-Czerwonych by\u0142y pasmem wygranych, lecz tym razem nasza ekipa trafi\u0142a na dru\u017cyn\u0119 z najwy\u017cszej p\u00f3\u0142ki.Jako\u015b\u0107 w grze Niemc\u00f3w by\u0142o wida\u0107 od razu i niestety prze\u0142o\u017cy\u0142o si\u0119 to na wynik. Po wyr\u00f3wnanym pocz\u0105tku nasi zachodni s\u0105siedzi zdo\u0142ali odskoczy\u0107, m\u0105drze, trafiali tr\u00f3jk\u0119 za tr\u00f3jk\u0105, bardzo dobrze grali pod koszem, wykorzystywali wszystkie b\u0142\u0119dy Polak\u00f3w.<\/p>\n<p class=\"font-primary mb-8 text-lg leading-[1.55] [&amp;_a]:text-[#23437D] [&amp;_a]:underline [&amp;_a]:font-bold\">Bia\u0142o-Czerwoni z\u0142apali kontakt pod koniec drugiej kwarty, gdy zbli\u017cyli si\u0119 do rywali. Niemcy jednak po chwili s\u0142abszej gry zn\u00f3w zdo\u0142ali doskoczy\u0107. Mistrzowie utrzymywali przewag\u0119, a zawodnicy Milicicia ca\u0142y czas dawali z siebie wszystko, by z\u0142apa\u0107 kontakt. Niestety, sytuacja trudna zmieni\u0142a si\u0119 w koszmarn\u0105 w trzeciej kwarcie, kiedy to Jordan Loyd zosta\u0142 odes\u0142any do szatni przez s\u0119dzi\u00f3w. Po celnym rzucie za trzy punkty gwiazdor Bia\u0142o-Czerwonych wykona\u0142 gest, kt\u00f3ry zosta\u0142 zinterpretowany przez arbitr\u00f3w jako obra\u017aliwy w ich kierunku. Do tego uraz z\u0142apa\u0142 Aleksander Balcerowski.\u00a0<\/p>\n<p class=\"font-primary mb-8 text-lg leading-[1.55] [&amp;_a]:text-[#23437D] [&amp;_a]:underline [&amp;_a]:font-bold\">Niespodziewanie jednak Polacy, kt\u00f3rzy przegrywali 16 punktami i grali bez dw\u00f3ch wa\u017cnych zawodnik\u00f3w, zdo\u0142ali zbli\u017cy\u0107 si\u0119 do rywali na 70:72, notuj\u0105c fantastyczn\u0105 seri\u0119 tr\u00f3jek w wykonaniu Pluty i Milicicia.\u00a010 tysi\u0119cy ludzi w gda\u0144skiej Ergo Arenie ogl\u0105da\u0142o pasjonuj\u0105c\u0105 ko\u0144c\u00f3wk\u0119 na stoj\u0105co, z gard\u0142ami zdartymi od dopingu. Dwie minuty przed ko\u0144cem remisowali\u015bmy 83:83, szalenie wa\u017cny rzut za trzy przestrzeli\u0142 lider Mateusz Ponitka, ale szalona walka trwa\u0142a do samego ko\u0144ca. W ostatniej akcji meczu pope\u0142nili\u015bmy b\u0142\u0105d, lecz Niemcy r\u00f3wnie\u017c zepsuli swoj\u0105 szans\u0119 na to, by zwyci\u0119\u017cy\u0107. Wszystko mia\u0142o rozstrzygn\u0105\u0107 si\u0119 w dogrywce.\u00a0<\/p>\n<p class=\"font-primary mb-8 text-lg leading-[1.55] [&amp;_a]:text-[#23437D] [&amp;_a]:underline [&amp;_a]:font-bold\">Tam \u015bwietnie zacz\u0119li rywale, my za\u015b stracili\u015bmy Mateusza Ponitk\u0119, kt\u00f3ry wylecia\u0142 za pi\u0119\u0107 fauli. Nie przeszkodzi\u0142o to w tym, by postraszy\u0107 faworyt\u00f3w. Niestety, mimo \u015bwietnej i heroicznej gry, nie uda\u0142o si\u0119 ich pokona\u0107. Bez w\u0105tpienia jednak by\u0142o to jedno z najbardziej emocjonuj\u0105cych spotka\u0144 Bia\u0142o-Czerwonych w ostatnich latach.\u00a0\u00a0<\/p>\n<p>Polacy wci\u0105\u017c walcz\u0105 o mistrzostwa \u015bwiata<\/p>\n<p class=\"font-primary mb-8 text-lg leading-[1.55] [&amp;_a]:text-[#23437D] [&amp;_a]:underline [&amp;_a]:font-bold\">Gdyby Bia\u0142o-Czerwoni wygrali, zapewniliby sobie trzeci w historii awans na czempionat globu.\u00a0Po raz pierwszy wyst\u0105pili w nim w 1967 roku w Urugwaju (zaj\u0119li pi\u0105t\u0105 lokat\u0119), a nast\u0119pnie w 2019 roku w Chinach (\u00f3sme miejsce).\u00a0Polacy, kt\u00f3rzy w czwartek w Rydze na inauguracj\u0119 rywalizacji w drugim etapie wygrali z Izraelem 106:86, w grupie K maj\u0105 siedem triumf\u00f3w i pora\u017ck\u0119.\u00a0Niemcy, czwarty zesp\u00f3\u0142 igrzysk w Pary\u017cu, w czwartek pokonali w Kolonii Holandi\u0119 99:83 i razem z Chorwatami i Bia\u0142o-Czerwonymi legitymuj\u0105 si\u0119 bilansem 7-1. Walka o presti\u017cowy turniej wci\u0105\u017c trwa, lecz po tym, co pokazali Polacy, trudno wyobrazi\u0107 sobie t\u0119 imprez\u0119 bez nich.<\/p>\n","protected":false},"excerpt":{"rendered":"Redakcja polecaSzalony mecz Polska &#8211; Niemcy w eliminacjach M\u015a Reprezentacja Polski wysz\u0142a na spotkanie z aktualnymi mistrzami \u015bwiata&hellip;\n","protected":false},"author":2,"featured_media":656690,"comment_status":"","ping_status":"","sticky":false,"template":"","format":"standard","meta":{"footnotes":"","_share_on_mastodon":"0"},"categories":[12],"tags":[2449,42,38,40,39,41],"class_list":["post-656689","post","type-post","status-publish","format-standard","has-post-thumbnail","category-polska","tag-koszykowka","tag-pl","tag-poland","tag-polish","tag-polska","tag-polski"],"share_on_mastodon":{"url":"https:\/\/pubeurope.com\/@pl\/117187156622425701","error":""},"_links":{"self":[{"href":"https:\/\/www.europesays.com\/pl\/wp-json\/wp\/v2\/posts\/656689","targetHints":{"allow":["GET"]}}],"collection":[{"href":"https:\/\/www.europesays.com\/pl\/wp-json\/wp\/v2\/posts"}],"about":[{"href":"https:\/\/www.europesays.com\/pl\/wp-json\/wp\/v2\/types\/post"}],"author":[{"embeddable":true,"href":"https:\/\/www.europesays.com\/pl\/wp-json\/wp\/v2\/users\/2"}],"replies":[{"embeddable":true,"href":"https:\/\/www.europesays.com\/pl\/wp-json\/wp\/v2\/comments?post=656689"}],"version-history":[{"count":0,"href":"https:\/\/www.europesays.com\/pl\/wp-json\/wp\/v2\/posts\/656689\/revisions"}],"wp:featuredmedia":[{"embeddable":true,"href":"https:\/\/www.europesays.com\/pl\/wp-json\/wp\/v2\/media\/656690"}],"wp:attachment":[{"href":"https:\/\/www.europesays.com\/pl\/wp-json\/wp\/v2\/media?parent=656689"}],"wp:term":[{"taxonomy":"category","embeddable":true,"href":"https:\/\/www.europesays.com\/pl\/wp-json\/wp\/v2\/categories?post=656689"},{"taxonomy":"post_tag","embeddable":true,"href":"https:\/\/www.europesays.com\/pl\/wp-json\/wp\/v2\/tags?post=656689"}],"curies":[{"name":"wp","href":"https:\/\/api.w.org\/{rel}","templated":true}]}}