{"id":656701,"date":"2026-08-31T00:02:12","date_gmt":"2026-08-31T00:02:12","guid":{"rendered":"https:\/\/www.europesays.com\/pl\/656701\/"},"modified":"2026-08-31T00:02:12","modified_gmt":"2026-08-31T00:02:12","slug":"11-letnia-polka-zginela-na-wakacjach-w-grecji-wiadomosci-onet","status":"publish","type":"post","link":"https:\/\/www.europesays.com\/pl\/656701\/","title":{"rendered":"11-letnia Polka zgin\u0119\u0142a na wakacjach w Grecji &#8211; Wiadomo\u015bci Onet"},"content":{"rendered":"<ol>\n<li><a href=\"https:\/\/news.google.com\/rss\/articles\/CBMijgFBVV95cUxOanE2U2hEdkdvNFhKYmZmTVljMElKRERDOFNoN3d5OXc0NGxod1plb080SllPS2UtWVY1b0gwR21sbnNkMGphOHJhMUVfd250NXRQdXBWa01Rc3E5dUNIUE5SS2dub01GMG42WTFKVzZxanMzZU0xTDFXeWZRQ2NOYm51aTFLeVRYQW1HWk5B?oc=5\" target=\"_blank\" rel=\"nofollow noopener\">11-letnia Polka zgin\u0119\u0142a na wakacjach w Grecji<\/a>&nbsp;&nbsp;Wiadomo\u015bci Onet<\/li>\n<li><a href=\"https:\/\/news.google.com\/rss\/articles\/CBMivAFBVV95cUxQblB6MzNBWjNmVU9wckxrYWhnVEVFeUdQdEZpaXpSdWNNX1FxcllZSXp4WXdTRVBwRXZ0OEJfdnByY0NtOVhUNGIzZEx0NDRaU2N2bTJMVXpKdmFCQUQyOVlKMkYzbXJqUlhlMGtXckgzWm5VNEJsNHNXemVkYWs4RGdYd1o4V0ZjMjVsTzlaTFdreFlsUmoxd0RTMmFrTkc3UUh2aDNvYkhMdjZUYU5UNVFKMzAtZlV5Tndmdw?oc=5\" target=\"_blank\" rel=\"nofollow noopener\">11-letnia Polka nie \u017cyje. Jej bezw\u0142adne cia\u0142o wyci\u0105gni\u0119to z basenu na Krecie<\/a>&nbsp;&nbsp;Fakt<\/li>\n<li><a href=\"https:\/\/news.google.com\/rss\/articles\/CBMipgFBVV95cUxPWk0yS3JKbm5Jc0NvRW1OeGdTNlFBTG5JX18tSUIyNTA1UWVYeVA5dnVjWEpEM1FVS2Z5aXpGVmhpXzFOR1VMcUdDRVlXaWpTLTNnWVF3NTVIUWV0X3g3Z3BxVGFxM3RPMjZDenM2NGZQWndlOGZRdXp5bElGQjhubGpGb0lCcnZ2YkFwYXc0dmdqVzZMUU5lNmgtUWZnbEJ0d1ZfODVB?oc=5\" target=\"_blank\" rel=\"nofollow noopener\">Dramat na Krecie. W hotelowym basenie uton\u0119\u0142a 11-letnia Polka<\/a>&nbsp;&nbsp;WP Wiadomo\u015bci<\/li>\n<li><a href=\"https:\/\/news.google.com\/rss\/articles\/CBMinwFBVV95cUxPS2xBZHZTR3lYVnJmck1MMkRsdG5sdERuVi1WYVcwaDJya3ZWTG9zUnZMc2hfSGUzR3VrY0IwdTJraTk4ZVN4N1JWa19fUnRGQkpobFhRa05vVGNhX3BQdDFTNHNTUUtQekNOZEdETzZyWWxlUUZvTVZJMV9WV1dkb3NFcHB3dGNNbG1OQXRzb3BaRE9rNWhjUnpSMTUyVG8?oc=5\" target=\"_blank\" rel=\"nofollow noopener\">Tragedia na Krecie. Nie \u017cyje 11-latka z Polski<\/a>&nbsp;&nbsp;TVN24<\/li>\n<li><a href=\"https:\/\/news.google.com\/rss\/articles\/CBMiowFBVV95cUxNZWdJcmdZZTNsUi1PWWZQOE1DbzFuTjltV1NIdlpyOWlOLWpGODlZbkVSdXpJV3VXbFdjQnp0M0FWYXNJM3NkVTZud1NqSE54U3J2NzJPT3Fna2lIMkJzbjZVM0tZR1FPcjljc1VEdVlkd0pSRGhpSEZwaXFXRGJmdFlJN3FjaXotYjZHOGE3NDloejlTVHhQY0J2M2hMcDZWUGd3?oc=5\" target=\"_blank\" rel=\"nofollow noopener\">Tragedia w wakacyjnym raju. Nie \u017cyje 11-latka z Polski<\/a>&nbsp;&nbsp;PolsatNews.pl<\/li>\n<\/ol>\n","protected":false},"excerpt":{"rendered":"11-letnia Polka zgin\u0119\u0142a na wakacjach w Grecji&nbsp;&nbsp;Wiadomo\u015bci Onet 11-letnia Polka nie \u017cyje. Jej bezw\u0142adne cia\u0142o wyci\u0105gni\u0119to z basenu&hellip;\n","protected":false},"author":2,"featured_media":656702,"comment_status":"","ping_status":"","sticky":false,"template":"","format":"standard","meta":{"footnotes":"","_share_on_mastodon":"0"},"categories":[12],"tags":[61195,32,33,36,37,7835,27,19507,34,35,28,31,48,25,46,42,38,40,39,41,47,80,29,30,26],"class_list":["post-656701","post","type-post","status-publish","format-standard","has-post-thumbnail","category-polska","tag-bottomfeed_styl","tag-breaking-news","tag-breakingnews","tag-featured-news","tag-featurednews","tag-grecja","tag-headlines","tag-kreta","tag-latest-news","tag-latestnews","tag-naglowki","tag-najwazniejsze-artykuly","tag-nat_styl","tag-news","tag-omp","tag-pl","tag-poland","tag-polish","tag-polska","tag-polski","tag-screening_general","tag-swiat","tag-top-stories","tag-topstories","tag-wiadomosci"],"share_on_mastodon":{"url":"https:\/\/pubeurope.com\/@pl\/117187193331242156","error":""},"_links":{"self":[{"href":"https:\/\/www.europesays.com\/pl\/wp-json\/wp\/v2\/posts\/656701","targetHints":{"allow":["GET"]}}],"collection":[{"href":"https:\/\/www.europesays.com\/pl\/wp-json\/wp\/v2\/posts"}],"about":[{"href":"https:\/\/www.europesays.com\/pl\/wp-json\/wp\/v2\/types\/post"}],"author":[{"embeddable":true,"href":"https:\/\/www.europesays.com\/pl\/wp-json\/wp\/v2\/users\/2"}],"replies":[{"embeddable":true,"href":"https:\/\/www.europesays.com\/pl\/wp-json\/wp\/v2\/comments?post=656701"}],"version-history":[{"count":0,"href":"https:\/\/www.europesays.com\/pl\/wp-json\/wp\/v2\/posts\/656701\/revisions"}],"wp:featuredmedia":[{"embeddable":true,"href":"https:\/\/www.europesays.com\/pl\/wp-json\/wp\/v2\/media\/656702"}],"wp:attachment":[{"href":"https:\/\/www.europesays.com\/pl\/wp-json\/wp\/v2\/media?parent=656701"}],"wp:term":[{"taxonomy":"category","embeddable":true,"href":"https:\/\/www.europesays.com\/pl\/wp-json\/wp\/v2\/categories?post=656701"},{"taxonomy":"post_tag","embeddable":true,"href":"https:\/\/www.europesays.com\/pl\/wp-json\/wp\/v2\/tags?post=656701"}],"curies":[{"name":"wp","href":"https:\/\/api.w.org\/{rel}","templated":true}]}}