{"id":656725,"date":"2026-08-31T00:31:00","date_gmt":"2026-08-31T00:31:00","guid":{"rendered":"https:\/\/www.europesays.com\/pl\/656725\/"},"modified":"2026-08-31T00:31:00","modified_gmt":"2026-08-31T00:31:00","slug":"el-ms-2027-heroiczna-walka-polakow-z-niemcami","status":"publish","type":"post","link":"https:\/\/www.europesays.com\/pl\/656725\/","title":{"rendered":"El. M\u015a 2027. Heroiczna walka Polak\u00f3w z Niemcami!"},"content":{"rendered":"\n<p class=\"contentpart contentpart--default contentpart--text\" data-position=\"0\">Trwa walka o koszykarski mundial. Polacy przed sobotnim meczem z Niemcami, aktualnymi \u015bwiata, mieli w tych eliminacjach bilans 7-0. Wiedzieli, \u017ce teraz przed nimi arcytrudne zadanie. Ale podeszli do tego spotkania z otwartymi g\u0142owami. Kibice w\u00a0<a href=\"https:\/\/sportowefakty.wp.pl\/areny\/ergo-arena\" rel=\"nofollow noopener\" target=\"_blank\">Ergo Arenie<\/a>\u00a0dostali kapitalny spektakl!\u00a0<\/p>\n<p class=\"contentpart contentpart--default contentpart--text\" data-position=\"1\">Niemcy prowadzili ju\u017c r\u00f3\u017cnic\u0105&#8230; 16 punkt\u00f3w, ale w \u017caden spos\u00f3b nie zniech\u0119ci\u0142o to Bia\u0142o-Czerwonych. Polacy zdo\u0142ali odrobi\u0107 ca\u0142e straty i doprowadzi\u0107 do dogrywki! I to bez <a href=\"https:\/\/sportowefakty.wp.pl\/koszykowka\/aleksander-balcerowski\" rel=\"nofollow noopener\" target=\"_blank\">Aleksandera Balcerowskiego<\/a>, kt\u00f3ry w trakcie meczu dozna\u0142 kontuzji oraz wyrzuconego w trakcie spotkania za dwa faule techniczne\u00a0<a href=\"https:\/\/sportowefakty.wp.pl\/koszykowka\/jordan-loyd\" rel=\"nofollow noopener\" target=\"_blank\">Jordana Loyda<\/a>.<\/p>\n<p>  <img decoding=\"async\" src=\"https:\/\/v.wpimg.pl\/X3dwLnN2d1IFFTpdYUl6R0ZNbgcnEHQREVV2TGEGbUtRT2MdOlZ2RBQUKABgQjQcDRotCStBd1IAAWMeIlM7VgwYIAorQAdEFFk_GCkQJQ\" alt=\"\" width=\"45\" height=\"58\" loading=\"lazy\"\/>  <\/p>\n<p class=\"contentpart contentpart--default contentpart--text\" data-position=\"2\">ZOBACZ WIDEO: \u0141aguta chcia\u0142 zmiany przed sezonem. Teraz m\u00f3wi, co si\u0119 wydarzy\u0142o<\/p>\n<p class=\"contentpart contentpart--default contentpart--text\" data-position=\"4\">To by\u0142a heroiczna walka Polak\u00f3w. P\u00f3\u017aniej za pi\u0119\u0107 fauli parkiet musieli opu\u015bci\u0107 jeszcze <a href=\"https:\/\/sportowefakty.wp.pl\/koszykowka\/mateusz-ponitka\" rel=\"nofollow noopener\" target=\"_blank\">Mateusz Ponitka<\/a>\u00a0i <a href=\"https:\/\/sportowefakty.wp.pl\/koszykowka\/michal-sokolowski\" rel=\"nofollow noopener\" target=\"_blank\">Micha\u0142 Soko\u0142owski<\/a>, ale \u015bwietnie spisywali si\u0119 <a href=\"https:\/\/sportowefakty.wp.pl\/koszykowka\/igor-milicic-jr\" rel=\"nofollow noopener\" target=\"_blank\">Igor Milici\u0107<\/a>\u00a0Junior, <a href=\"https:\/\/sportowefakty.wp.pl\/koszykowka\/przemyslaw-zolnierewicz\" rel=\"nofollow noopener\" target=\"_blank\">Przemys\u0142aw \u017bo\u0142nierewicz<\/a>\u00a0czy <a href=\"https:\/\/sportowefakty.wp.pl\/koszykowka\/dominik-olejniczak\" rel=\"nofollow noopener\" target=\"_blank\">Dominik Olejniczak<\/a>.<\/p>\n<p class=\"contentpart contentpart--default contentpart--text\" data-position=\"5\">Bia\u0142o-Czerwoni po faulu w ataku Niemc\u00f3w mieli nawet pi\u0142k\u0119 przy wyniku 94:96 i dziewi\u0119\u0107 sekund do wykorzystania. To by\u0142a akcja na zwyci\u0119stwo. Nie uda\u0142o si\u0119 jednak odda\u0107 skutecznego rzutu i to aktualni mistrzowie \u015bwiata triumfowali w Ergo Arenie.<\/p>\n<p class=\"contentpart contentpart--default contentpart--text\" data-position=\"6\">Polakom za sobotni mecz i tak nale\u017c\u0105 si\u0119 olbrzymie brawa. Rywalizowali z Niemcami, maj\u0105cymi w sk\u0142adzie zawodnik\u00f3w <a href=\"https:\/\/sportowefakty.wp.pl\/koszykowka\/nba\" rel=\"nofollow noopener\" target=\"_blank\">NBA<\/a>, jak r\u00f3wny z r\u00f3wnym. Ponitka rzuci\u0142 20 punkt\u00f3w i mia\u0142 osiem zbi\u00f3rek oraz pi\u0119\u0107 asyst. Loyd w 23 minuty wywalczy\u0142 16 oczek. Milici\u0107, syn selekcjonera kadry, doda\u0142 18 punkt\u00f3w i osiem zbi\u00f3rek w 38 minut.<\/p>\n<p>  <img decoding=\"async\" src=\"https:\/\/v.wpimg.pl\/X3dwLnN2d1IFFTpdYUl6R0ZNbgcnEHQREVV2TGEGbUtRT2MdOlZ2RBQUKABgQjQcDRotCStBd1IAAWMeIlM7VgwYIAorQAdEFFk_GCkQJQ\" alt=\"\" width=\"45\" height=\"58\" loading=\"lazy\"\/>  <\/p>\n<p class=\"contentpart contentpart--default contentpart--text\" data-position=\"7\">Je\u015bli chodzi o Niemc\u00f3w 18 oczek i pi\u0119\u0107 asyst zapisa\u0142 przy swoim nazwisku <a href=\"https:\/\/sportowefakty.wp.pl\/koszykowka\/dennis-schroder\" rel=\"nofollow noopener\" target=\"_blank\">Dennis Schroder<\/a>. Johannes Thiemann mia\u0142 double-double (14 punkt\u00f3w, 12 zbi\u00f3rek).<\/p>\n<p class=\"contentpart contentpart--default contentpart--text\" data-position=\"8\">Polacy w eliminacjach do mistrzostw \u015bwiata 2027 w Katarze maj\u0105 aktualnie bilans 7-1 i s\u0105 na najlepszej drodze, aby wywalczy\u0107 sobie awans.\u00a0<\/p>\n<p class=\"contentpart contentpart--default contentpart--text\" data-position=\"9\">Wynik:<\/p>\n<p class=\"contentpart contentpart--default contentpart--text\" data-position=\"10\"><a href=\"https:\/\/sportowefakty.wp.pl\/polska\" rel=\"nofollow noopener\" target=\"_blank\">Polska<\/a>\u00a0&#8211; <a href=\"https:\/\/sportowefakty.wp.pl\/niemcy\" rel=\"nofollow noopener\" target=\"_blank\">Niemcy<\/a>\u00a094:96 po dogrywce (15:28, 16:13, 27:29, 25:13, 11:13)<\/p>\n<p class=\"contentpart contentpart--default contentpart--text\" data-position=\"11\">Polska:\u00a0Ponitka 20, Milici\u0107 Jr. 18, Loyd 16, Pluta 14, Olejniczak 12, Soko\u0142owski 5, Balcerowski 4, \u017bo\u0142nierewicz 4, \u0141\u0105czy\u0144ski 1, Pi\u015bla 0, Zyskowski 0, Zapa\u0142a 0.<\/p>\n<p>  <img decoding=\"async\" src=\"https:\/\/v.wpimg.pl\/X3dwLnN2d1IFFTpdYUl6R0ZNbgcnEHQREVV2TGEGbUtRT2MdOlZ2RBQUKABgQjQcDRotCStBd1IAAWMeIlM7VgwYIAorQAdEFFk_GCkQJQ\" alt=\"\" width=\"45\" height=\"58\" loading=\"lazy\"\/>  <\/p>\n<p class=\"contentpart contentpart--default contentpart--text\" data-position=\"12\">Niemcy:\u00a0Schroder 18, Thiemann 14, Lo 13, Bonga 10, T. da Silva 9, Olinde 8, Theis 7, O. Da Silva 6, Delow 6, Kramer 5, Bruhnke 0.<\/p>\n","protected":false},"excerpt":{"rendered":"Trwa walka o koszykarski mundial. Polacy przed sobotnim meczem z Niemcami, aktualnymi \u015bwiata, mieli w tych eliminacjach bilans&hellip;\n","protected":false},"author":2,"featured_media":656726,"comment_status":"","ping_status":"","sticky":false,"template":"","format":"standard","meta":{"footnotes":"","_share_on_mastodon":"0"},"categories":[12],"tags":[18873,2449,114484,295,42,38,40,39,41,539],"class_list":["post-656725","post","type-post","status-publish","format-standard","has-post-thumbnail","category-polska","tag-basket-w-europie","tag-koszykowka","tag-mateusz-ponitka","tag-niemcy","tag-pl","tag-poland","tag-polish","tag-polska","tag-polski","tag-reprezentacje"],"share_on_mastodon":{"url":"https:\/\/pubeurope.com\/@pl\/117187306607839151","error":""},"_links":{"self":[{"href":"https:\/\/www.europesays.com\/pl\/wp-json\/wp\/v2\/posts\/656725","targetHints":{"allow":["GET"]}}],"collection":[{"href":"https:\/\/www.europesays.com\/pl\/wp-json\/wp\/v2\/posts"}],"about":[{"href":"https:\/\/www.europesays.com\/pl\/wp-json\/wp\/v2\/types\/post"}],"author":[{"embeddable":true,"href":"https:\/\/www.europesays.com\/pl\/wp-json\/wp\/v2\/users\/2"}],"replies":[{"embeddable":true,"href":"https:\/\/www.europesays.com\/pl\/wp-json\/wp\/v2\/comments?post=656725"}],"version-history":[{"count":0,"href":"https:\/\/www.europesays.com\/pl\/wp-json\/wp\/v2\/posts\/656725\/revisions"}],"wp:featuredmedia":[{"embeddable":true,"href":"https:\/\/www.europesays.com\/pl\/wp-json\/wp\/v2\/media\/656726"}],"wp:attachment":[{"href":"https:\/\/www.europesays.com\/pl\/wp-json\/wp\/v2\/media?parent=656725"}],"wp:term":[{"taxonomy":"category","embeddable":true,"href":"https:\/\/www.europesays.com\/pl\/wp-json\/wp\/v2\/categories?post=656725"},{"taxonomy":"post_tag","embeddable":true,"href":"https:\/\/www.europesays.com\/pl\/wp-json\/wp\/v2\/tags?post=656725"}],"curies":[{"name":"wp","href":"https:\/\/api.w.org\/{rel}","templated":true}]}}