{"id":656753,"date":"2026-08-31T00:52:09","date_gmt":"2026-08-31T00:52:09","guid":{"rendered":"https:\/\/www.europesays.com\/pl\/656753\/"},"modified":"2026-08-31T00:52:09","modified_gmt":"2026-08-31T00:52:09","slug":"warsztaty-dla-dzieci-ceramika-dla-kazdego-w-bydgoszczy-3","status":"publish","type":"post","link":"https:\/\/www.europesays.com\/pl\/656753\/","title":{"rendered":"Warsztaty dla dzieci &#8222;Ceramika dla Ka\u017cdego&#8221; w Bydgoszczy"},"content":{"rendered":"<p class=\"atomsHappeningContent__desc\">Dzieci wraz z opiekunami pracuj\u0105 w glinie, w materiale, kt\u00f3ry jest bardzo plastyczny i przyjazny, a po wypaleniu trwa\u0142y. Poznaj\u0105 tak\u017ce techniki formowania prostych form u\u017cytkowych. Wypalone prace s\u0105 malowane i zabierane do domu. Na zaj\u0119ciach powstaj\u0105 figurki, p\u0142askorze\u017aby, a tak\u017ce formy u\u017cytkowe jak kubki, doniczki czy wazony. Czas trwania zaj\u0119\u0107: 1 godzina zegarowa.<\/p>\n","protected":false},"excerpt":{"rendered":"Dzieci wraz z opiekunami pracuj\u0105 w glinie, w materiale, kt\u00f3ry jest bardzo plastyczny i przyjazny, a po wypaleniu&hellip;\n","protected":false},"author":2,"featured_media":656754,"comment_status":"","ping_status":"","sticky":false,"template":"","format":"standard","meta":{"footnotes":"","_share_on_mastodon":"0"},"categories":[51613],"tags":[6226,7132,10195,42,38,40,39,41,67137,22920],"class_list":["post-656753","post","type-post","status-publish","format-standard","has-post-thumbnail","category-bydgoszcz","tag-bilety","tag-bydgoszcz","tag-impreza","tag-pl","tag-poland","tag-polish","tag-polska","tag-polski","tag-wydarzenia-dla-dzieci","tag-wydarzenie"],"share_on_mastodon":{"url":"https:\/\/pubeurope.com\/@pl\/117187388630645513","error":""},"_links":{"self":[{"href":"https:\/\/www.europesays.com\/pl\/wp-json\/wp\/v2\/posts\/656753","targetHints":{"allow":["GET"]}}],"collection":[{"href":"https:\/\/www.europesays.com\/pl\/wp-json\/wp\/v2\/posts"}],"about":[{"href":"https:\/\/www.europesays.com\/pl\/wp-json\/wp\/v2\/types\/post"}],"author":[{"embeddable":true,"href":"https:\/\/www.europesays.com\/pl\/wp-json\/wp\/v2\/users\/2"}],"replies":[{"embeddable":true,"href":"https:\/\/www.europesays.com\/pl\/wp-json\/wp\/v2\/comments?post=656753"}],"version-history":[{"count":0,"href":"https:\/\/www.europesays.com\/pl\/wp-json\/wp\/v2\/posts\/656753\/revisions"}],"wp:featuredmedia":[{"embeddable":true,"href":"https:\/\/www.europesays.com\/pl\/wp-json\/wp\/v2\/media\/656754"}],"wp:attachment":[{"href":"https:\/\/www.europesays.com\/pl\/wp-json\/wp\/v2\/media?parent=656753"}],"wp:term":[{"taxonomy":"category","embeddable":true,"href":"https:\/\/www.europesays.com\/pl\/wp-json\/wp\/v2\/categories?post=656753"},{"taxonomy":"post_tag","embeddable":true,"href":"https:\/\/www.europesays.com\/pl\/wp-json\/wp\/v2\/tags?post=656753"}],"curies":[{"name":"wp","href":"https:\/\/api.w.org\/{rel}","templated":true}]}}