{"id":656757,"date":"2026-08-31T00:54:41","date_gmt":"2026-08-31T00:54:41","guid":{"rendered":"https:\/\/www.europesays.com\/pl\/656757\/"},"modified":"2026-08-31T00:54:41","modified_gmt":"2026-08-31T00:54:41","slug":"karol-angielski-oficjalnie-odchodzi-z-pogoni-szczecin","status":"publish","type":"post","link":"https:\/\/www.europesays.com\/pl\/656757\/","title":{"rendered":"Karol Angielski oficjalnie odchodzi z Pogoni Szczecin!"},"content":{"rendered":"<p class=\"wp-block-paragraph\">Potwierdzi\u0142y si\u0119 wczorajsze medialne doniesienia! Pogo\u0144 Szczecin oficjalnie og\u0142osi\u0142a, \u017ce\u00a0Karol Angielski odchodzi z\u00a0Dumy Pomorza! Kontrakt z\u00a0napastnikiem zosta\u0142 rozwi\u0105zany za\u00a0porozumieniem stron!<\/p>\n<p class=\"wp-block-paragraph\">Angielski do\u0142\u0105czy\u0142 do\u00a0zespo\u0142u Portowc\u00f3w pod\u00a0koniec stycznia tego roku. W\u00a0granatowo-bordowych barwach rozegra\u0142 \u0142\u0105cznie 11 mecz\u00f3w, w\u00a0kt\u00f3rych\u00a0strzeli\u0142 1 gola. Jego nowym klubem najpewniej b\u0119dzie cypryjska\u00a0Nea Salamina Famagusta (wi\u0119cej o\u00a0tym pisali\u015bmy <a href=\"https:\/\/pogon24.info\/napastnik-blisko-odejscia-z-pogoni-szczecin\/\" data-type=\"link\" data-id=\"https:\/\/pogon24.info\/napastnik-blisko-odejscia-z-pogoni-szczecin\/\" rel=\"nofollow noopener\" target=\"_blank\">tutaj<\/a>).<\/p>\n<p class=\"wp-block-paragraph\">Karolu! Serdecznie dzi\u0119kujemy za\u00a0wszystkie wyst\u0119py i\u00a0za\u00a0wszystko, co\u00a0zrobi\u0142e\u015b dla Pogoni Szczecin! \u017byczymy Ci\u00a0powodzenia w\u00a0dalszej karierze pi\u0142karskiej!<\/p>\n<p class=\"wp-block-paragraph\">\u017ar\u00f3d\u0142o: <a href=\"https:\/\/pogonszczecin.pl\/w\/karol-angielski-%C5%BCegna-si%C4%99-z-pogoni%C4%85-szczecin\" data-type=\"link\" data-id=\"https:\/\/pogonszczecin.pl\/w\/karol-angielski-%C5%BCegna-si%C4%99-z-pogoni%C4%85-szczecin\" rel=\"nofollow noopener\" target=\"_blank\">Pogo\u0144 Szczecin SA<\/a><\/p>\n<p class=\"wp-block-yoast-seo-estimated-reading-time yoast-reading-time__wrapper\">1 minuta<\/p>\n<p class=\"p24-last-updated\">Ostatnia aktualizacja: 30\/08\/2026<\/p>\n<p>Wy\u015bwietle\u0144:  37<\/p>\n<p><img loading=\"lazy\" decoding=\"async\" alt=\"Avatar photo\" src=\"https:\/\/www.europesays.com\/pl\/wp-content\/uploads\/2026\/08\/1788137681_315_411997b8e6057b4340773c01ccc226b2x120.jpg\"  class=\"avatar avatar-120 photo lazyload\" height=\"120\" width=\"120\" style=\"--smush-placeholder-width: 120px; --smush-placeholder-aspect-ratio: 120\/120;\" data-\/>Damian Sosna<\/p>\n<p>Redaktor\/dziennikarz portalu Pogo\u0144 24.info. Kibic Pogoni Szczecin i\u00a0pasjonat pi\u0142ki no\u017cnej.<\/p>\n<p>            \u00a0 <a href=\"https:\/\/pogon24.info\/tag\/informacje\/\" rel=\"tag nofollow noopener\" target=\"_blank\">Informacje<\/a>, <a href=\"https:\/\/pogon24.info\/tag\/karol-angielski\/\" rel=\"tag nofollow noopener\" target=\"_blank\">Karol Angielski<\/a>, <a href=\"https:\/\/pogon24.info\/tag\/klub\/\" rel=\"tag nofollow noopener\" target=\"_blank\">Klub<\/a>, <a href=\"https:\/\/pogon24.info\/tag\/komunikat\/\" rel=\"tag nofollow noopener\" target=\"_blank\">Komunikat<\/a>, <a href=\"https:\/\/pogon24.info\/tag\/odejscie\/\" rel=\"tag nofollow noopener\" target=\"_blank\">Odej\u015bcie<\/a>, <a href=\"https:\/\/pogon24.info\/tag\/i-zespol\/\" rel=\"tag nofollow noopener\" target=\"_blank\">Pierwszy zesp\u00f3\u0142<\/a><\/p>\n","protected":false},"excerpt":{"rendered":"Potwierdzi\u0142y si\u0119 wczorajsze medialne doniesienia! Pogo\u0144 Szczecin oficjalnie og\u0142osi\u0142a, \u017ce\u00a0Karol Angielski odchodzi z\u00a0Dumy Pomorza! Kontrakt z\u00a0napastnikiem zosta\u0142 rozwi\u0105zany&hellip;\n","protected":false},"author":2,"featured_media":656758,"comment_status":"","ping_status":"","sticky":false,"template":"","format":"standard","meta":{"footnotes":"","_share_on_mastodon":"0"},"categories":[51611],"tags":[399,21027,10824,12239,11173,82175,42,38,40,39,41,2307],"class_list":["post-656757","post","type-post","status-publish","format-standard","has-post-thumbnail","category-szczecin","tag-informacje","tag-karol-angielski","tag-klub","tag-komunikat","tag-odejscie","tag-pierwszy-zespol","tag-pl","tag-poland","tag-polish","tag-polska","tag-polski","tag-szczecin"],"share_on_mastodon":{"url":"https:\/\/pubeurope.com\/@pl\/117187397553552086","error":""},"_links":{"self":[{"href":"https:\/\/www.europesays.com\/pl\/wp-json\/wp\/v2\/posts\/656757","targetHints":{"allow":["GET"]}}],"collection":[{"href":"https:\/\/www.europesays.com\/pl\/wp-json\/wp\/v2\/posts"}],"about":[{"href":"https:\/\/www.europesays.com\/pl\/wp-json\/wp\/v2\/types\/post"}],"author":[{"embeddable":true,"href":"https:\/\/www.europesays.com\/pl\/wp-json\/wp\/v2\/users\/2"}],"replies":[{"embeddable":true,"href":"https:\/\/www.europesays.com\/pl\/wp-json\/wp\/v2\/comments?post=656757"}],"version-history":[{"count":0,"href":"https:\/\/www.europesays.com\/pl\/wp-json\/wp\/v2\/posts\/656757\/revisions"}],"wp:featuredmedia":[{"embeddable":true,"href":"https:\/\/www.europesays.com\/pl\/wp-json\/wp\/v2\/media\/656758"}],"wp:attachment":[{"href":"https:\/\/www.europesays.com\/pl\/wp-json\/wp\/v2\/media?parent=656757"}],"wp:term":[{"taxonomy":"category","embeddable":true,"href":"https:\/\/www.europesays.com\/pl\/wp-json\/wp\/v2\/categories?post=656757"},{"taxonomy":"post_tag","embeddable":true,"href":"https:\/\/www.europesays.com\/pl\/wp-json\/wp\/v2\/tags?post=656757"}],"curies":[{"name":"wp","href":"https:\/\/api.w.org\/{rel}","templated":true}]}}