{"id":656775,"date":"2026-08-31T01:11:17","date_gmt":"2026-08-31T01:11:17","guid":{"rendered":"https:\/\/www.europesays.com\/pl\/656775\/"},"modified":"2026-08-31T01:11:17","modified_gmt":"2026-08-31T01:11:17","slug":"michelle-obama-o-macierzynstwie-nie-kazdy-rodzic-sie-zgodzi","status":"publish","type":"post","link":"https:\/\/www.europesays.com\/pl\/656775\/","title":{"rendered":"Michelle Obama o macierzy\u0144stwie. Nie ka\u017cdy rodzic si\u0119 zgodzi"},"content":{"rendered":"<p>Podczas jednego z odcink\u00f3w podcastu &#8222;IMO&#8221;, kt\u00f3ry prowadzi razem ze swoim bratem Craigiem Robinsonem, Michelle Obama rozmawia\u0142a z Jonem Stewartem o rodzicielstwie i \u017cyciu po wyprowadzce dzieci z domu. Kiedy rozmowa zesz\u0142a na temat syndromu &#8222;pustego gniazda&#8221;, by\u0142a pierwsza dama odpowiedzia\u0142a bez ogr\u00f3dek.<\/p>\n<p>Dalszy ci\u0105g artyku\u0142u pod materia\u0142em wideo<\/p>\n<p>&#8222;Nie t\u0119skni\u0119 za nimi&#8221; \u2014 powiedzia\u0142a ze \u015bmiechem, po czym szybko doda\u0142a, \u017ce ju\u017c tego samego wieczoru spotka si\u0119 z c\u00f3rkami na kolacji. Michelle podkre\u015bli\u0142a, \u017ce jej s\u0142owa nie oznaczaj\u0105 braku blisko\u015bci z Mali\u0105 i Sash\u0105. Wr\u0119cz przeciwnie. Jak wyja\u015bni\u0142a, przez lata sp\u0119dzi\u0142a z nimi tyle czasu, \u017ce dzi\u015b doskonale je zna i cieszy si\u0119, obserwuj\u0105c, jak buduj\u0105 w\u0142asne \u017cycie.<\/p>\n<p>Znacznie bardziej emocjonalnie do wyprowadzki c\u00f3rek mia\u0142 podej\u015b\u0107 Barack Obama. Michelle zdradzi\u0142a, \u017ce by\u0142y prezydent USA nie kry\u0142 wzruszenia, gdy Malia i Sasha wyje\u017cd\u017ca\u0142y na studia. &#8222;Barack p\u0142aka\u0142, kiedy posz\u0142y na studia. Ja by\u0142am raczej: \u00bbPa, pa\u00ab&#8221; \u2014 \u017cartowa\u0142a. Dzi\u015b Malia ma 28 lat i rozwija karier\u0119 filmow\u0105, natomiast 25-letnia Sasha uko\u0144czy\u0142a studia na Uniwersytecie Po\u0142udniowej Kalifornii. Obie od lat prowadz\u0105 ju\u017c samodzielne \u017cycie poza domem rodzic\u00f3w.<\/p>\n<p>&#8222;Pi\u0105tkowe wieczory nie s\u0105 ju\u017c pe\u0142ne strachu&#8221;<\/p>\n<p>Michelle Obama przyzna\u0142a, \u017ce jednym z powod\u00f3w, dla kt\u00f3rych dobrze odnalaz\u0142a si\u0119 w roli &#8222;pustego gniazda&#8221;, jest spok\u00f3j, jaki pojawi\u0142 si\u0119 w jej codzienno\u015bci. &#8222;Pi\u0105tkowe wieczory nie s\u0105 ju\u017c pe\u0142ne l\u0119ku i zastanawiania si\u0119: \u00bbGdzie jeste\u015b? Co robisz?\u00ab&#8221; \u2014 powiedzia\u0142a. Jak doda\u0142a, z ogromn\u0105 satysfakcj\u0105 obserwuje &#8222;emancypacj\u0119 i rozw\u00f3j&#8221; swoich c\u00f3rek.<\/p>\n<p>By\u0142a pierwsza dama podkre\u015bli\u0142a r\u00f3wnie\u017c, \u017ce po latach podporz\u0105dkowywania \u017cycia obowi\u0105zkom rodzicielskim czerpie przyjemno\u015b\u0107 z mo\u017cliwo\u015bci samodzielnego planowania w\u0142asnego czasu. &#8222;Kocham sw\u00f3j harmonogram. Mam \u015bwietny plan dnia i nale\u017cy on wy\u0142\u0105cznie do mnie&#8221; \u2014 stwierdzi\u0142a.<\/p>\n<p>Cho\u0107 cz\u0119\u015b\u0107 rodzic\u00f3w przyzna\u0142a, \u017ce doskonale rozumie jej punkt widzenia, nie wszyscy podeszli do wyznania z takim samym entuzjazmem. W mediach spo\u0142eczno\u015bciowych szybko pojawi\u0142y si\u0119 komentarze os\u00f3b, kt\u00f3re twierdzi\u0142y, \u017ce nigdy nie przesta\u0142yby t\u0119skni\u0107 za dzie\u0107mi po ich wyprowadzce.<\/p>\n<p>Polecamy:<\/p>\n<p class=\"ods-o-frame-in-text__paragraph\">Harry wraca do Wielkiej Brytanii. Sussexowie szukaj\u0105 luksusowej posiad\u0142o\u015bci. Wi\u0119cej na ten temat przeczytasz <a href=\"https:\/\/kobieta.onet.pl\/celebryci\/harry-i-meghan-markle-szukaja-domu-w-cotswolds-nowy-poczatek-na-wyspach\/t84veps?tpcc=202608_bloczek_LS\" id=\"cc8fb74e-9fa4-41ad-b14c-6068a0753bc5\" rel=\"nofollow noopener\" target=\"_blank\">TUTAJ<\/a><\/p>\n<p><img class=\"ods-a-photo ods-a-photo--background\" src=\"https:\/\/www.europesays.com\/pl\/wp-content\/uploads\/2026\/08\/8z5k9lBaHR0cHM6Ly9vY2RuLmV1L3B1bHNjbXMvTURBXy9jMTJkZTUyMmQ2YTg1NWQ3YjNlMGVkOWZmZjVlZmE1YS5qcGeRlQLNA.jpeg\" height=\"300\" width=\"450\" alt=\"Harry i Meghan\" loading=\"lazy\" fetchpriority=\"low\" decoding=\"async\"\/><\/p>\n","protected":false},"excerpt":{"rendered":"Podczas jednego z odcink\u00f3w podcastu &#8222;IMO&#8221;, kt\u00f3ry prowadzi razem ze swoim bratem Craigiem Robinsonem, Michelle Obama rozmawia\u0142a z&hellip;\n","protected":false},"author":2,"featured_media":656776,"comment_status":"","ping_status":"","sticky":false,"template":"","format":"standard","meta":{"footnotes":"","_share_on_mastodon":"0"},"categories":[22],"tags":[2113,61195,1942,1264,122,5868,48,46,42,38,40,39,41,3114,123,47,71],"class_list":["post-656775","post","type-post","status-publish","format-standard","has-post-thumbnail","category-rozrywka","tag-barack_obama","tag-bottomfeed_styl","tag-celebryci","tag-dzieci","tag-entertainment","tag-michelle_obama","tag-nat_styl","tag-omp","tag-pl","tag-poland","tag-polish","tag-polska","tag-polski","tag-rodzice","tag-rozrywka","tag-screening_general","tag-usa"],"share_on_mastodon":{"url":"https:\/\/pubeurope.com\/@pl\/117187464311870481","error":""},"_links":{"self":[{"href":"https:\/\/www.europesays.com\/pl\/wp-json\/wp\/v2\/posts\/656775","targetHints":{"allow":["GET"]}}],"collection":[{"href":"https:\/\/www.europesays.com\/pl\/wp-json\/wp\/v2\/posts"}],"about":[{"href":"https:\/\/www.europesays.com\/pl\/wp-json\/wp\/v2\/types\/post"}],"author":[{"embeddable":true,"href":"https:\/\/www.europesays.com\/pl\/wp-json\/wp\/v2\/users\/2"}],"replies":[{"embeddable":true,"href":"https:\/\/www.europesays.com\/pl\/wp-json\/wp\/v2\/comments?post=656775"}],"version-history":[{"count":0,"href":"https:\/\/www.europesays.com\/pl\/wp-json\/wp\/v2\/posts\/656775\/revisions"}],"wp:featuredmedia":[{"embeddable":true,"href":"https:\/\/www.europesays.com\/pl\/wp-json\/wp\/v2\/media\/656776"}],"wp:attachment":[{"href":"https:\/\/www.europesays.com\/pl\/wp-json\/wp\/v2\/media?parent=656775"}],"wp:term":[{"taxonomy":"category","embeddable":true,"href":"https:\/\/www.europesays.com\/pl\/wp-json\/wp\/v2\/categories?post=656775"},{"taxonomy":"post_tag","embeddable":true,"href":"https:\/\/www.europesays.com\/pl\/wp-json\/wp\/v2\/tags?post=656775"}],"curies":[{"name":"wp","href":"https:\/\/api.w.org\/{rel}","templated":true}]}}