{"id":656785,"date":"2026-08-31T01:17:16","date_gmt":"2026-08-31T01:17:16","guid":{"rendered":"https:\/\/www.europesays.com\/pl\/656785\/"},"modified":"2026-08-31T01:17:16","modified_gmt":"2026-08-31T01:17:16","slug":"pierwsza-rozstawiona-juz-poza-us-open-mocne-wejscie-peguli","status":"publish","type":"post","link":"https:\/\/www.europesays.com\/pl\/656785\/","title":{"rendered":"Pierwsza rozstawiona ju\u017c poza US Open. Mocne wej\u015bcie Peguli"},"content":{"rendered":"\n<p class=\"contentpart contentpart--default contentpart--text\" data-position=\"0\">Niedzielna przynios\u0142a pocz\u0105tek rywalizacji na kortach <a href=\"https:\/\/sportowefakty.wp.pl\/tenis\/us-open\" rel=\"nofollow noopener\" target=\"_blank\">US Open<\/a>.\u00a0<a href=\"https:\/\/sportowefakty.wp.pl\/tenis\/barbora-krejcikova\" rel=\"nofollow noopener\" target=\"_blank\">Barbora Krejcikova<\/a>, kt\u00f3ra zosta\u0142a rozstawiona z numerem 27., w pierwszej rundzie zmierzy\u0142a si\u0119 z <a href=\"https:\/\/sportowefakty.wp.pl\/tenis\/kamila-rachimowa\" rel=\"nofollow noopener\" target=\"_blank\">Kamill\u0105 Rachimow\u0105<\/a>. Premierowa ods\u0142ona dostarczy\u0142a sporo emocji i walki, kt\u00f3ra doprowadzi\u0142a do tie-breaka. W nim lepiej spisa\u0142a si\u0119 reprezentantka Uzbekistanu, kt\u00f3ra wygra\u0142a 7-4.<\/p>\n<p class=\"contentpart contentpart--default contentpart--text\" data-position=\"1\">Rachimowa rozpocz\u0119\u0142a drug\u0105 parti\u0119 od prze\u0142amania. Cho\u0107 Krejcikova nie zosta\u0142a jej d\u0142u\u017cna i od razu odrobi\u0142a strat\u0119, p\u00f3\u017aniej nie zdo\u0142a\u0142a zbyt wiele zdzia\u0142a\u0107. Uzbeczka przej\u0119\u0142a kontrol\u0119 na korcie i wygra\u0142a pi\u0119\u0107 gem\u00f3w z rz\u0119du, notuj\u0105c dwa prze\u0142amania. Dzi\u0119ki temu sprawi\u0142a pierwsz\u0105 niespodziank\u0119 w kobiecym turnieju w Nowym Jorku.<\/p>\n<p>  <img decoding=\"async\" src=\"https:\/\/v.wpimg.pl\/X3dwLnN2d1IFFTpdYUl6R0ZNbgcnEHQREVV2TGEGbUtRT2MdOlZ2RBQUKABgQjQcDRotCStBd1IAAWMeIlM7VgwYIAorQAdEFFk_GCkQJQ\" alt=\"\" width=\"45\" height=\"58\" loading=\"lazy\"\/>  <\/p>\n<p class=\"contentpart contentpart--default contentpart--text\" data-position=\"2\">ZOBACZ WIDEO: Legenda tenisa o \u015awi\u0105tek: Gra ju\u017c naprawd\u0119 dobrze. Ale czy tyle w US Open wystarczy? Nie<\/p>\n<p class=\"contentpart contentpart--default contentpart--text\" data-position=\"4\">Zmagania na Arthur Ashe Stadium bardzo udanie rozpocz\u0119\u0142a z kolei\u00a0<a href=\"https:\/\/sportowefakty.wp.pl\/tenis\/jessica-pegula\" rel=\"nofollow noopener\" target=\"_blank\">Jessica Pegula<\/a>. Finalistka niedawnych zmaga\u0144 w Cincinnati w meczu otwarcia trafi\u0142a na <a href=\"https:\/\/sportowefakty.wp.pl\/tenis\/elena-gabriela-ruse\" rel=\"nofollow noopener\" target=\"_blank\">Elen\u0119-Gabriel\u0119 Ruse<\/a>\u00a0i by\u0142a zdecydowan\u0105 faworytk\u0105 do zwyci\u0119stwa.<\/p>\n<p class=\"contentpart contentpart--default contentpart--text\" data-position=\"5\">Zawodniczka gospodarzy pocz\u0105tkowo natrafi\u0142a na op\u00f3r rywalki. Cho\u0107 Amerykanka w trzecim gemie mia\u0142a a\u017c osiem break point\u00f3w, Rumunka wybroni\u0142a si\u0119 przed strat\u0105 podania. Mniej szcz\u0119\u015bcia Ruse mia\u0142a w kolejnym gemie serwisowym. Pegula wypracowa\u0142a przewag\u0119 prze\u0142amania, kt\u00f3re zanotowa\u0142a te\u017c na koniec ods\u0142ony, kt\u00f3r\u0105 wygra\u0142a 6:3.<\/p>\n<p class=\"contentpart contentpart--default contentpart--text\" data-position=\"6\">Otwarcie drugiej partii r\u00f3wnie\u017c by\u0142o wyr\u00f3wnane, ale tylko do stanu 2:2. Od tego momentu na korcie istnia\u0142a ju\u017c tylko Pegula. Rozstawiona z &#8222;tr\u00f3jk\u0105&#8221; faworytka gospodarzy wygra\u0142a cztery gemy z rz\u0119du, triumfuj\u0105c 6:2 i pewnie melduj\u0105c si\u0119 w drugiej rundzie zmaga\u0144 w Nowym Jorku.<\/p>\n<p>  <img decoding=\"async\" src=\"https:\/\/v.wpimg.pl\/X3dwLnN2d1IFFTpdYUl6R0ZNbgcnEHQREVV2TGEGbUtRT2MdOlZ2RBQUKABgQjQcDRotCStBd1IAAWMeIlM7VgwYIAorQAdEFFk_GCkQJQ\" alt=\"\" width=\"45\" height=\"58\" loading=\"lazy\"\/>  <\/p>\n<p class=\"contentpart contentpart--default contentpart--text\" data-position=\"7\"><a href=\"https:\/\/sportowefakty.wp.pl\/tenis\/us-open\" rel=\"nofollow noopener\" target=\"_blank\">US Open<\/a>, Nowy Jork (USA)<br \/>Wielki Szlem, kort twardy, pula nagr\u00f3d 108 mln dolar\u00f3w<br \/>niedziela, 30 sierpnia<\/p>\n<p class=\"contentpart contentpart--default contentpart--text\" data-position=\"8\">I runda gry pojedynczej:<\/p>\n<p class=\"contentpart contentpart--default contentpart--text\" data-position=\"9\">Donna Veki\u0107 (Chorwacja) &#8211; Talia Gibson (Australia) 6:2, 4:6, 6:3<br \/>Jasmine Paolini (W\u0142ochy, 19) &#8211; Veronika Erjavec (S\u0142owenia) 6:3, 3:6, 6:4<br \/>Kamilla Rachimowa (Uzbekistan) &#8211; Barbora Krejcikova (Czechy, 27) 7:6(4), 6:2<br \/>Polina Jacenko (LL) &#8211; Renata Zarazua (Meksyk) 4:6, 6:4, 7:6(7)<br \/>Jessica Pegula (USA, 3) &#8211; Elena-Gabriela Ruse (Rumunia) 6:3, 6:2<\/p>\n","protected":false},"excerpt":{"rendered":"Niedzielna przynios\u0142a pocz\u0105tek rywalizacji na kortach US Open.\u00a0Barbora Krejcikova, kt\u00f3ra zosta\u0142a rozstawiona z numerem 27., w pierwszej rundzie&hellip;\n","protected":false},"author":2,"featured_media":656786,"comment_status":"","ping_status":"","sticky":false,"template":"","format":"standard","meta":{"footnotes":"","_share_on_mastodon":"0"},"categories":[5],"tags":[3877,32,33,41147,36,37,27,8874,5033,34,35,28,31,25,42,38,40,39,41,156,29,30,102709,26,157],"class_list":["post-656785","post","type-post","status-publish","format-standard","has-post-thumbnail","category-naglowki","tag-barbora-krejcikova","tag-breaking-news","tag-breakingnews","tag-elena-gabriela-ruse","tag-featured-news","tag-featurednews","tag-headlines","tag-jessica-pegula","tag-kamilla-rachimowa","tag-latest-news","tag-latestnews","tag-naglowki","tag-najwazniejsze-artykuly","tag-news","tag-pl","tag-poland","tag-polish","tag-polska","tag-polski","tag-tenis","tag-top-stories","tag-topstories","tag-us-open","tag-wiadomosci","tag-wta"],"share_on_mastodon":{"url":"https:\/\/pubeurope.com\/@pl\/117187487105065605","error":""},"_links":{"self":[{"href":"https:\/\/www.europesays.com\/pl\/wp-json\/wp\/v2\/posts\/656785","targetHints":{"allow":["GET"]}}],"collection":[{"href":"https:\/\/www.europesays.com\/pl\/wp-json\/wp\/v2\/posts"}],"about":[{"href":"https:\/\/www.europesays.com\/pl\/wp-json\/wp\/v2\/types\/post"}],"author":[{"embeddable":true,"href":"https:\/\/www.europesays.com\/pl\/wp-json\/wp\/v2\/users\/2"}],"replies":[{"embeddable":true,"href":"https:\/\/www.europesays.com\/pl\/wp-json\/wp\/v2\/comments?post=656785"}],"version-history":[{"count":0,"href":"https:\/\/www.europesays.com\/pl\/wp-json\/wp\/v2\/posts\/656785\/revisions"}],"wp:featuredmedia":[{"embeddable":true,"href":"https:\/\/www.europesays.com\/pl\/wp-json\/wp\/v2\/media\/656786"}],"wp:attachment":[{"href":"https:\/\/www.europesays.com\/pl\/wp-json\/wp\/v2\/media?parent=656785"}],"wp:term":[{"taxonomy":"category","embeddable":true,"href":"https:\/\/www.europesays.com\/pl\/wp-json\/wp\/v2\/categories?post=656785"},{"taxonomy":"post_tag","embeddable":true,"href":"https:\/\/www.europesays.com\/pl\/wp-json\/wp\/v2\/tags?post=656785"}],"curies":[{"name":"wp","href":"https:\/\/api.w.org\/{rel}","templated":true}]}}