{"id":656791,"date":"2026-08-31T01:23:20","date_gmt":"2026-08-31T01:23:20","guid":{"rendered":"https:\/\/www.europesays.com\/pl\/656791\/"},"modified":"2026-08-31T01:23:20","modified_gmt":"2026-08-31T01:23:20","slug":"zdjecia-z-kiedy-otwarcie-dino-na-geosferze-do-urzedu-wplynal-wniosek-o-zmiane-pozwolenia-zdjecie-2026-08-30-070000","status":"publish","type":"post","link":"https:\/\/www.europesays.com\/pl\/656791\/","title":{"rendered":"Zdj\u0119cia z Kiedy otwarcie Dino na GEOsferze? Do urz\u0119du wp\u0142yn\u0105\u0142 wniosek o zmian\u0119 pozwolenia &#8211; zdj\u0119cie &#8211; 2026-08-30 07:00:00"},"content":{"rendered":"<p>&#13;<br \/>\n    Zdj\u0119cia z Kiedy otwarcie Dino na GEOsferze? Do urz\u0119du wp\u0142yn\u0105\u0142 wniosek o zmian\u0119 pozwolenia &#8211; zdj\u0119cie  &#8211; 2026-08-30 07:00:00 | foto z jaw.pl &#13;<br \/>\n    &#13;<br \/>\n    &#13;<br \/>\n    &#13;<br \/>\n    &#13;<br \/>\n    &#13;<br \/>\n    &#13;<br \/>\n    &#13;<br \/>\n    &#13;<br \/>\n            &#13;<br \/>\n                &#13;<br \/>\n                                                                                    &#13;<br \/>\n                                            &#13;<br \/>\n                                                                &#13;<br \/>\n    &#13;<br \/>\n            &#13;<br \/>\n                                &#13;<br \/>\n                        &#13;<br \/>\n        &#13;<br \/>\n                                                        &#13;<br \/>\n                &#13;<br \/>\n    &#13;<br \/>\n                        &#13;<br \/>\n                                    &#13;<br \/>\n                                    &#13;<br \/>\n                    &#13;<br \/>\n    &#13;<br \/>\n        &#13;<br \/>\n                &#13;<\/p>\n<p>&#13;<\/p>\n<p>&#13;<br \/>\n                                    &#13;<br \/>\n                                &#13;<br \/>\n            &#13;<br \/>\n            &#13;<br \/>\n            &#13;<br \/>\n                                                        &#13;<br \/>\n                                                                        &#13;<br \/>\n&#13;<br \/>\n                                                    &#13;<br \/>\n                &#13;<br \/>\n&#13;<br \/>\n                                    &#13;<br \/>\n                        &#13;<br \/>\n        &#13;<br \/>\n    &#13;<br \/>\n&#13;<br \/>\n&#13;<br \/>\n&#13;<br \/>\n&#13;<br \/>\n&#13;<br \/>\n                &#13;<br \/>\n&#13;<br \/>\n&#13;<\/p>\n<p>                    &#13;<br \/>\n                                                                                                                                                            &#13;<\/p>\n<p>                                            1 z 12<br \/>\n                                            <img decoding=\"async\" src=\"https:\/\/www.europesays.com\/pl\/wp-content\/uploads\/2026\/08\/2daa1-DINO_Jaworzno_.jpg\" alt=\"\" class=\"photo__img\"\/><br \/>\n                                        &#13;<br \/>\n                                        &#13;<br \/>\n                                    &#13;<br \/>\n                                                                                                                                                                                                                                            &#13;<\/p>\n<p>                                            2 z 12<br \/>\n                                            <img decoding=\"async\" src=\"https:\/\/www.europesays.com\/pl\/wp-content\/uploads\/2026\/08\/0d9ea-DINO_Jaworzno__1.jpg\" alt=\"\" class=\"photo__img\"\/><br \/>\n                                        &#13;<br \/>\n                                        &#13;<br \/>\n                                    &#13;<br \/>\n                                                                                                                                                                                                                                            &#13;<\/p>\n<p>                                            3 z 12<br \/>\n                                            <img decoding=\"async\" src=\"https:\/\/www.europesays.com\/pl\/wp-content\/uploads\/2026\/08\/1788139398_210_c03b4-DINO_Jaworzno__2.jpg\" alt=\"\" class=\"photo__img\"\/><br \/>\n                                        &#13;<br \/>\n                                        &#13;<br \/>\n                                    &#13;<br \/>\n                                                                                                                &#13;<br \/>\n                                                                                            &#13;<br \/>\n                                                &#13;<br \/>\n                                                                                    &#13;<br \/>\n                                                                                                                                                                                                        &#13;<\/p>\n<p>                                            4 z 12<br \/>\n                                            <img decoding=\"async\" src=\"https:\/\/www.europesays.com\/pl\/wp-content\/uploads\/2026\/08\/96842-DINO_Jaworzno__3.jpg\" alt=\"\" class=\"photo__img\"\/><br \/>\n                                        &#13;<br \/>\n                                        &#13;<br \/>\n                                    &#13;<br \/>\n                                                                                                                                                                                                                                            &#13;<\/p>\n<p>                                            5 z 12<br \/>\n                                            <img decoding=\"async\" src=\"https:\/\/www.europesays.com\/pl\/wp-content\/uploads\/2026\/08\/3effe-DINO_Jaworzno__4.jpg\" alt=\"\" class=\"photo__img\"\/><br \/>\n                                        &#13;<br \/>\n                                        &#13;<br \/>\n                                    &#13;<\/p>\n","protected":false},"excerpt":{"rendered":"&#13; Zdj\u0119cia z Kiedy otwarcie Dino na GEOsferze? Do urz\u0119du wp\u0142yn\u0105\u0142 wniosek o zmian\u0119 pozwolenia &#8211; zdj\u0119cie &#8211;&hellip;\n","protected":false},"author":2,"featured_media":656792,"comment_status":"","ping_status":"","sticky":false,"template":"","format":"standard","meta":{"footnotes":"","_share_on_mastodon":"0"},"categories":[52249],"tags":[857,41997,53718,53714,92913,56701,10569,42,38,40,39,41,103407,53719,128021,2470,128022,6783,128023,53717],"class_list":["post-656791","post","type-post","status-publish","format-standard","has-post-thumbnail","category-dino-polska","tag-dino","tag-dino-polska","tag-dodane","tag-dotyczy","tag-geosferze","tag-kiedy","tag-otwarcie","tag-pl","tag-poland","tag-polish","tag-polska","tag-polski","tag-pozwolenia","tag-przez","tag-urzedu","tag-wniosek","tag-wplynal","tag-zdjecie","tag-zmiane","tag-zostalo"],"share_on_mastodon":{"url":"https:\/\/pubeurope.com\/@pl\/117187510658104640","error":""},"_links":{"self":[{"href":"https:\/\/www.europesays.com\/pl\/wp-json\/wp\/v2\/posts\/656791","targetHints":{"allow":["GET"]}}],"collection":[{"href":"https:\/\/www.europesays.com\/pl\/wp-json\/wp\/v2\/posts"}],"about":[{"href":"https:\/\/www.europesays.com\/pl\/wp-json\/wp\/v2\/types\/post"}],"author":[{"embeddable":true,"href":"https:\/\/www.europesays.com\/pl\/wp-json\/wp\/v2\/users\/2"}],"replies":[{"embeddable":true,"href":"https:\/\/www.europesays.com\/pl\/wp-json\/wp\/v2\/comments?post=656791"}],"version-history":[{"count":0,"href":"https:\/\/www.europesays.com\/pl\/wp-json\/wp\/v2\/posts\/656791\/revisions"}],"wp:featuredmedia":[{"embeddable":true,"href":"https:\/\/www.europesays.com\/pl\/wp-json\/wp\/v2\/media\/656792"}],"wp:attachment":[{"href":"https:\/\/www.europesays.com\/pl\/wp-json\/wp\/v2\/media?parent=656791"}],"wp:term":[{"taxonomy":"category","embeddable":true,"href":"https:\/\/www.europesays.com\/pl\/wp-json\/wp\/v2\/categories?post=656791"},{"taxonomy":"post_tag","embeddable":true,"href":"https:\/\/www.europesays.com\/pl\/wp-json\/wp\/v2\/tags?post=656791"}],"curies":[{"name":"wp","href":"https:\/\/api.w.org\/{rel}","templated":true}]}}