{"id":656839,"date":"2026-08-31T02:11:49","date_gmt":"2026-08-31T02:11:49","guid":{"rendered":"https:\/\/www.europesays.com\/pl\/656839\/"},"modified":"2026-08-31T02:11:49","modified_gmt":"2026-08-31T02:11:49","slug":"47-pko-polmaraton-szczecin-i-bieg-na-10-km","status":"publish","type":"post","link":"https:\/\/www.europesays.com\/pl\/656839\/","title":{"rendered":"47. PKO P\u00f3\u0142maraton Szczecin i Bieg na 10 km"},"content":{"rendered":"<p>\n                        Szczecin ponownie zamieni si\u0119 w wielk\u0105, biegow\u0105 aren\u0119. Przed nami 47. edycja P\u00f3\u0142maratonu Szczecin \u2013 wydarzenie pe\u0142ne energii, emocji i miejskiego klimatu.\n                    <\/p>\n<p>47. P\u00f3\u0142maraton Szczecin znalaz\u0142 si\u0119 w Koronie P\u00f3\u0142maraton\u00f3w Polskich. To dla nas ogromne wyr\u00f3\u017cnienie, a dla biegaczy dodatkowa motywacja, by w\u0142a\u015bnie w Szczecinie realizowa\u0107 swoje biegowe cele.<\/p>\n<p>\u00a0<\/p>\n<p>Dwa dystanse \u2013 jedna decyzja na trasie<br class=\"html-br\"\/>W ramach wydarzenia rozegrany zostanie zar\u00f3wno p\u00f3\u0142maraton (21,1 km), jak i bieg na 10 km.<br class=\"html-br\"\/>Start jest wsp\u00f3lny, a zawodnicy zapisuj\u0105 si\u0119 na jedn\u0105 imprez\u0119.<\/p>\n<p>Dystans wybieracie dopiero na trasie, po 9. kilometrze biegu.<\/p>\n<p>\u00a0<\/p>\n<p>To rozwi\u0105zanie rzadko spotykane w biegach ulicznych i bardzo dobrze oceniane przez uczestnik\u00f3w \u2013 daje swobod\u0119 decyzji nawet w dniu biegu, w zale\u017cno\u015bci od samopoczucia i dyspozycji.<\/p>\n<p>\u00a0<\/p>\n<p>Nowo\u015bci na trasie<br class=\"html-br\"\/>Jedn\u0105 z najwa\u017cniejszych zmian w tym roku b\u0119dzie trasa poprowadzona na jednej p\u0119tli \u2013 jeszcze bardziej dynamiczna, czytelna i przyjazna dla biegaczy oraz kibic\u00f3w.<\/p>\n<p>\u00a0<\/p>\n<p>\u00a0<\/p>\n","protected":false},"excerpt":{"rendered":"Szczecin ponownie zamieni si\u0119 w wielk\u0105, biegow\u0105 aren\u0119. Przed nami 47. edycja P\u00f3\u0142maratonu Szczecin \u2013 wydarzenie pe\u0142ne energii,&hellip;\n","protected":false},"author":2,"featured_media":656840,"comment_status":"","ping_status":"","sticky":false,"template":"","format":"standard","meta":{"footnotes":"","_share_on_mastodon":"0"},"categories":[51611],"tags":[291,1089,3839,3511,261,3840,42,38,40,907,39,41,123,2307,26,1092],"class_list":["post-656839","post","type-post","status-publish","format-standard","has-post-thumbnail","category-szczecin","tag-historia","tag-imprezy","tag-interwencje","tag-inwestycje","tag-kultura","tag-lokale","tag-pl","tag-poland","tag-polish","tag-polityka","tag-polska","tag-polski","tag-rozrywka","tag-szczecin","tag-wiadomosci","tag-wydarzenia"],"share_on_mastodon":{"url":"https:\/\/pubeurope.com\/@pl\/117187703394682855","error":""},"_links":{"self":[{"href":"https:\/\/www.europesays.com\/pl\/wp-json\/wp\/v2\/posts\/656839","targetHints":{"allow":["GET"]}}],"collection":[{"href":"https:\/\/www.europesays.com\/pl\/wp-json\/wp\/v2\/posts"}],"about":[{"href":"https:\/\/www.europesays.com\/pl\/wp-json\/wp\/v2\/types\/post"}],"author":[{"embeddable":true,"href":"https:\/\/www.europesays.com\/pl\/wp-json\/wp\/v2\/users\/2"}],"replies":[{"embeddable":true,"href":"https:\/\/www.europesays.com\/pl\/wp-json\/wp\/v2\/comments?post=656839"}],"version-history":[{"count":0,"href":"https:\/\/www.europesays.com\/pl\/wp-json\/wp\/v2\/posts\/656839\/revisions"}],"wp:featuredmedia":[{"embeddable":true,"href":"https:\/\/www.europesays.com\/pl\/wp-json\/wp\/v2\/media\/656840"}],"wp:attachment":[{"href":"https:\/\/www.europesays.com\/pl\/wp-json\/wp\/v2\/media?parent=656839"}],"wp:term":[{"taxonomy":"category","embeddable":true,"href":"https:\/\/www.europesays.com\/pl\/wp-json\/wp\/v2\/categories?post=656839"},{"taxonomy":"post_tag","embeddable":true,"href":"https:\/\/www.europesays.com\/pl\/wp-json\/wp\/v2\/tags?post=656839"}],"curies":[{"name":"wp","href":"https:\/\/api.w.org\/{rel}","templated":true}]}}