{"id":656861,"date":"2026-08-31T02:32:14","date_gmt":"2026-08-31T02:32:14","guid":{"rendered":"https:\/\/www.europesays.com\/pl\/656861\/"},"modified":"2026-08-31T02:32:14","modified_gmt":"2026-08-31T02:32:14","slug":"nowe-zdjecie-z-wiezienia-nicolasa-maduro-wyglad-przywodcy-wenezueli-sie-zmienil","status":"publish","type":"post","link":"https:\/\/www.europesays.com\/pl\/656861\/","title":{"rendered":"Nowe zdj\u0119cie z wi\u0119zienia Nicolasa Maduro. Wygl\u0105d przyw\u00f3dcy Wenezueli si\u0119 zmieni\u0142"},"content":{"rendered":"<p><a href=\"https:\/\/wiadomosci.onet.pl\/swiat\/nicolas-maduro-schwytany-przez-amerykanow-uslyszal-zarzuty-nowe-informacje\/gwz3vq2\" id=\"ef2dc254-f4c6-4f42-a15a-64b8084470e2\" rel=\"nofollow noopener\" target=\"_blank\">Na pocz\u0105tku stycznia br. w Caracas przyw\u00f3dca Wenezueli Nicolas Maduro i jego \u017cona Cilia Flores zostali schwytani przez ameryka\u0144skich komandos\u00f3w<\/a>. Nast\u0119pnie przewieziono ich do Nowego Jorku, gdzie stan\u0119li przed s\u0105dem, oskar\u017ceni przez ameryka\u0144sk\u0105 prokuratur\u0119 o przest\u0119pstwa zwi\u0105zane z przemytem narkotyk\u00f3w i posiadaniem broni. Nie przyznaj\u0105 si\u0119 do winy i wci\u0105\u017c czekaj\u0105 na proces.Dalszy ci\u0105g artyku\u0142u pod materia\u0142em wideoNowe zdj\u0119cie z wi\u0119zienia Nicolasa Maduro. Wida\u0107, \u017ce schud\u0142<\/p>\n<p>W niedziel\u0119 na profilu Nicolasa Maduro w mediach spo\u0142eczno\u015bciowych pojawi\u0142o si\u0119 jego zdj\u0119cie z ameryka\u0144skiego wi\u0119zienia. To pierwsza taka fotografia od momentu zatrzymania przyw\u00f3dcy Wenezueli.<\/p>\n<blockquote class=\"ods-o-quote\">\n<p class=\"ods-o-quote__paragraph\">Chc\u0119, aby\u015bcie wiedzieli, \u017ce jeste\u015bmy niez\u0142omni, a nasze serca przepe\u0142nia wasza mi\u0142o\u015b\u0107 \u2014 ta mi\u0142o\u015b\u0107, kt\u00f3ra dociera do nas przemieniona w modlitw\u0119, w nieustanne dzia\u0142anie, w solidarno\u015b\u0107 i prawdziwe wsparcie<\/p>\n<\/blockquote>\n<p>\u2014 czytamy w opisie do zdj\u0119cia Nicolasa Maduro.<\/p>\n<blockquote class=\"ods-o-quote\">\n<p class=\"ods-o-quote__paragraph\">Dzi\u0119kujemy wam bez ko\u0144ca za ka\u017cde s\u0142owo, za ka\u017cdy gest, za ka\u017cde b\u0142ogos\u0142awie\u0144stwo<\/p>\n<\/blockquote>\n<p>\u2014 dodali autorzy wpisu na platformie X.<\/p>\n<p>Ten kraj ma najwi\u0119kszego pecha na \u015bwiecie. Mimo bogactwa pogr\u0105\u017ca si\u0119 w spirali rozpaczy<img class=\"ods-a-photo ods-a-photo--background\" src=\"https:\/\/www.europesays.com\/pl\/wp-content\/uploads\/2026\/08\/Llgk9lBaHR0cHM6Ly9vY2RuLmV1L3B1bHNjbXMvTURBXy9mZjk5NzQ4MWMwNDQ3MzViN2MwZDk2MDdiZmQ5MGZlMS5qcGeRlQLNA.jpeg\" height=\"300\" width=\"450\" alt=\"Skutki trz\u0119sienia ziemi w Caracas, 25 czerwca 2026 r.\" loading=\"lazy\" fetchpriority=\"low\" decoding=\"async\"\/><\/p>\n<p>Szczeg\u00f3ln\u0105 uwag\u0119 na opublikowanym w niedziel\u0119 zdj\u0119ciu zwraca wygl\u0105d polityka, a dok\u0142adnie jego sylwetka. Wida\u0107 wyra\u017anie, \u017ce od momentu zatrzymania Nicolas Maduro schud\u0142.<\/p>\n<p><img class=\"ods-a-photo ods-a-photo--background\" src=\"https:\/\/www.europesays.com\/pl\/wp-content\/uploads\/2026\/08\/1PTk9lBaHR0cHM6Ly9vY2RuLmV1L3B1bHNjbXMvTURBXy81ZTdmZGE0MWQ2MjViMTczN2I5YTFjMDEzNGI2YTQ0ZS5qcGeRkwXNB.jpeg\" height=\"656\" width=\"940\" alt=\"Obalony prezydent Wenezueli Nicolas Maduro i prezydent Rosji W\u0142adimir Putinu czestnicz\u0105 w ceremonii podpisania umowy podczas spotkania w Kremlu w Moskwie, Rosja, 7 maja 2025 r.\" loading=\"lazy\" fetchpriority=\"auto\" decoding=\"auto\" url=\"https:\/\/ocdn.eu\/pulscms\/MDA_\/5e7fda41d625b1737b9a1c0134b6a44e.jpg\" description=\"Obalony prezydent Wenezueli Nicolas Maduro i prezydent Rosji W\u0142adimir Putinu czestnicz\u0105 w ceremonii podpisania umowy podczas spotkania w Kremlu w Moskwie, Rosja, 7 maja 2025 r.\" author=\"YURI KOCHETKOV \/ PAP\" source=\"\" link=\"\"\/><\/p>\n<p>YURI KOCHETKOV \/ PAP<\/p>\n<p>Obalony prezydent Wenezueli Nicolas Maduro i prezydent Rosji W\u0142adimir Putinu czestnicz\u0105 w ceremonii podpisania umowy podczas spotkania w Kremlu w Moskwie, Rosja, 7 maja 2025 r.<\/p>\n<p>Nicolas Maduro okre\u015bla\u0142 si\u0119 jako &#8222;jeniec wojenny&#8221;<\/p>\n<p>Obro\u0144cy Maduro wnie\u015bli o oddalenie sprawy, twierdz\u0105c, \u017ce nie powinien on by\u0107 s\u0105dzony w USA jako g\u0142owa suwerennego pa\u0144stwa. W\u0142adze USA nie uznawa\u0142y go jednak za prawowitego prezydenta Wenezueli ju\u017c od 2019 r.<\/p>\n<p>Maduro kierowa\u0142 socjalistycznym rz\u0105dem Wenezueli od 2013 r. i prowadzi\u0142 polityk\u0119 nieprzyjazn\u0105 wobec USA. Po zatrzymaniu go przez ameryka\u0144skie si\u0142y zbrojne okre\u015bla\u0142 si\u0119 mianem &#8222;je\u0144ca wojennego&#8221;. Wcze\u015bniej wielokrotnie oskar\u017ca\u0142 Waszyngton o zamiar obalenia go w celu przej\u0119cia kontroli nad bogatymi z\u0142o\u017cami ropy w Wenezueli.<\/p>\n","protected":false},"excerpt":{"rendered":"Na pocz\u0105tku stycznia br. w Caracas przyw\u00f3dca Wenezueli Nicolas Maduro i jego \u017cona Cilia Flores zostali schwytani przez&hellip;\n","protected":false},"author":2,"featured_media":656862,"comment_status":"","ping_status":"","sticky":false,"template":"","format":"standard","meta":{"footnotes":"","_share_on_mastodon":"0"},"categories":[14],"tags":[61195,32,33,27,34,35,28,31,48,25,3157,46,40,41,47,80,29,30,71,3008,26,1882,82,83,84],"class_list":["post-656861","post","type-post","status-publish","format-standard","has-post-thumbnail","category-swiat","tag-bottomfeed_styl","tag-breaking-news","tag-breakingnews","tag-headlines","tag-latest-news","tag-latestnews","tag-naglowki","tag-najwazniejsze-artykuly","tag-nat_styl","tag-news","tag-nicolas_maduro","tag-omp","tag-polish","tag-polski","tag-screening_general","tag-swiat","tag-top-stories","tag-topstories","tag-usa","tag-wenezuela","tag-wiadomosci","tag-wiezienia_wiezniowie","tag-world","tag-world-news","tag-worldnews"],"share_on_mastodon":{"url":"https:\/\/pubeurope.com\/@pl\/117187783221597441","error":""},"_links":{"self":[{"href":"https:\/\/www.europesays.com\/pl\/wp-json\/wp\/v2\/posts\/656861","targetHints":{"allow":["GET"]}}],"collection":[{"href":"https:\/\/www.europesays.com\/pl\/wp-json\/wp\/v2\/posts"}],"about":[{"href":"https:\/\/www.europesays.com\/pl\/wp-json\/wp\/v2\/types\/post"}],"author":[{"embeddable":true,"href":"https:\/\/www.europesays.com\/pl\/wp-json\/wp\/v2\/users\/2"}],"replies":[{"embeddable":true,"href":"https:\/\/www.europesays.com\/pl\/wp-json\/wp\/v2\/comments?post=656861"}],"version-history":[{"count":0,"href":"https:\/\/www.europesays.com\/pl\/wp-json\/wp\/v2\/posts\/656861\/revisions"}],"wp:featuredmedia":[{"embeddable":true,"href":"https:\/\/www.europesays.com\/pl\/wp-json\/wp\/v2\/media\/656862"}],"wp:attachment":[{"href":"https:\/\/www.europesays.com\/pl\/wp-json\/wp\/v2\/media?parent=656861"}],"wp:term":[{"taxonomy":"category","embeddable":true,"href":"https:\/\/www.europesays.com\/pl\/wp-json\/wp\/v2\/categories?post=656861"},{"taxonomy":"post_tag","embeddable":true,"href":"https:\/\/www.europesays.com\/pl\/wp-json\/wp\/v2\/tags?post=656861"}],"curies":[{"name":"wp","href":"https:\/\/api.w.org\/{rel}","templated":true}]}}