{"id":656887,"date":"2026-08-31T03:00:57","date_gmt":"2026-08-31T03:00:57","guid":{"rendered":"https:\/\/www.europesays.com\/pl\/656887\/"},"modified":"2026-08-31T03:00:57","modified_gmt":"2026-08-31T03:00:57","slug":"el-mistrzostw-swiata-2027-polska-niemcy-kiedy-graja-o-ktorej-godzinie-i-gdzie-ogladac","status":"publish","type":"post","link":"https:\/\/www.europesays.com\/pl\/656887\/","title":{"rendered":"El. Mistrzostw \u015bwiata 2027. Polska \u2013 Niemcy. Kiedy graj\u0105? O kt\u00f3rej godzinie i gdzie ogl\u0105da\u0107"},"content":{"rendered":"<p>El. Mistrzostw \u015bwiata 2027. Polska \u2013 Niemcy. Zapowied\u017a meczu<\/p>\n<p>To spotkanie fazy eliminacji M\u015a 2027. Stawk\u0105 jest kolejny krok w walce o awans do turnieju fina\u0142owego.<\/p>\n<p>Polscy koszykarze przyst\u0119puj\u0105 do tego meczu po zwyci\u0119stwie z Izraelem 106:86 na otwarcie drugiej fazy eliminacji. Niemcy rozpocz\u0119li t\u0119 cz\u0119\u015b\u0107 rywalizacji od wygranej z Holandi\u0105 99:83. Rywalem Bia\u0142o-Czerwonych s\u0105 aktualni mistrzowie \u015bwiata i Europy. Spotkanie w Ergo Arenie mo\u017ce mie\u0107 du\u017ce znaczenie w walce o awans, a Polska jest bardzo blisko wyjazdu na turniej fina\u0142owy mistrzostw \u015bwiata 2027.<\/p>\n<p>Polska \u2013 Niemcy. Gdzie ogl\u0105da\u0107 mecz? Transmisja na \u017cywo<\/p>\n<p>Sprawd\u017a, gdzie ogl\u0105da\u0107 mecz Polska \u2013 Niemcy i o kt\u00f3rej godzinie pocz\u0105tek \u2014 poni\u017cej transmisja telewizyjna oraz transmisja online.<\/p>\n<p>Dane meczu:<\/p>\n<p>\u2022 Dru\u017cyny: Polska \u2013 Niemcy<\/p>\n<p>\u2022 Data: 30 sierpnia 2026<\/p>\n<p>\u2022 Godzina: 14:45<\/p>\n<p>\u2022 Miejsce: Ergo Arena, Gda\u0144sk<\/p>\n<p>\u2022 Transmisja TV: TVP Sport<\/p>\n<p>\u2022 Transmisja online (stream): tvpsport.pl<\/p>\n<p>\u2022 Relacja na \u017cywo: Przegl\u0105d Sportowy Onet.<\/p>\n<p>El. Mistrzostw \u015bwiata 2027. Sytuacja w grupie<\/p>\n<p>Polska prowadzi w grupie z kompletem zwyci\u0119stw. Niemcy i Chorwacja maj\u0105 bilans 6-1, \u0141otwa 3-4, a awans wywalcz\u0105 trzy najlepsze zespo\u0142y.<\/p>\n","protected":false},"excerpt":{"rendered":"El. Mistrzostw \u015bwiata 2027. Polska \u2013 Niemcy. Zapowied\u017a meczu To spotkanie fazy eliminacji M\u015a 2027. Stawk\u0105 jest kolejny&hellip;\n","protected":false},"author":2,"featured_media":656888,"comment_status":"","ping_status":"","sticky":false,"template":"","format":"standard","meta":{"footnotes":"","_share_on_mastodon":"0"},"categories":[12],"tags":[61195,2449,48,46,42,38,40,39,41,355,47],"class_list":["post-656887","post","type-post","status-publish","format-standard","has-post-thumbnail","category-polska","tag-bottomfeed_styl","tag-koszykowka","tag-nat_styl","tag-omp","tag-pl","tag-poland","tag-polish","tag-polska","tag-polski","tag-reprezentacja_polski","tag-screening_general"],"share_on_mastodon":{"url":"https:\/\/pubeurope.com\/@pl\/117187895970481827","error":""},"_links":{"self":[{"href":"https:\/\/www.europesays.com\/pl\/wp-json\/wp\/v2\/posts\/656887","targetHints":{"allow":["GET"]}}],"collection":[{"href":"https:\/\/www.europesays.com\/pl\/wp-json\/wp\/v2\/posts"}],"about":[{"href":"https:\/\/www.europesays.com\/pl\/wp-json\/wp\/v2\/types\/post"}],"author":[{"embeddable":true,"href":"https:\/\/www.europesays.com\/pl\/wp-json\/wp\/v2\/users\/2"}],"replies":[{"embeddable":true,"href":"https:\/\/www.europesays.com\/pl\/wp-json\/wp\/v2\/comments?post=656887"}],"version-history":[{"count":0,"href":"https:\/\/www.europesays.com\/pl\/wp-json\/wp\/v2\/posts\/656887\/revisions"}],"wp:featuredmedia":[{"embeddable":true,"href":"https:\/\/www.europesays.com\/pl\/wp-json\/wp\/v2\/media\/656888"}],"wp:attachment":[{"href":"https:\/\/www.europesays.com\/pl\/wp-json\/wp\/v2\/media?parent=656887"}],"wp:term":[{"taxonomy":"category","embeddable":true,"href":"https:\/\/www.europesays.com\/pl\/wp-json\/wp\/v2\/categories?post=656887"},{"taxonomy":"post_tag","embeddable":true,"href":"https:\/\/www.europesays.com\/pl\/wp-json\/wp\/v2\/tags?post=656887"}],"curies":[{"name":"wp","href":"https:\/\/api.w.org\/{rel}","templated":true}]}}