{"id":656915,"date":"2026-08-31T03:28:11","date_gmt":"2026-08-31T03:28:11","guid":{"rendered":"https:\/\/www.europesays.com\/pl\/656915\/"},"modified":"2026-08-31T03:28:11","modified_gmt":"2026-08-31T03:28:11","slug":"arkadius-is-dead-w-lodzi-4","status":"publish","type":"post","link":"https:\/\/www.europesays.com\/pl\/656915\/","title":{"rendered":"Arkadius is Dead w \u0141odzi"},"content":{"rendered":"<p class=\"atomsHappeningContent__desc\">Wp\u0142ywowi krytycy mody por\u00f3wnywali go z Johnem Galliano, Alexandrem McQueenem czy Stell\u0105 McCartney. Inspirowane porodem i po\u0142ogiem, polsk\u0105 wsi\u0105, religiami, prac\u0105 seksualn\u0105 czy ameryka\u0144sk\u0105 inwazj\u0105 na Irak kolekcje stanowi\u0142y prowokacyjny komentarz do rzeczywisto\u015bci, a konceptualne pokazy by\u0142y porywaj\u0105cymi, pe\u0142noprawnymi spektaklami. Jego awangardowe kreacje i okulary nosili: Bjork, Christina Aguilera, Alicia Keys, Mary J. Blige, Pink, Brad Pitt, Cate Blanchett czy Justin Timberlake.<\/p>\n<p>Arek Weremczuk z podlubelskiego Parczewa jako jedyny polski projektant w historii wspi\u0105\u0142 si\u0119 na sam szczyt. W 2015 roku \u2013 oszukany przez wsp\u00f3lnik\u00f3w, zawiedziony fiaskiem biznesu w Polsce i \u015bwiatem wielkiej mody \u2013 og\u0142osi\u0142 swoj\u0105 \u015bmier\u0107 i odrodzenie jako AFKAA (Artist Formerly Known As Arkadius). Dzi\u015b mieszka w brazylijskim Salvadorze i stroni od bran\u017cy fashion, uznaj\u0105c j\u0105 za zak\u0142aman\u0105 i zgubn\u0105 dla planety. Jak powiedzia\u0142 w wywiadzie dla \u201eWysokich Obcas\u00f3w\u201d: \u201ejest nikim i jest szcz\u0119\u015bliwy\u201d. <\/p>\n<p>\u201eArkadius is dead\u201d to balansuj\u0105cy mi\u0119dzy biografi\u0105 a literack\u0105 fantazj\u0105 spektakl o ch\u0142opaku z polskiej prowincji, kt\u00f3ry pr\u00f3buje wyrwa\u0107 si\u0119 z ma\u0142omiasteczkowych ogranicze\u0144 i si\u0119gn\u0105\u0107 po s\u0142aw\u0119, inspirowany postaci\u0105 projektanta. Bezkompromisowy \u015bwiat mody staje si\u0119 w nim metafor\u0105 agresywnego kapitalizmu, a efektowna oprawa wizualna pokaz\u00f3w i spektakularne kostiumy buduj\u0105 opowie\u015b\u0107 o wielkich marzeniach, kt\u00f3re zderzaj\u0105 si\u0119 z rzeczywisto\u015bci\u0105 wyzysku.<\/p>\n<p>Czy mo\u017cliwa jest ucieczka z systemu, kt\u00f3ry jednocze\u015bnie kusi, poch\u0142ania i niszczy?<\/p>\n<p>Re\u017cyser: Marcin Liber<\/p>\n<p>Obsada: Miko\u0142aj Chroboczek, Katarzyna Cynke, Mateusz Czwartosz, Natalia Klepacka, Pawe\u0142 Paczesny, Mariusz Siudzi\u0144ski, \u0141ukasz Stawowczyk.<\/p>\n<p>Autor: Micha\u0142 Kmiecik<br \/>Gatunek: inne<br \/>Scenografia: Mirek Kaczmarek<br \/>Muzyka: HIROSZYMA<br \/>\u015awiat\u0142o: Mirek Kaczmarek<br \/>Choreografia: Hashimotowiksa<br \/>Kostiumy: Mirek Kaczmarek, Maria Mordarska<\/p>\n","protected":false},"excerpt":{"rendered":"Wp\u0142ywowi krytycy mody por\u00f3wnywali go z Johnem Galliano, Alexandrem McQueenem czy Stell\u0105 McCartney. Inspirowane porodem i po\u0142ogiem, polsk\u0105&hellip;\n","protected":false},"author":2,"featured_media":656916,"comment_status":"","ping_status":"","sticky":false,"template":"","format":"standard","meta":{"footnotes":"","_share_on_mastodon":"0"},"categories":[51608],"tags":[6226,10195,3652,42,38,40,39,41,8812,22920],"class_list":["post-656915","post","type-post","status-publish","format-standard","has-post-thumbnail","category-lodz","tag-bilety","tag-impreza","tag-lodz","tag-pl","tag-poland","tag-polish","tag-polska","tag-polski","tag-spektakle","tag-wydarzenie"],"share_on_mastodon":{"url":"https:\/\/pubeurope.com\/@pl\/117188002187187754","error":""},"_links":{"self":[{"href":"https:\/\/www.europesays.com\/pl\/wp-json\/wp\/v2\/posts\/656915","targetHints":{"allow":["GET"]}}],"collection":[{"href":"https:\/\/www.europesays.com\/pl\/wp-json\/wp\/v2\/posts"}],"about":[{"href":"https:\/\/www.europesays.com\/pl\/wp-json\/wp\/v2\/types\/post"}],"author":[{"embeddable":true,"href":"https:\/\/www.europesays.com\/pl\/wp-json\/wp\/v2\/users\/2"}],"replies":[{"embeddable":true,"href":"https:\/\/www.europesays.com\/pl\/wp-json\/wp\/v2\/comments?post=656915"}],"version-history":[{"count":0,"href":"https:\/\/www.europesays.com\/pl\/wp-json\/wp\/v2\/posts\/656915\/revisions"}],"wp:featuredmedia":[{"embeddable":true,"href":"https:\/\/www.europesays.com\/pl\/wp-json\/wp\/v2\/media\/656916"}],"wp:attachment":[{"href":"https:\/\/www.europesays.com\/pl\/wp-json\/wp\/v2\/media?parent=656915"}],"wp:term":[{"taxonomy":"category","embeddable":true,"href":"https:\/\/www.europesays.com\/pl\/wp-json\/wp\/v2\/categories?post=656915"},{"taxonomy":"post_tag","embeddable":true,"href":"https:\/\/www.europesays.com\/pl\/wp-json\/wp\/v2\/tags?post=656915"}],"curies":[{"name":"wp","href":"https:\/\/api.w.org\/{rel}","templated":true}]}}