{"id":656935,"date":"2026-08-31T03:50:04","date_gmt":"2026-08-31T03:50:04","guid":{"rendered":"https:\/\/www.europesays.com\/pl\/656935\/"},"modified":"2026-08-31T03:50:04","modified_gmt":"2026-08-31T03:50:04","slug":"karol-nawrocki-zawetowal-trzy-ustawy-cztery-podpisal-2","status":"publish","type":"post","link":"https:\/\/www.europesays.com\/pl\/656935\/","title":{"rendered":"Karol Nawrocki zawetowa\u0142 trzy ustawy. Cztery podpisa\u0142"},"content":{"rendered":"<p>Karol Nawrocki zdecydowa\u0142 w sprawie siedmiu ustaw. S\u0105 weta<\/p>\n<p class=\"font-primary mb-8 text-lg leading-[1.55] [&amp;_a]:text-[#23437D] [&amp;_a]:underline [&amp;_a]:font-bold\">Prezydent Karol Nawrocki poinformowa\u0142 o decyzjach dotycz\u0105cych kolejnego pakietu ustaw. Cztery z nich podpisa\u0142, natomiast trzy zawetowa\u0142. W\u015br\u00f3d odrzuconych przepis\u00f3w znalaz\u0142y si\u0119 regulacje dotycz\u0105ce pa\u0144stwowego eDziennika, ochrony powietrza oraz Prawa energetycznego.<\/p>\n<p class=\"font-primary mb-8 text-lg leading-[1.55] [&amp;_a]:text-[#23437D] [&amp;_a]:underline [&amp;_a]:font-bold\">Podpis prezydenta otrzyma\u0142a ustawa o odpowiedzialno\u015bci zawodowej architekt\u00f3w i in\u017cynier\u00f3w budownictwa. Przepisy maj\u0105 ograniczy\u0107 biurokracj\u0119 i umo\u017cliwi\u0107 natychmiastowe wykonywanie prawomocnych kar dyscyplinarnych, w tym zawieszenia prawa wykonywania zawodu.\u00a0Nawrocki zaakceptowa\u0142 tak\u017ce ustaw\u0119 dotycz\u0105c\u0105 jako\u015bci artyku\u0142\u00f3w rolno-spo\u017cywczych. Ma ona zwi\u0119kszy\u0107 kompetencje Inspekcji Jako\u015bci Handlowej Artyku\u0142\u00f3w Rolno-Spo\u017cywczych oraz wzmocni\u0107 kontrole graniczne \u017cywno\u015bci sprowadzanej spoza Unii Europejskiej.<\/p>\n<p class=\"font-primary mb-8 text-lg leading-[1.55] [&amp;_a]:text-[#23437D] [&amp;_a]:underline [&amp;_a]:font-bold\">Kolejna podpisana ustawa dotyczy pomocy dla rolnik\u00f3w, kt\u00f3rych grunty zosta\u0142y zniszczone lub zdegradowane w wyniku powodzi. Ma ona stworzy\u0107 sta\u0142y mechanizm wsparcia dla w\u0142a\u015bcicieli takich teren\u00f3w.\u00a0Prezydent podpisa\u0142 r\u00f3wnie\u017c ustaw\u0119 dotycz\u0105c\u0105 paliwa lotniczego. Wprowadza ona system rekompensat maj\u0105cych pokrywa\u0107 r\u00f3\u017cnic\u0119 mi\u0119dzy cen\u0105 ekologicznego paliwa SAF a tradycyjnym paliwem lotniczym.<\/p>\n<p class=\"text-dark text-center text-lg leading-[1.35] font-semibold italic md:!text-2xl\">Skoro pa\u0144stwo polskie zdecydowa\u0142o si\u0119 wdro\u017cy\u0107 obowi\u0105zek stosowania ekologicznych paliw, musi r\u00f3wnie\u017c przyj\u0105\u0107 przepisy, kt\u00f3re pozwol\u0105 polskim firmom na uzyskanie \u015brodk\u00f3w finansowych na ten cel<\/p>\n<p>Karol NawrockiRedakcja polecaPrezydent zawetowa\u0142 trzy ustawy. Wskaza\u0142 na bezpiecze\u0144stwo dzieci i koszty<\/p>\n<p class=\"font-primary mb-8 text-lg leading-[1.55] [&amp;_a]:text-[#23437D] [&amp;_a]:underline [&amp;_a]:font-bold\">Jedno z wet dotyczy ustawy przewiduj\u0105cej utworzenie pa\u0144stwowego eDziennika. Nawrocki zaznaczy\u0142, \u017ce nie sprzeciwia si\u0119 cyfryzacji szk\u00f3\u0142, ale ma zastrze\u017cenia do sposobu przygotowania systemu.\u00a0Najwi\u0119ksze obawy prezydenta dotycz\u0105 bezpiecze\u0144stwa danych uczni\u00f3w. Centralna baza mia\u0142aby zawiera\u0107 m.in. numery PESEL, zdj\u0119cia, oceny, informacje o frekwencji oraz dane dotycz\u0105ce specjalnych potrzeb edukacyjnych.\u00a0<\/p>\n<p class=\"font-primary mb-8 text-lg leading-[1.55] [&amp;_a]:text-[#23437D] [&amp;_a]:underline [&amp;_a]:font-bold\">&#8211; Je\u017celi tworzymy tak ogromn\u0105 baz\u0119 danych, jej bezpiecze\u0144stwo musi by\u0107 absolutnym priorytetem. Tymczasem ustawa nie daje wystarczaj\u0105cych gwarancji dotycz\u0105cych zabezpieczenia tych informacji i dost\u0119pu do nich &#8211; oceni\u0142.<\/p>\n<p class=\"font-primary mb-8 text-lg leading-[1.55] [&amp;_a]:text-[#23437D] [&amp;_a]:underline [&amp;_a]:font-bold\">Prezydent zawetowa\u0142 tak\u017ce przepisy dotycz\u0105ce program\u00f3w ochrony powietrza przygotowywanych przez samorz\u0105dy. Zastrze\u017cenia wzbudzi\u0142a mo\u017cliwo\u015b\u0107 sk\u0142adania skarg na te programy na podstawie tzw. interesu faktycznego. Zdaniem Nawrockiego mog\u0142oby to prowadzi\u0107 do blokowania lokalnych inwestycji przez podmioty niezwi\u0105zane bezpo\u015brednio z danym regionem.<\/p>\n<p class=\"font-primary mb-8 text-lg leading-[1.55] [&amp;_a]:text-[#23437D] [&amp;_a]:underline [&amp;_a]:font-bold\">Trzecie weto dotyczy\u0142o nowelizacji Prawa energetycznego. Prezydent wskaza\u0142, \u017ce zaledwie kilka miesi\u0119cy wcze\u015bniej podpisa\u0142 przepisy zmieniaj\u0105ce t\u0119 ustaw\u0119, a nowe regulacje cz\u0119\u015bciowo odwracaj\u0105 tamte rozwi\u0105zania.<\/p>\n<p>Redakcja poleca<\/p>\n","protected":false},"excerpt":{"rendered":"Karol Nawrocki zdecydowa\u0142 w sprawie siedmiu ustaw. S\u0105 weta Prezydent Karol Nawrocki poinformowa\u0142 o decyzjach dotycz\u0105cych kolejnego pakietu&hellip;\n","protected":false},"author":2,"featured_media":656936,"comment_status":"","ping_status":"","sticky":false,"template":"","format":"standard","meta":{"footnotes":"","_share_on_mastodon":"0"},"categories":[62712],"tags":[690,6158],"class_list":["post-656935","post","type-post","status-publish","format-standard","has-post-thumbnail","category-karol-nawrocki","tag-karol-nawrocki","tag-ustawa"],"share_on_mastodon":{"url":"https:\/\/pubeurope.com\/@pl\/117188088464331117","error":""},"_links":{"self":[{"href":"https:\/\/www.europesays.com\/pl\/wp-json\/wp\/v2\/posts\/656935","targetHints":{"allow":["GET"]}}],"collection":[{"href":"https:\/\/www.europesays.com\/pl\/wp-json\/wp\/v2\/posts"}],"about":[{"href":"https:\/\/www.europesays.com\/pl\/wp-json\/wp\/v2\/types\/post"}],"author":[{"embeddable":true,"href":"https:\/\/www.europesays.com\/pl\/wp-json\/wp\/v2\/users\/2"}],"replies":[{"embeddable":true,"href":"https:\/\/www.europesays.com\/pl\/wp-json\/wp\/v2\/comments?post=656935"}],"version-history":[{"count":0,"href":"https:\/\/www.europesays.com\/pl\/wp-json\/wp\/v2\/posts\/656935\/revisions"}],"wp:featuredmedia":[{"embeddable":true,"href":"https:\/\/www.europesays.com\/pl\/wp-json\/wp\/v2\/media\/656936"}],"wp:attachment":[{"href":"https:\/\/www.europesays.com\/pl\/wp-json\/wp\/v2\/media?parent=656935"}],"wp:term":[{"taxonomy":"category","embeddable":true,"href":"https:\/\/www.europesays.com\/pl\/wp-json\/wp\/v2\/categories?post=656935"},{"taxonomy":"post_tag","embeddable":true,"href":"https:\/\/www.europesays.com\/pl\/wp-json\/wp\/v2\/tags?post=656935"}],"curies":[{"name":"wp","href":"https:\/\/api.w.org\/{rel}","templated":true}]}}