{"id":656961,"date":"2026-08-31T04:18:25","date_gmt":"2026-08-31T04:18:25","guid":{"rendered":"https:\/\/www.europesays.com\/pl\/656961\/"},"modified":"2026-08-31T04:18:25","modified_gmt":"2026-08-31T04:18:25","slug":"pelnia-ksiezyca-w-sierpniu-2026-kiedy-obserwowac-to-niezwykle-zjawisko","status":"publish","type":"post","link":"https:\/\/www.europesays.com\/pl\/656961\/","title":{"rendered":"Pe\u0142nia Ksi\u0119\u017cyca w sierpniu 2026. Kiedy obserwowa\u0107 to niezwyk\u0142e zjawisko?"},"content":{"rendered":"<p>Redakcja polecaKiedy pe\u0142nia Ksi\u0119\u017cyca w sierpniu 2026?<\/p>\n<p class=\"font-primary mb-8 text-lg leading-[1.55] [&amp;_a]:text-[#23437D] [&amp;_a]:underline [&amp;_a]:font-bold\">Pe\u0142nia to faza, w kt\u00f3rej Ksi\u0119\u017cyc znajduje si\u0119 po przeciwnej stronie Ziemi ni\u017c S\u0142o\u0144ce. Dzi\u0119ki temu zwr\u00f3cona w stron\u0119 naszej planety cz\u0119\u015b\u0107 jego tarczy jest niemal w ca\u0142o\u015bci o\u015bwietlona. Pe\u0142nia powtarza si\u0119 \u015brednio co 29,5 dnia.<\/p>\n<p class=\"font-primary mb-8 text-lg leading-[1.55] [&amp;_a]:text-[#23437D] [&amp;_a]:underline [&amp;_a]:font-bold\">W sierpniu 2026 roku jej kulminacyjny moment nast\u0105pi 28 sierpnia (pi\u0105tek) o godz. 6.18 czasu polskiego. Nie oznacza to jednak, \u017ce w\u0142a\u015bnie wtedy najlepiej b\u0119dzie spojrze\u0107 w niebo. Ksi\u0119\u017cyc b\u0119dzie wygl\u0105da\u0142 na niemal w pe\u0142ni o\u015bwietlony ju\u017c przez wi\u0119ksz\u0105 cz\u0119\u015b\u0107 nocy z 27 na 28 sierpnia (z czwartku na pi\u0105tek).\u00a0Tegoroczna pe\u0142nia b\u0119dzie dodatkowo wyj\u0105tkowa, poniewa\u017c zbiegnie si\u0119 z cz\u0119\u015bciowym za\u0107mieniem Ksi\u0119\u017cyca.<\/p>\n<p>Redakcja polecaKsi\u0119\u017cyc mo\u017ce zmieni\u0107 kolor na czerwony<\/p>\n<p class=\"font-primary mb-8 text-lg leading-[1.55] [&amp;_a]:text-[#23437D] [&amp;_a]:underline [&amp;_a]:font-bold\">Ksi\u0119\u017cyc mo\u017ce przybra\u0107\u00a0niezwyk\u0142\u0105 miedzian\u0105 lub czerwonaw\u0105 barw\u0119. Wszystko za spraw\u0105 wspomnianego za\u0107mienia, kt\u00f3re w sierpniu zbiegnie si\u0119 z pe\u0142ni\u0105. Sk\u0105d ten wyj\u0105tkowy kolor?<\/p>\n<p class=\"font-primary mb-8 text-lg leading-[1.55] [&amp;_a]:text-[#23437D] [&amp;_a]:underline [&amp;_a]:font-bold\">Ksi\u0119\u017cyc &#8211; cho\u0107 znajdzie si\u0119 w cieniu Ziemi &#8211; nie zostanie ca\u0142kowicie pozbawiony \u015bwiat\u0142a. Cz\u0119\u015b\u0107 promieni s\u0142onecznych przejdzie przez atmosfer\u0119 naszej planety, a nast\u0119pnie dotrze do powierzchni Ksi\u0119\u017cyca.\u00a0Atmosfera Ziemi silniej rozprasza \u015bwiat\u0142o o kr\u00f3tszych, niebieskich falach, podczas gdy d\u0142u\u017csze, czerwone fale \u0142atwiej przez ni\u0105 przechodz\u0105. To w\u0142a\u015bnie one o\u015bwietlaj\u0105 Ksi\u0119\u017cyc, a po odbiciu od jego powierzchni sprawiaj\u0105, \u017ce jego tarcza mo\u017ce przybra\u0107 charakterystyczny czerwono-miedziany odcie\u0144. Intensywno\u015b\u0107 i dok\u0142adna barwa zale\u017c\u0105 mi\u0119dzy innymi od stanu ziemskiej atmosfery oraz od tego, jak g\u0142\u0119boko Ksi\u0119\u017cyc wejdzie w cie\u0144 naszej planety.<\/p>\n<p>Redakcja polecaJak i o kt\u00f3rej godzinie obserwowa\u0107 pe\u0142ni\u0119 Ksi\u0119\u017cyca?<\/p>\n<p class=\"font-primary mb-8 text-lg leading-[1.55] [&amp;_a]:text-[#23437D] [&amp;_a]:underline [&amp;_a]:font-bold\">Pe\u0142ni\u0119 Ksi\u0119\u017cyca i cz\u0119\u015bciowe za\u0107mienie b\u0119dzie mo\u017cna obserwowa\u0107 w nocy z 27 na 28 sierpnia. W\u00a0Warszawie Srebrny Glob zniknie za horyzontem oko\u0142o godz. 5.45, w Krakowie oko\u0142o 5.53, a w Szczecinie dopiero w pobli\u017cu godz. 6.10. Oznacza to, \u017ce mieszka\u0144cy zachodniej cz\u0119\u015bci kraju b\u0119d\u0105 mieli wi\u0119cej czasu na obserwacj\u0119 zjawiska.<\/p>\n<p class=\"font-primary mb-8 text-lg leading-[1.55] [&amp;_a]:text-[#23437D] [&amp;_a]:underline [&amp;_a]:font-bold\">Najlepiej wybra\u0107 miejsce z szerokim, nieprzes\u0142oni\u0119tym widokiem na zachodnie i po\u0142udniowo-zachodnie niebo. Dobrym wyborem b\u0119d\u0105 otwarte pola, rozleg\u0142e polany, brzegi wi\u0119kszych zbiornik\u00f3w wodnych oraz wy\u017cej po\u0142o\u017cone punkty obserwacyjne. Warto r\u00f3wnie\u017c oddali\u0107 si\u0119 od mocnego o\u015bwietlenia ulicznego i zwartej zabudowy. Ciemniejsze otoczenie u\u0142atwi dostrze\u017cenie szczeg\u00f3\u0142\u00f3w tarczy oraz r\u00f3\u017cnic w jej jasno\u015bci.<\/p>\n<p>Redakcja poleca<\/p>\n","protected":false},"excerpt":{"rendered":"Redakcja polecaKiedy pe\u0142nia Ksi\u0119\u017cyca w sierpniu 2026? Pe\u0142nia to faza, w kt\u00f3rej Ksi\u0119\u017cyc znajduje si\u0119 po przeciwnej stronie&hellip;\n","protected":false},"author":2,"featured_media":656962,"comment_status":"","ping_status":"","sticky":false,"template":"","format":"standard","meta":{"footnotes":"","_share_on_mastodon":"0"},"categories":[20],"tags":[10611,4622,8625,120,118,119,42,38,40,39,41,116,114,115,121,117],"class_list":["post-656961","post","type-post","status-publish","format-standard","has-post-thumbnail","category-nauka-i-technika","tag-astronomia","tag-kosmos","tag-ksiezyc","tag-nauka","tag-nauka-i-technika","tag-naukatechnika","tag-pl","tag-poland","tag-polish","tag-polska","tag-polski","tag-science","tag-science-and-technology","tag-sciencetechnology","tag-technika","tag-technology"],"share_on_mastodon":{"url":"https:\/\/pubeurope.com\/@pl\/117188198858374490","error":""},"_links":{"self":[{"href":"https:\/\/www.europesays.com\/pl\/wp-json\/wp\/v2\/posts\/656961","targetHints":{"allow":["GET"]}}],"collection":[{"href":"https:\/\/www.europesays.com\/pl\/wp-json\/wp\/v2\/posts"}],"about":[{"href":"https:\/\/www.europesays.com\/pl\/wp-json\/wp\/v2\/types\/post"}],"author":[{"embeddable":true,"href":"https:\/\/www.europesays.com\/pl\/wp-json\/wp\/v2\/users\/2"}],"replies":[{"embeddable":true,"href":"https:\/\/www.europesays.com\/pl\/wp-json\/wp\/v2\/comments?post=656961"}],"version-history":[{"count":0,"href":"https:\/\/www.europesays.com\/pl\/wp-json\/wp\/v2\/posts\/656961\/revisions"}],"wp:featuredmedia":[{"embeddable":true,"href":"https:\/\/www.europesays.com\/pl\/wp-json\/wp\/v2\/media\/656962"}],"wp:attachment":[{"href":"https:\/\/www.europesays.com\/pl\/wp-json\/wp\/v2\/media?parent=656961"}],"wp:term":[{"taxonomy":"category","embeddable":true,"href":"https:\/\/www.europesays.com\/pl\/wp-json\/wp\/v2\/categories?post=656961"},{"taxonomy":"post_tag","embeddable":true,"href":"https:\/\/www.europesays.com\/pl\/wp-json\/wp\/v2\/tags?post=656961"}],"curies":[{"name":"wp","href":"https:\/\/api.w.org\/{rel}","templated":true}]}}