{"id":656965,"date":"2026-08-31T04:20:12","date_gmt":"2026-08-31T04:20:12","guid":{"rendered":"https:\/\/www.europesays.com\/pl\/656965\/"},"modified":"2026-08-31T04:20:12","modified_gmt":"2026-08-31T04:20:12","slug":"na-wegrzech-skradziono-cessne-leciala-nad-elektrownia","status":"publish","type":"post","link":"https:\/\/www.europesays.com\/pl\/656965\/","title":{"rendered":"Na W\u0119grzech skradziono Cessn\u0119. Lecia\u0142a nad elektrowni\u0105"},"content":{"rendered":"<p>O sprawie poinformowa\u0142 w niedziel\u0119 portal 24.hu. Do zdarzenia dosz\u0142o w sobot\u0119 rano na lotnisku w miejscowo\u015bci Kalocsa, sk\u0105d 24-latek zabra\u0142 samolot Cessna 172. Nast\u0119pnie maszyna znalaz\u0142a si\u0119 w przestrzeni powietrznej nad elektrowni\u0105 j\u0105drow\u0105 w Paksu, co uruchomi\u0142o reakcj\u0119 w\u0119gierskich si\u0142 powietrznych.<\/p>\n<p>Dalszy ci\u0105g artyku\u0142u pod materia\u0142em wideoReakcja w\u0119gierskiego wojska<\/p>\n<p>Informacj\u0119 o kradzie\u017cy samolotu przekaza\u0142 na Facebooku minister obrony W\u0119gier Romulusz Ruszin-Szendi. Wskaza\u0142, \u017ce wojsko zosta\u0142o powiadomione o incydencie, a kilka minut p\u00f3\u017aniej uszkodzona maszyna wykona\u0142a awaryjne l\u0105dowanie w okolicach miejscowo\u015bci Gerjen. Nad miejscem zdarzenia czuwa\u0142y poderwane wcze\u015bniej my\u015bliwce.<\/p>\n<p>&#8222;My\u015bliwce typu Gripen zlokalizowa\u0142y uszkodzon\u0105 maszyn\u0119 i pozosta\u0142y nad miejscem zdarzenia do czasu przybycia \u015bmig\u0142owca ratunkowego oraz naziemnych s\u0142u\u017cb mundurowych&#8221; \u2014 napisa\u0142 minister.<\/p>\n<p>Pr\u00f3ba ucieczki 24-latka<\/p>\n<p>Po awaryjnym l\u0105dowaniu m\u0119\u017cczyzna pr\u00f3bowa\u0142 oddali\u0107 si\u0119 z miejsca zdarzenia. Zauwa\u017cy\u0142 go kierowca przeje\u017cd\u017caj\u0105cego auta i chcia\u0142 udzieli\u0107 mu pomocy. Wtedy 24-latek podj\u0105\u0142 pr\u00f3b\u0119 skradzenia pojazdu, jednak kierowca zdo\u0142a\u0142 go powstrzyma\u0107. Sprawc\u0119 zatrzyma\u0142a policja w trakcie pr\u00f3by ucieczki.<\/p>\n<p>Zatrzymany t\u0142umaczy\u0142, \u017ce upojenie alkoholowe by\u0142o na tyle silne, i\u017c nie pami\u0119ta momentu zabrania samolotu \u2014 podaje 24.hu. Najpierw trafi\u0142 do szpitala, a nast\u0119pnie zosta\u0142 przewieziony do aresztu. Wobec 24-latka wszcz\u0119to post\u0119powanie w sprawie kradzie\u017cy i rozboju.<\/p>\n<p>&#8222;To ju\u017c si\u0119 sta\u0142o&#8221;. Za zamkni\u0119tymi drzwiami dyplomaci szepcz\u0105 o USA &#8222;g\u0142\u0119boko niepokoj\u0105ce&#8221; rzeczy<img class=\"ods-a-photo ods-a-photo--background\" src=\"https:\/\/www.europesays.com\/pl\/wp-content\/uploads\/2026\/08\/U_Yk9lBaHR0cHM6Ly9vY2RuLmV1L3B1bHNjbXMvTURBXy8yZWIyNmExNDhjNWUwNmJjMjg0ZWE5NDhlMDU0OWM4NC5qcGeRlQLNA.jpeg\" height=\"303\" width=\"450\" alt=\"Donald Trump\" loading=\"lazy\" fetchpriority=\"low\" decoding=\"async\"\/><\/p>\n","protected":false},"excerpt":{"rendered":"O sprawie poinformowa\u0142 w niedziel\u0119 portal 24.hu. Do zdarzenia dosz\u0142o w sobot\u0119 rano na lotnisku w miejscowo\u015bci Kalocsa,&hellip;\n","protected":false},"author":2,"featured_media":656966,"comment_status":"","ping_status":"","sticky":false,"template":"","format":"standard","meta":{"footnotes":"","_share_on_mastodon":"0"},"categories":[14],"tags":[61195,32,33,27,34,35,28,31,48,25,46,40,41,47,80,29,30,2670,26,82,83,84],"class_list":["post-656965","post","type-post","status-publish","format-standard","has-post-thumbnail","category-swiat","tag-bottomfeed_styl","tag-breaking-news","tag-breakingnews","tag-headlines","tag-latest-news","tag-latestnews","tag-naglowki","tag-najwazniejsze-artykuly","tag-nat_styl","tag-news","tag-omp","tag-polish","tag-polski","tag-screening_general","tag-swiat","tag-top-stories","tag-topstories","tag-wegry","tag-wiadomosci","tag-world","tag-world-news","tag-worldnews"],"share_on_mastodon":{"url":"https:\/\/pubeurope.com\/@pl\/117188206636056754","error":""},"_links":{"self":[{"href":"https:\/\/www.europesays.com\/pl\/wp-json\/wp\/v2\/posts\/656965","targetHints":{"allow":["GET"]}}],"collection":[{"href":"https:\/\/www.europesays.com\/pl\/wp-json\/wp\/v2\/posts"}],"about":[{"href":"https:\/\/www.europesays.com\/pl\/wp-json\/wp\/v2\/types\/post"}],"author":[{"embeddable":true,"href":"https:\/\/www.europesays.com\/pl\/wp-json\/wp\/v2\/users\/2"}],"replies":[{"embeddable":true,"href":"https:\/\/www.europesays.com\/pl\/wp-json\/wp\/v2\/comments?post=656965"}],"version-history":[{"count":0,"href":"https:\/\/www.europesays.com\/pl\/wp-json\/wp\/v2\/posts\/656965\/revisions"}],"wp:featuredmedia":[{"embeddable":true,"href":"https:\/\/www.europesays.com\/pl\/wp-json\/wp\/v2\/media\/656966"}],"wp:attachment":[{"href":"https:\/\/www.europesays.com\/pl\/wp-json\/wp\/v2\/media?parent=656965"}],"wp:term":[{"taxonomy":"category","embeddable":true,"href":"https:\/\/www.europesays.com\/pl\/wp-json\/wp\/v2\/categories?post=656965"},{"taxonomy":"post_tag","embeddable":true,"href":"https:\/\/www.europesays.com\/pl\/wp-json\/wp\/v2\/tags?post=656965"}],"curies":[{"name":"wp","href":"https:\/\/api.w.org\/{rel}","templated":true}]}}