{"id":656989,"date":"2026-08-31T04:38:20","date_gmt":"2026-08-31T04:38:20","guid":{"rendered":"https:\/\/www.europesays.com\/pl\/656989\/"},"modified":"2026-08-31T04:38:20","modified_gmt":"2026-08-31T04:38:20","slug":"lech-poznan-poznal-rywali-w-lidze-europy","status":"publish","type":"post","link":"https:\/\/www.europesays.com\/pl\/656989\/","title":{"rendered":"Lech Pozna\u0144 pozna\u0142 rywali w Lidze Europy"},"content":{"rendered":"<p>Reklamowe pliki cookies (w tym pliki medi\u00f3w spo\u0142eczno\u015bciowych) umo\u017cliwiaj\u0105 prezentowanie informacji dostosowanych do preferencji u\u017cytkownik\u00f3w (na podstawie historii przegl\u0105dania oraz podejmowanych dzia\u0142a\u0144,w serwisie oraz w witrynach stron trzecich wy\u015bwietlane s\u0105 reklamy). Dzi\u0119ki nim mo\u017cemy tak\u017ce mierzy\u0107 skuteczno\u015b\u0107 kampanii reklamowych KKS Lech Pozna\u0144 S.A. i naszych partner\u00f3w.<\/p>\n<p>W ka\u017cdej chwili mo\u017cesz zmieni\u0107 lub wycofa\u0107 swoj\u0105 zgod\u0119 za pomoc\u0105 ustawie\u0144 dost\u0119pnych w ustawieniach prywatno\u015bci.<\/p>\n","protected":false},"excerpt":{"rendered":"Reklamowe pliki cookies (w tym pliki medi\u00f3w spo\u0142eczno\u015bciowych) umo\u017cliwiaj\u0105 prezentowanie informacji dostosowanych do preferencji u\u017cytkownik\u00f3w (na podstawie historii&hellip;\n","protected":false},"author":2,"featured_media":656990,"comment_status":"","ping_status":"","sticky":false,"template":"","format":"standard","meta":{"footnotes":"","_share_on_mastodon":"0"},"categories":[51609],"tags":[210,6226,274,6221,6225,6222,215,6224,6223,269,42,38,40,39,41,1817],"class_list":["post-656989","post","type-post","status-publish","format-standard","has-post-thumbnail","category-poznan","tag-aktualnosci","tag-bilety","tag-ekstraklasa","tag-kolejorz","tag-kolejorza","tag-lech","tag-lech-poznan","tag-lechici","tag-oficjalny","tag-pilka-nozna","tag-pl","tag-poland","tag-polish","tag-polska","tag-polski","tag-poznan"],"share_on_mastodon":{"url":"","error":""},"_links":{"self":[{"href":"https:\/\/www.europesays.com\/pl\/wp-json\/wp\/v2\/posts\/656989","targetHints":{"allow":["GET"]}}],"collection":[{"href":"https:\/\/www.europesays.com\/pl\/wp-json\/wp\/v2\/posts"}],"about":[{"href":"https:\/\/www.europesays.com\/pl\/wp-json\/wp\/v2\/types\/post"}],"author":[{"embeddable":true,"href":"https:\/\/www.europesays.com\/pl\/wp-json\/wp\/v2\/users\/2"}],"replies":[{"embeddable":true,"href":"https:\/\/www.europesays.com\/pl\/wp-json\/wp\/v2\/comments?post=656989"}],"version-history":[{"count":0,"href":"https:\/\/www.europesays.com\/pl\/wp-json\/wp\/v2\/posts\/656989\/revisions"}],"wp:featuredmedia":[{"embeddable":true,"href":"https:\/\/www.europesays.com\/pl\/wp-json\/wp\/v2\/media\/656990"}],"wp:attachment":[{"href":"https:\/\/www.europesays.com\/pl\/wp-json\/wp\/v2\/media?parent=656989"}],"wp:term":[{"taxonomy":"category","embeddable":true,"href":"https:\/\/www.europesays.com\/pl\/wp-json\/wp\/v2\/categories?post=656989"},{"taxonomy":"post_tag","embeddable":true,"href":"https:\/\/www.europesays.com\/pl\/wp-json\/wp\/v2\/tags?post=656989"}],"curies":[{"name":"wp","href":"https:\/\/api.w.org\/{rel}","templated":true}]}}