{"id":657009,"date":"2026-08-31T04:56:11","date_gmt":"2026-08-31T04:56:11","guid":{"rendered":"https:\/\/www.europesays.com\/pl\/657009\/"},"modified":"2026-08-31T04:56:11","modified_gmt":"2026-08-31T04:56:11","slug":"nie-zyje-wybitna-lekarka-wspolpracownicy-zmienila-oblicze-polskiej-pediatrii","status":"publish","type":"post","link":"https:\/\/www.europesays.com\/pl\/657009\/","title":{"rendered":"Nie \u017cyje wybitna lekarka. Wsp\u00f3\u0142pracownicy: zmieni\u0142a oblicze polskiej pediatrii"},"content":{"rendered":"<p>Po\u017cegnanie prof. Jung-Hauskiej<\/p>\n<p>Msza \u015bwi\u0119ta pogrzebowa zaplanowana jest na poniedzia\u0142ek, 31 sierpnia 2026 r. o godz. 12:00 w ko\u015bciele parafialnym w Falenicy. Po niej zmar\u0142a zostanie odprowadzona do rodzinnego grobu na miejscowym cmentarzu. Rodzina i bliscy otrzymali wyrazy g\u0142\u0119bokiego wsp\u00f3\u0142czucia od Dyrekcji i Rady Naukowej Instytutu oraz pracownik\u00f3w Kliniki.<\/p>\n<p>Kim by\u0142a prof. Anna Jung-Hauska?Prof. Anna Jung-Hauska by\u0142a zwi\u0105zana z Akademi\u0105 Medyczn\u0105 w Warszawie, gdzie uko\u0144czy\u0142a studia na Wydziale Lekarskim w 1967 r. Mia\u0142a a\u017c cztery specjalizacje: <a href=\"https:\/\/www.medonet.pl\/ciaza-i-dziecko\/pediatria-czym-sie-zajmuje\/ck9zwhd\" id=\"e45f15ca-86bf-4ef6-b8b3-5f292dccb675\" rel=\"nofollow noopener\" target=\"_blank\">pediatri\u0119<\/a> I i II stopnia, <a href=\"https:\/\/www.medonet.pl\/zdrowie\/nefrologia-wizyta-u-nefrologa-metody-diagnostyczne-leczenie-chorob-nefrologicznych\/6ddv8hm\" id=\"741c5ac2-acea-4ea9-a024-36183637cec8\" rel=\"nofollow noopener\" target=\"_blank\">nefrologi\u0119<\/a> oraz alergologi\u0119. Swoj\u0105 prac\u0119 doktorsk\u0105 po\u015bwi\u0119ci\u0142a testom sk\u00f3rnym w wirusowym zapaleniu w\u0105troby. W 1988 r. uzyska\u0142a stopie\u0144 doktora habilitowanego, a dziewi\u0119\u0107 lat p\u00f3\u017aniej \u2014 tytu\u0142 profesora nauk medycznych za wybitne osi\u0105gni\u0119cia i promowanie polskiej nauki na \u015bwiecie.<\/p>\n<p>Jej \u017cycie zawodowe od pocz\u0105tku by\u0142o zwi\u0105zane z medycyn\u0105 dzieci\u0119c\u0105. Przez ponad dwie dekady (1991-2014) kierowa\u0142a Klinik\u0105 Pediatrii, Nefrologii i Alergologii Dzieci\u0119cej w Wojskowym Instytucie Medycznym. To w\u0142a\u015bnie pod jej skrzyd\u0142ami klinika dynamicznie si\u0119 rozwija\u0142a \u2014 zar\u00f3wno pod wzgl\u0119dem leczenia, bada\u0144 naukowych, jak i kszta\u0142cenia kolejnych pokole\u0144 lekarzy.<\/p>\n<p>Dalszy ci\u0105g artyku\u0142u pod materia\u0142em wideoProf. Jung-Hauska \u2014 ekspertka o \u015bwiatowej renomie<\/p>\n<p>Zainteresowania prof. Jung-Hauskiej skupia\u0142y si\u0119 wok\u00f3\u0142 nefrologii i alergologii dzieci\u0119cej, ale nie ba\u0142a si\u0119 nowych wyzwa\u0144. Bada\u0142a m.in. zastosowanie termografii w medycynie. By\u0142a prezydentem European Association of Thermology i przewodnicz\u0105c\u0105 Polskiego Towarzystwa Diagnostyki Termograficznej w Medycynie. To w\u0142a\u015bnie dzi\u0119ki niej polska nauka by\u0142a widoczna na arenie mi\u0119dzynarodowej.<\/p>\n<p>Jest autork\u0105 i wsp\u00f3\u0142autork\u0105 licznych publikacji naukowych, a tak\u017ce podr\u0119cznik\u00f3w dotycz\u0105cych chor\u00f3b uk\u0142adu moczowego u dzieci. Przez wiele lat by\u0142a redaktork\u0105 naczeln\u0105 renomowanego czasopisma &#8222;Pediatria i Medycyna Rodzinna&#8221;.<\/p>\n<p>W 2015 r. prezydent RP odznaczy\u0142 j\u0105 Krzy\u017cem Kawalerskim Orderu Odrodzenia Polski za wybitne osi\u0105gni\u0119cia naukowe i dydaktyczne.<\/p>\n<p>Wspomnienie o prof. Jung-Hauskiej. Tak zapami\u0119tali j\u0105 wsp\u00f3\u0142pracownicy<\/p>\n<p>Wsp\u00f3\u0142pracownicy podkre\u015blaj\u0105, \u017ce prof. Jung-Hauska by\u0142a wymagaj\u0105ca \u2014 zar\u00f3wno wobec siebie, jak i innych. Zawsze konsekwentna, zawsze zaanga\u017cowana w sprawy kliniki. Przez ca\u0142e \u017cycie nie tylko leczy\u0142a, ale i uczy\u0142a kolejne pokolenia lekarzy. Jej dorobek na zawsze pozostanie w pami\u0119ci uczni\u00f3w, wsp\u00f3\u0142pracownik\u00f3w i pacjent\u00f3w.<\/p>\n<p>&#8222;Odszed\u0142 od nas Cz\u0142owiek wyj\u0105tkowej \u017cyczliwo\u015bci, wybitny lekarz i naukowiec&#8221; \u2014 czytamy w ostatnim po\u017cegnaniu przygotowanym przez Zarz\u0105d Polskiego Towarzystwa Nefrologii Dzieci\u0119cej.<\/p>\n<p class=\"ods-a-disclaimer__text\">Tre\u015bci z serwisu Medonet maj\u0105 na celu polepszenie, a nie zast\u0105pienie, kontaktu pomi\u0119dzy U\u017cytkownikiem a jego lekarzem. Serwis ma charakter wy\u0142\u0105cznie informacyjno-edukacyjny. Przed zastosowaniem si\u0119 do porad z zakresu wiedzy specjalistycznej, w szczeg\u00f3lno\u015bci medycznych, zawartych w Serwisie nale\u017cy bezwzgl\u0119dnie skonsultowa\u0107 si\u0119 z lekarzem.<\/p>\n","protected":false},"excerpt":{"rendered":"Po\u017cegnanie prof. Jung-Hauskiej Msza \u015bwi\u0119ta pogrzebowa zaplanowana jest na poniedzia\u0142ek, 31 sierpnia 2026 r. o godz. 12:00 w&hellip;\n","protected":false},"author":2,"featured_media":657010,"comment_status":"","ping_status":"","sticky":false,"template":"","format":"standard","meta":{"footnotes":"","_share_on_mastodon":"0"},"categories":[12],"tags":[32,33,36,37,27,34,35,28,31,48,25,46,88343,24281,42,38,40,39,41,47,511,29,30,26,253],"class_list":["post-657009","post","type-post","status-publish","format-standard","has-post-thumbnail","category-polska","tag-breaking-news","tag-breakingnews","tag-featured-news","tag-featurednews","tag-headlines","tag-latest-news","tag-latestnews","tag-naglowki","tag-najwazniejsze-artykuly","tag-nat_styl","tag-news","tag-omp","tag-pediatra","tag-pediatria","tag-pl","tag-poland","tag-polish","tag-polska","tag-polski","tag-screening_general","tag-smierc","tag-top-stories","tag-topstories","tag-wiadomosci","tag-zdrowie"],"share_on_mastodon":{"url":"https:\/\/pubeurope.com\/@pl\/117188348198606496","error":""},"_links":{"self":[{"href":"https:\/\/www.europesays.com\/pl\/wp-json\/wp\/v2\/posts\/657009","targetHints":{"allow":["GET"]}}],"collection":[{"href":"https:\/\/www.europesays.com\/pl\/wp-json\/wp\/v2\/posts"}],"about":[{"href":"https:\/\/www.europesays.com\/pl\/wp-json\/wp\/v2\/types\/post"}],"author":[{"embeddable":true,"href":"https:\/\/www.europesays.com\/pl\/wp-json\/wp\/v2\/users\/2"}],"replies":[{"embeddable":true,"href":"https:\/\/www.europesays.com\/pl\/wp-json\/wp\/v2\/comments?post=657009"}],"version-history":[{"count":0,"href":"https:\/\/www.europesays.com\/pl\/wp-json\/wp\/v2\/posts\/657009\/revisions"}],"wp:featuredmedia":[{"embeddable":true,"href":"https:\/\/www.europesays.com\/pl\/wp-json\/wp\/v2\/media\/657010"}],"wp:attachment":[{"href":"https:\/\/www.europesays.com\/pl\/wp-json\/wp\/v2\/media?parent=657009"}],"wp:term":[{"taxonomy":"category","embeddable":true,"href":"https:\/\/www.europesays.com\/pl\/wp-json\/wp\/v2\/categories?post=657009"},{"taxonomy":"post_tag","embeddable":true,"href":"https:\/\/www.europesays.com\/pl\/wp-json\/wp\/v2\/tags?post=657009"}],"curies":[{"name":"wp","href":"https:\/\/api.w.org\/{rel}","templated":true}]}}