{"id":657013,"date":"2026-08-31T04:58:12","date_gmt":"2026-08-31T04:58:12","guid":{"rendered":"https:\/\/www.europesays.com\/pl\/657013\/"},"modified":"2026-08-31T04:58:12","modified_gmt":"2026-08-31T04:58:12","slug":"co-moze-zrobic-rzad-zeby-poprawic-sondaze-zaczac-grac-do-jednej-bramki","status":"publish","type":"post","link":"https:\/\/www.europesays.com\/pl\/657013\/","title":{"rendered":"Co mo\u017ce zrobi\u0107 rz\u0105d, \u017ceby poprawi\u0107 sonda\u017ce? &#8222;Zacz\u0105\u0107 gra\u0107 do jednej bramki&#8221;"},"content":{"rendered":"<p>        &#8222;Newsweek&#8221;: Wkraczamy w ostatni rok przed kampani\u0105. Notowania rz\u0105du s\u0105 z\u0142e. Co koalicja mo\u017ce zrobi\u0107, \u017ceby je poprawi\u0107?<\/p>\n<p>\n        Daniel Pers: Przede wszystkim musi zacz\u0105\u0107 gra\u0107 do jednej bramki. Bo dzi\u015b, je\u015bli chodzi o wewn\u0119trzne konflikty, wygl\u0105da to odwrotnie ni\u017c w kampanii 2023 r. Je\u015bli koalicja ma wygra\u0107 z prawic\u0105 w 2027 r., to mog\u0142aby zagra\u0107 t\u0105 sam\u0105 kart\u0105, kt\u00f3r\u0105 skutecznie gra\u0142 Kaczy\u0144ski w 2019 r.: stabilny rz\u0105d kontra koalicja chaosu. Tylko \u017ce rz\u0105d ma problem ze stabiln\u0105 komunikacj\u0105. Gdy rozmawia si\u0119 kuluarowo z politykami KO, to oni dostrzegaj\u0105 ten problem, ale najcz\u0119\u015bciej po prostu obwiniaj\u0105 o to Katarzyn\u0119 Pe\u0142czy\u0144sk\u0105-Na\u0142\u0119cz. M\u00f3wi\u0105: gdyby\u015bmy si\u0119 jej pozbyli z rz\u0105du, to mo\u017cna by p\u00f3j\u015b\u0107 do przodu, ale jak j\u0105 wyrzucimy, to mo\u017cemy straci\u0107 wi\u0119kszo\u015b\u0107 w Sejmie.\n    <\/p>\n<p>        Media donosz\u0105, \u017ce mo\u017cliwy jest powr\u00f3t Szymona Ho\u0142owni do rz\u0105du, mia\u0142by on zast\u0105pi\u0107 Pe\u0142czy\u0144sk\u0105-Na\u0142\u0119cz.<\/p>\n<p>\n        \u2014 To jednak samo nie pomo\u017ce, je\u015bli rz\u0105d nie b\u0119dzie mia\u0142 opowie\u015bci o tym, co chce zrobi\u0107 nie tylko przez ten rok, ale tak\u017ce w kolejnej kadencji. Opowie\u015bci o tym, po co jest w\u0142a\u015bciwie ta w\u0142adza. Bo opowie\u015b\u0107: &#8222;\u017ceby nie dopu\u015bci\u0107 do w\u0142adzy <a href=\"https:\/\/www.newsweek.pl\/polska\/polityka\/jakie-poglady-ma-grzegorz-braun-jego-radykalizm-moze-miec-korzenie-w-rodzinie\/7wqln8t\" id=\"8509129a-a86b-4beb-b457-87597e81e0ee\" rel=\"nofollow noopener\" target=\"_blank\">Brauna<\/a>&#8222;, nie grzeje ludzi wystarczaj\u0105co. Koalicja wpad\u0142a troch\u0119 w pu\u0142apk\u0119 ci\u0105g\u0142ego zarz\u0105dzania kryzysowego (i to w s\u0142abym wydaniu), brakuje jej kulania swoich \u015bnie\u017cek.\n    <\/p>\n<p>\n        Taka opowie\u015b\u0107 jest te\u017c kluczowa jako zabezpieczenie na wypadek utraty w\u0142adzy. Bo jak traci si\u0119 w\u0142adz\u0119 bez w\u0142asnej narracji o minionej kadencji, to narracj\u0119 na temat naszych rz\u0105d\u00f3w narzucaj\u0105 przeciwnicy. A wtedy znacznie trudniej jest si\u0119 politycznie odbudowa\u0107 po pora\u017cce.\n    <\/p>\n<p>        Tylko czy wyborca nie uzna, \u017ce jakiekolwiek plany przedstawi rz\u0105d, to i tak zablokuje je prezydent Nawrocki wetem?<\/p>\n<p>\n        \u2014 Weta Nawrockiego s\u0105 wygodn\u0105 wym\u00f3wk\u0105 dla koalicji na wybory w 2027 r. Na pewno lepiej dla rz\u0105du, \u017ceby ludzie rozmawiali o wetach ni\u017c o aferze w <a href=\"https:\/\/www.newsweek.pl\/polska\/polityka\/wszystkie-najwazniejsze-fakty-o-aferze-w-szpitalu-poludniowym-i-5-kluczowych-pytan\/b2vrdb5\" id=\"3ae0c367-697f-43dc-a16a-be38352e83fa\" rel=\"nofollow noopener\" target=\"_blank\">Szpitalu Po\u0142udniowym<\/a> w stolicy. Tylko aby to dzia\u0142a\u0142o, trzeba odpowiednio korzysta\u0107 z tego zagrania. Rz\u0105d pr\u00f3bowa\u0142 to robi\u0107, uruchamiaj\u0105c narracj\u0119 o wetomacie. Wida\u0107, \u017ce Kancelaria Prezydenta uzna\u0142a, i\u017c to dla nich problem, bo Nawrocki ci\u0105gle si\u0119 do tego odnosi i starannie uzasadnia ka\u017cde weto. W narracji o wetach zabrak\u0142o jednak rz\u0105dowi trzech &#8222;k&#8221; \u2014 konceptu, konsekwencji i zn\u00f3w: komunikacji.\n    <\/p>\n<p>\n        I to jest kluczowy problem koalicji. S\u0142ysza\u0142em niedawno o szkoleniu dla polityk\u00f3w KO, na kt\u00f3rym zapowiedziano im, \u017ce maj\u0105 by\u0107 aktywniejsi w mediach spo\u0142eczno\u015bciowych, a jak nie wyrobi\u0105 zasi\u0119g\u00f3w, to czekaj\u0105 ich konsekwencje. Po jakim\u015b czasie przestano jednak to weryfikowa\u0107 i temat umar\u0142 \u015bmierci\u0105 naturaln\u0105, a pos\u0142owie odkleili si\u0119 od wyborc\u00f3w w okr\u0119gach. Partia, kt\u00f3ra dzia\u0142a w taki spos\u00f3b, sprawia wra\u017cenie, jakby nie zale\u017ca\u0142o jej na zachowaniu w\u0142adzy.\n    <\/p>\n<p>\n        Kluczowe jest te\u017c to, by zmobilizowa\u0107 sw\u00f3j bazowy elektorat. Tu jednak Koalicja Obywatelska nie tyka wielu temat\u00f3w, tak\u017ce tych uruchamiaj\u0105cych emocjonalnie m\u0142odych wyborc\u00f3w.\n    <\/p>\n<p>        Jakich?<\/p>\n<p>\n        \u2014 Na przyk\u0142ad dzia\u0142ania Trumpa i Izraela. Wojna w Iranie ma te\u017c konsekwencje w postaci cen benzyny. To by\u0142by moment, by spyta\u0107 o sojusz Nawrockiego z Trumpem, wypomnie\u0107 go prezydentowi. KO tego nie robi. Z moich informacji wynika, \u017ce w KO jest wr\u0119cz zakaz poruszania takich temat\u00f3w jak Trump czy polityka Izraela w Palestynie.\n    <\/p>\n<p>\n        Inny przyk\u0142ad to AI. Nasza klasa polityczna latami mia\u0142a wiernopodda\u0144czy stosunek do inwestycji technologicznych, tymczasem AI zmienia spo\u0142eczne postrzeganie technologii. Sztuczna inteligencja wywo\u0142uje wielki l\u0119k m\u0142odych ludzi, zw\u0142aszcza w kontek\u015bcie rynku pracy. Ale nikt w polskiej polityce na powa\u017cnie nie podnosi tego tematu.\n    <\/p>\n<p>                    <img width=\"610\" height=\"407\" alt=\"Kancelaria Prezesa Rady Ministr\u00f3w przed roboczym posiedzeniem rz\u0105du Donalda Tuska w sprawie przysz\u0142orocznego bud\u017cetu, 21.08.2026\" title=\"Kancelaria Prezesa Rady Ministr\u00f3w przed roboczym posiedzeniem rz\u0105du Donalda Tuska w sprawie przysz\u0142orocznego bud\u017cetu, 21.08.2026\" class=\"image imgWithMetaData\" src=\"https:\/\/www.europesays.com\/pl\/wp-content\/uploads\/2026\/08\/3vvk9kpTURBXy80MGNjMWNlNTc5OWQ1ODBjZjM1YzdjYTQ2ZTFmMWRkOC5qcGeRlQLNAmLNAZfCw94AAaEwAQ.jpeg\" loading=\"lazy\" decoding=\"async\"\/> <\/p>\n<p>        Mamy dzi\u015b cztery komitety wyborcze po stronie prawicowej opozycji, co najmniej cztery po stronie rz\u0105dowej i parti\u0119 Razem. W ci\u0105gu najbli\u017cszego roku mo\u017cemy si\u0119 spodziewa\u0107 konsolidacji?<\/p>\n<p>\n        \u2014 To rozdrobnienie jest nieracjonalne po obu stronach, cho\u0107 znacznie bardziej po stronie rz\u0105dowej \u2014 bo dosz\u0142o do rozstrojenia optimum, jakie uda\u0142o si\u0119 zbudowa\u0107 na wybory w 2023 r. Wtedy mieli\u015bmy z jednej strony list\u0119 KO, trzon \u00adliberalny, kt\u00f3ry tak\u017ce reprezentowa\u0142 tward\u0105 opcj\u0119 antyPiS, z drugiej \u2014 lewic\u0119, kt\u00f3ra by\u0142a ideologicznie najbardziej wyrazist\u0105 list\u0105, wreszcie Trzeci\u0105 Drog\u0119 dla najbardziej umiarkowanych.\n    <\/p>\n<p>        Jak to z powrotem dostroi\u0107?<\/p>\n<p>\n        \u2014 Kluczowe s\u0105 dwie kwestie: zapewnienie, by PSL przekroczy\u0142o pr\u00f3g i by by\u0142a jedna lista lewicy. To drugie to arytmetycznie konieczny warunek, by koalicja mog\u0142a my\u015ble\u0107 o utrzymaniu w\u0142adzy. Bo nawet je\u015bli Nowa Lewica i partia Razem wystartuj\u0105 osobno i obie przekrocz\u0105 pr\u00f3g, to obie b\u0119d\u0105 mia\u0142y znacznie mniej mandat\u00f3w, ni\u017c uzyska\u0142yby na wsp\u00f3lnej li\u015bcie.\n    <\/p>\n<p>\n        Dzi\u015b nie wida\u0107 na to szans, Razem jest zdeterminowane do samodzielnego startu. Podzia\u0142 lewicy to te\u017c kolejny czynnik utrudniaj\u0105cy rz\u0105dowi codzienn\u0105 komunikacj\u0119. Razem atakuje Now\u0105 Lewic\u0119 w rz\u0105dzie za to, \u017ce ta biernie stempluje polityk\u0119 Tuska i nic w nim nie jest w stanie osi\u0105gn\u0105\u0107. By si\u0119 broni\u0107, politycy Nowej Lewicy zaczynaj\u0105 w mediach spo\u0142eczno\u015bciowych zg\u0142asza\u0107 krytyczne uwagi do rz\u0105du. Algorytm kwalifikuje to jako tre\u015b\u0107 antyrz\u0105dow\u0105 i wrzuca odbiorcom razem z innymi atakuj\u0105cymi rz\u0105d komunikatami.\n    <\/p>\n<p>        Lewica ma w og\u00f3le potencja\u0142 wzrostu w przysz\u0142ym roku? Polityczny wiatr wydaje si\u0119 w Polsce mocno wia\u0107 w prawo.<\/p>\n<p>\n        \u2014 Moim zdaniem klimat sprzyja dzi\u015b lewicy, co wida\u0107 w wielu zachodnich demokracjach. Lewica zyskuje w sytuacji, gdy mainstream \u2014 niezale\u017cnie, czy jest to niemiecka CDU, czy establishment Partii Demokratycznej \u2014 coraz gorzej radzi sobie z udzielaniem odpowiedzi na problemy bytowe zwyk\u0142ych ludzi. Dlatego np. w USA kolejne prawybory w Partii Demokratycznej wygrywaj\u0105 demokratyczni socjali\u015bci. Pogoda sprzyja raczej populistycznej lewicy ni\u017c liberalnemu centrum.\n    <\/p>\n<p>\n        W Polsce to nie do ko\u0144ca dzia\u0142a, bo Nowa Lewica jest cz\u0119\u015bci\u0105 rz\u0105du, a Razem, zamiast szuka\u0107 w\u015br\u00f3d zdemobilizowanych wyborc\u00f3w obecnego bloku rz\u0105dz\u0105cego, ma najcz\u0119\u015bciej na muszce dzisiejsz\u0105 wi\u0119kszo\u015b\u0107 i de facto \u0142owi we wrogim elektoracie, czyli bloku popieraj\u0105cym prawic\u0119. Ale jakkolwiek paradoksalnie by to brzmia\u0142o, powiedzia\u0142bym, \u017ce to lewica obok dw\u00f3ch Konfederacji ma dzi\u015b najwi\u0119kszy potencja\u0142.\n    <\/p>\n<p>        Czy bior\u0105c pod uwag\u0119 notowania PSL, nie by\u0142oby lepiej, by partia ta startowa\u0142a z jednej listy z KO?<\/p>\n<p>\n        \u2014 PSL jest dramatycznie niedoceniane w sonda\u017cach, z naszej najnowszej symulacji wynika, \u017ce ma poparcie zbli\u017cone raczej do 5 proc. ni\u017c jednego, jak wychodzi niekt\u00f3rym o\u015brodkom. Je\u015bli W\u0142adys\u0142aw Kosiniak-Kamysz b\u0119dzie mia\u0142 pod szyldem PSL jedynk\u0119 w okr\u0119gu tarnowskim, to partia dostanie tam znacz\u0105co wi\u0119cej ni\u017c 5 proc. poparcia.\n    <\/p>\n<p>\n        Gdyby PSL trafi\u0142o na listy KO, to jaka\u015b cz\u0119\u015b\u0107 jego elektoratu l\u0105duje przy PiS, cz\u0119\u015b\u0107 przy Konfederacji, cz\u0119\u015b\u0107 zostaje w domu. I dziura w m\u0119skim elektoracie po stronie rz\u0105dowej, kt\u00f3ra w relacji do 2023 r. dzisiaj wynosi 8 pkt proc., poszerzy si\u0119. Bo PSL jest jedyn\u0105 parti\u0105, na kt\u00f3r\u0105 g\u0142osuje wi\u0119cej m\u0119\u017cczyzn ni\u017c kobiet.\n    <\/p>\n<p>\n        Obok jednej listy lewicy drug\u0105 kluczow\u0105 kwesti\u0105 dla obozu koalicyjnego jest wi\u0119c to, by rz\u0105dowa lista na prawo od KO w odpowiedniej liczbie okr\u0119g\u00f3w przekroczy\u0142a efektywny pr\u00f3g wyborczy. A kluczem jest PSL \u2014 Polska 2050 czy klub Centrum nie maj\u0105 dzi\u015b \u017cadnego realnego poparcia i niewykluczone, \u017ce poszczeg\u00f3lni dzia\u0142acze b\u0119d\u0105 szuka\u0107 miejsc na listach PSL albo KO.\n    <\/p>\n<p>        Prawica te\u017c jest podzielona. Czy spodziewa si\u0119 pan konsolidacji, czy zobaczymy za rok a\u017c cztery listy?<\/p>\n<p>\n        \u2014 \u017bartobliwie powiedzia\u0142bym, \u017ce zobaczymy, czy b\u0119d\u0105 to tylko cztery listy. Bo odej\u015bcie Morawieckiego z PiS nie zatrzyma\u0142o procesu spadku notowa\u0144 tej partii i wcale nie uspokoi\u0142o wewn\u0119trznych konflikt\u00f3w. Bo to wcale nie by\u0142o tak, \u017ce w PiS mieli\u015bmy frakcj\u0119 Morawieckiego i reszt\u0119 partii, tych wewn\u0119trznych podzia\u0142\u00f3w by\u0142o wi\u0119cej. Jaros\u0142aw Kaczy\u0144ski coraz bardziej s\u0142abnie, a w kuluarach coraz cz\u0119\u015bciej si\u0119 m\u00f3wi, \u017ce faktycznym prezesem PiS jest dzi\u015b Jacek Sasin.\n    <\/p>\n<p>\n        Spodziewam si\u0119, \u017ce do\u015b\u0107 szybko padnie &#8222;projekt Czarnek&#8221;. I pojawi si\u0119 problem: kogo teraz wystawi\u0107 jako kandydata na premiera.\n    <\/p>\n<p>\n        Oczywi\u015bcie Kaczy\u0144ski b\u0119dzie pr\u00f3bowa\u0142 konsolidacji prawicy wok\u00f3\u0142 siebie, graj\u0105c w star\u0105 gr\u0119: wskazywanie zdrajcy. Wcze\u015bniej przez kilka miesi\u0119cy stara\u0142 si\u0119 przekona\u0107 wyborc\u00f3w, \u017ce Mentzen zdradzi i p\u00f3jdzie na uk\u0142ad z Tuskiem, teraz to samo b\u0119dzie m\u00f3wi\u0142 o Morawieckim. Ju\u017c dzi\u015b PiS coraz cz\u0119\u015bciej przedstawia Morawieckiego jako &#8222;doradc\u0119 Tuska&#8221;, kt\u00f3ry w kancelarii premiera znalaz\u0142 si\u0119 za PiS w zasadzie przypadkiem.\n    <\/p>\n<p>\n        Opozycja ma zreszt\u0105 problem nie tylko z podzia\u0142ami.\n    <\/p>\n<p>        A z czym jeszcze?<\/p>\n<p>\n        \u2014 Gdy Grzegorz Schetyna przegrywa\u0142 wybory w 2019 r., to z dum\u0105 deklarowa\u0142, \u017ce zbudowa\u0142 najtwardszy antyPiS w historii. I czo\u0142owy problem dzisiejszej prawicowej opozycji polega na tym, \u017ce ona jest postrzegana wy\u0142\u0105cznie jako si\u0142a antyrz\u0105dowa, oderwana od problem\u00f3w zwyk\u0142ych Polak\u00f3w.\n    <\/p>\n<p>\n        We\u017amy ochron\u0119 zdrowia. W badaniach od dawna wychodzi\u0142o, \u017ce to jest temat szczeg\u00f3lnie bol\u0105cy Polak\u00f3w, prawicowa opozycja w zasadzie go jednak ignorowa\u0142a do momentu, a\u017c gruchn\u0119\u0142a afera Kacprzyka. Dzi\u015b, gdy pytamy w badaniach, czy ludzie wierz\u0105, \u017ce zmiana w\u0142adzy co\u015b by zmieni\u0142a na lepsze w ochronie zdrowia, to najcz\u0119\u015bciej odpowiadaj\u0105, \u017ce raczej nie.\n    <\/p>\n<p>\n        PiS po o\u015bmiu latach swoich rz\u0105d\u00f3w jest tu zupe\u0142nie niewiarygodne. Podobny problem ma Morawiecki. W lepszej pozycji s\u0105 obie Konfederacje \u2014 one nie rz\u0105dzi\u0142y i mog\u0105 przedstawi\u0107 swoje propozycje, kt\u00f3re nie zosta\u0142y negatywnie zweryfikowane w praktyce. I mimo ich radykalizmu \u2014 bo te\u017c Korona Brauna jest o wiele bardziej wolnorynkowa, ni\u017c to si\u0119 wydaje wyborcom \u2014 mog\u0105 przyci\u0105gn\u0105\u0107 cz\u0119\u015b\u0107 elektoratu.\n    <\/p>\n<p>\n        W okresie 2015-2023 Kaczy\u0144ski potrafi\u0142 mistrzowsko zagrywa\u0107 kart\u0105: &#8222;no dobrze, ale poza tym, \u017ce jest antyPiS, to jaki w\u0142a\u015bciwie opozycja ma program?&#8221;. Dzi\u015b m\u00f3g\u0142by ni\u0105 zagra\u0107 Tusk, gdyby nie to, \u017ce wizerunkowo sam wpakowa\u0142 si\u0119 w ten problem. Na razie opozycji brak programu uchodzi p\u0142azem, z powodu nieporadno\u015bci strony rz\u0105dowej, kt\u00f3ra nap\u0119dza jej z\u0142e notowania.\n    <\/p>\n<p>        Niemniej sonda\u017ce daj\u0105 dzi\u015b prawicowej opozycji wi\u0119kszo\u015b\u0107.<\/p>\n<p>\n        \u2014 Problem polega na tym, \u017ce z tej arytmetycznej wi\u0119kszo\u015bci niekoniecznie musi si\u0119 u\u0142o\u017cy\u0107 wi\u0119kszo\u015b\u0107 zdolna wsp\u00f3lnie rz\u0105dzi\u0107 w przysz\u0142ym Sejmie. Gdy dzi\u015b Morawiecki wzywa do jednoczenia prawicy, to zaraz Mentzen nagrywa filmik, \u017ce on nie utworzy rz\u0105du z kim\u015b, kto b\u0119dzie przepala\u0142 publiczne \u015brodki.\n    <\/p>\n<p>\n        Ka\u017cd\u0105 parti\u0119, kt\u00f3ra we\u017amie w\u0142adz\u0119 po wyborach, czeka bardzo trudna kadencja \u2014 cho\u0107by ze wzgl\u0119du na warunki bud\u017cetowe. I o ile PiS jest faktycznie zdeterminowane, by wr\u00f3ci\u0107 do w\u0142adzy, o tyle nie widz\u0119 apetytu na w\u0142adz\u0119 po stronie obu Konfederacji. Im wygodniej mo\u017ce by\u0107 ustawi\u0107 si\u0119 w roli recenzenta i czeka\u0107 na przesilenie na prawicy.\n    <\/p>\n<p>        Jak by to mia\u0142o wygl\u0105da\u0107?<\/p>\n<p>\n        \u2014 Na przyk\u0142ad tak, \u017ce <a href=\"https:\/\/www.newsweek.pl\/opinie\/koniec-epoki-pis-po-rosnie-poparcie-dla-mniejszych-partii\/2g7cr4v\" id=\"b09b9968-3466-41e9-a7fb-b7feb0ecee39\" rel=\"nofollow noopener\" target=\"_blank\">Mentzen<\/a> po wyborach gra va \u00adbanque i deklaruje: mnie nie interesuje w\u0142adza, tylko realizacja mojego programu. I je\u015bli rz\u0105d go b\u0119dzie realizowa\u0142, to go popr\u0119, a potem b\u0119d\u0119 rozlicza\u0142 \u2014 bo my nie jeste\u015bmy tak\u0105 parti\u0105 jak inne, nam nie chodzi o sto\u0142ki.\n    <\/p>\n<p>\n        Przecie\u017c gdyby Konfederacja wesz\u0142a do rz\u0105du z PiS, maj\u0105c w opozycji do niego Koron\u0119, to by\u0142aby dla niej polityczna masakra. Podobnie dla Korony rz\u0105dy z Konfederacj\u0105 w opozycji. Cho\u0107 oczywi\u015bcie dla PiS z powodu sojuszu z USA i stosunku Brauna do Izraela sojusz z Koron\u0105 mo\u017ce by\u0107 po prostu niemo\u017cliwy.\n    <\/p>\n<p>\n        Wi\u0119c wcale si\u0119 nie zdziwi\u0119, je\u015bli po wyborach w 2027 r. nie da si\u0119 utworzy\u0107 \u017cadnego rz\u0105du wi\u0119kszo\u015bciowego. Wr\u00f3cimy do niestabilnych, szybko upadaj\u0105cych rz\u0105d\u00f3w i zmieniaj\u0105cych si\u0119 koalicji znanych z lat 90.\n    <\/p>\n<p>        Morawiecki te\u017c mo\u017ce nie mie\u0107 apetytu na w\u0142adz\u0119?<\/p>\n<p>\n        \u2014 My\u015bl\u0119, \u017ce on rozwa\u017ca dwa scenariusze. Pierwszy, idealny jest taki, \u017ce staje jako lider mniejszej partii na czele rz\u0105du. To by wymaga\u0142o sytuacji, w kt\u00f3rej i PiS, i Rozw\u00f3j Plus robi\u0105 wyniki znacznie powy\u017cej oczekiwa\u0144, a Morawieckiemu udaje si\u0119 co\u015b, co mu si\u0119 nie uda\u0142o w 2023 r. \u2014 przekonanie PSL. To jest od dawna marzenie Morawieckiego i cz\u0119\u015bci PiS. W tym political fiction udaje si\u0119 te\u017c przekona\u0107 cz\u0119\u015b\u0107 Konfederacji.\n    <\/p>\n<p>\n        Gdyby ten scenariusz si\u0119 nie spe\u0142ni\u0142, to Morawiecki pewnie stawia na to, \u017ce Kaczy\u0144ski jest znacznie s\u0142abszy, ni\u017c si\u0119 to mog\u0142o wydawa\u0107, i \u017ce je\u015bli po wyborach PiS nie wr\u00f3ci do w\u0142adzy, to przyspieszy to procesy dekompozycji tej partii i tworzenie si\u0119 jakiego\u015b nowego uk\u0142adu na prawicy, na kt\u00f3rej b\u0119dzie samodzielnym, silnym podmiotem.\n    <\/p>\n<p>        Prawicy nie m\u00f3g\u0142by zjednoczy\u0107 na wybory Karol Nawrocki? Na przyk\u0142ad wok\u00f3\u0142 prezydenckiej strategii rozwoju, kt\u00f3rej og\u0142oszenie zapowiedzia\u0142 w rocznic\u0119 zaprzysi\u0119\u017cenia?<\/p>\n<p>\n        \u2014 Widzimy, \u017ce prezydent Nawrocki ma wielkie ambicje, \u0142\u0105cznie z faktycznym przekszta\u0142ceniem ustroju Polski w system prezydencki. Tylko gdyby to prezydent zacz\u0105\u0142 jednoczy\u0107 prawic\u0119 wok\u00f3\u0142 swojej strategii programowej, to by\u0142by wielki problem dla wszystkich prawicowych partii.\n    <\/p>\n<p>Zacznijmy od PiS. Sytuacja, gdy PiS m\u00f3wi: &#8222;zbudujmy jedn\u0105 list\u0119 pod patronatem prezydenta&#8221;, ale tak naprawd\u0119 oznacza to jednoczenie prawicy wok\u00f3\u0142 Kaczy\u0144skiego, wzmacnia parti\u0119. Ale zupe\u0142nie inaczej wygl\u0105da scenariusz: nic si\u0119 ju\u017c na prawicy nie da posk\u0142ada\u0107 i musi wkroczy\u0107 Nawrocki, by ratowa\u0107 sytuacj\u0119.<\/p>\n<p>\n        Jednoczenie prawicy wok\u00f3\u0142 prezydenta by\u0142oby jeszcze bardziej niewygodne dla mniejszych partii. Bo cz\u0119\u015bci\u0105 takiego porozumienia by\u0142oby pewnie to, \u017ce ca\u0142a prawica popiera Nawrockiego w 2030 r. A gdyby Konfederacje nie wystawi\u0142y wtedy swoich kandydat\u00f3w na prezydenta, to by\u0142by ich polityczny koniec. Nie po to Mentzen \u015bci\u0105ga\u0142 rok temu Nawrockiego do Torunia i zmusza\u0142 go do podpisania zobowi\u0105za\u0144, by teraz oddawa\u0107 mu wybory prezydenckie w 2030 r.\n    <\/p>\n<p>                    <img width=\"610\" height=\"890\" alt=\"Daniel Pers\" title=\"Daniel Pers\" class=\"image imgWithMetaData\" src=\"https:\/\/www.europesays.com\/pl\/wp-content\/uploads\/2026\/08\/EYPk9kqTURBXy8wOWNjYTE3ODRmNjQyYThmYmE5YjlhZWEzYjhmYzZlOC5qcGVnkZUCzQJizQN6wsPeAAGhMAE.jpeg\" loading=\"lazy\" decoding=\"async\"\/> <\/p>\n<p>        Czy wybory w po\u0142owie kadencji w USA b\u0119d\u0105 mia\u0142y jaki\u015b wp\u0142yw na nasz\u0105 polityk\u0119 w przysz\u0142ym roku?<\/p>\n<p>\n        \u2014 Dzi\u015b Donald Trump jest skrajnie niepopularny, przegrywa dok\u0142adnie na tych polach, kt\u00f3re torowa\u0142y jego \u015bcie\u017ck\u0119 do w\u0142adzy. Je\u015bli tak jak pokazuj\u0105 sonda\u017ce, w listopadzie czeka nas wielka, demokratyczna fala \u2014 co moim zdaniem jest prawdopodobne \u2014 wygl\u0105daj\u0105ca jak zdecydowane odrzucenie Trumpa przez ameryka\u0144skich wyborc\u00f3w, to os\u0142abi oczywi\u015bcie polsk\u0105 prawic\u0119, t\u0119, kt\u00f3ra gra\u0142a mocno na Trumpa \u2014 bo Konfederacje zachowa\u0142y wi\u0119kszy dystans. Sytuacja polityczna w USA ju\u017c ma prze\u0142o\u017cenie na Europ\u0119, bo upada pewien mit ameryka\u0144skiego \u017co\u0142nierza, kt\u00f3ry stoi na stra\u017cy pokoju na \u015bwiecie, kurs administracji za\u015b wzmacnia fal\u0119 wrogo\u015bci wobec big tech\u00f3w. <\/p>\n","protected":false},"excerpt":{"rendered":"&#8222;Newsweek&#8221;: Wkraczamy w ostatni rok przed kampani\u0105. Notowania rz\u0105du s\u0105 z\u0142e. Co koalicja mo\u017ce zrobi\u0107, \u017ceby je poprawi\u0107?&hellip;\n","protected":false},"author":2,"featured_media":657014,"comment_status":"","ping_status":"","sticky":false,"template":"","format":"standard","meta":{"footnotes":"","_share_on_mastodon":"0"},"categories":[62713],"tags":[1835,1345,85502,7797,8206],"class_list":["post-657013","post","type-post","status-publish","format-standard","has-post-thumbnail","category-donald-tusk","tag-donald-trump","tag-donald-tusk","tag-konfederacja-wolnosc-i-niepodleglosc","tag-prawo-i-sprawiedliwosc","tag-weto"],"share_on_mastodon":{"url":"https:\/\/pubeurope.com\/@pl\/117188356417885781","error":""},"_links":{"self":[{"href":"https:\/\/www.europesays.com\/pl\/wp-json\/wp\/v2\/posts\/657013","targetHints":{"allow":["GET"]}}],"collection":[{"href":"https:\/\/www.europesays.com\/pl\/wp-json\/wp\/v2\/posts"}],"about":[{"href":"https:\/\/www.europesays.com\/pl\/wp-json\/wp\/v2\/types\/post"}],"author":[{"embeddable":true,"href":"https:\/\/www.europesays.com\/pl\/wp-json\/wp\/v2\/users\/2"}],"replies":[{"embeddable":true,"href":"https:\/\/www.europesays.com\/pl\/wp-json\/wp\/v2\/comments?post=657013"}],"version-history":[{"count":0,"href":"https:\/\/www.europesays.com\/pl\/wp-json\/wp\/v2\/posts\/657013\/revisions"}],"wp:featuredmedia":[{"embeddable":true,"href":"https:\/\/www.europesays.com\/pl\/wp-json\/wp\/v2\/media\/657014"}],"wp:attachment":[{"href":"https:\/\/www.europesays.com\/pl\/wp-json\/wp\/v2\/media?parent=657013"}],"wp:term":[{"taxonomy":"category","embeddable":true,"href":"https:\/\/www.europesays.com\/pl\/wp-json\/wp\/v2\/categories?post=657013"},{"taxonomy":"post_tag","embeddable":true,"href":"https:\/\/www.europesays.com\/pl\/wp-json\/wp\/v2\/tags?post=657013"}],"curies":[{"name":"wp","href":"https:\/\/api.w.org\/{rel}","templated":true}]}}