{"id":657015,"date":"2026-08-31T04:59:11","date_gmt":"2026-08-31T04:59:11","guid":{"rendered":"https:\/\/www.europesays.com\/pl\/657015\/"},"modified":"2026-08-31T04:59:11","modified_gmt":"2026-08-31T04:59:11","slug":"nawrocki-zawetowal-ustawe-o-e-dzienniku-nowacka-uderzyl-w-kieszenie-rodzicow","status":"publish","type":"post","link":"https:\/\/www.europesays.com\/pl\/657015\/","title":{"rendered":"Nawrocki zawetowa\u0142 ustaw\u0119 o e-dzienniku. Nowacka: Uderzy\u0142 w kieszenie rodzic\u00f3w"},"content":{"rendered":"\n<p>&#13;<br \/>\nKarol Nawrocki podkre\u015bli\u0142, \u017ce\u00a0nie kwestionuje samej idei cyfryzacji, ale\u00a0ma\u00a0zastrze\u017cenia do\u00a0bezpiecze\u0144stwa danych uczni\u00f3w, koszt\u00f3w oraz\u00a0tempa wdra\u017cania nowego systemu. \u2013\u00a0Nie\u00a0podpisz\u0119 tej ustawy w\u00a0obecnym kszta\u0142cie. Nie\u00a0m\u00f3wi\u0119 &#8222;nie&#8221; pa\u0144stwowemu eDziennikowi. M\u00f3wi\u0119 \u2013\u00a0przygotujcie si\u0119 dobrze, przygotujcie si\u0119 lepiej \u2013\u00a0<a href=\"https:\/\/dorzeczy.pl\/opinie\/934984\/karol-nawrocki-zdecydowal-w-sprawie-siedmiu-ustaw-nowe-weta-prezydenta.html\" rel=\"nofollow noopener\" target=\"_blank\">t\u0142umaczy\u0142 prezydent<\/a>. Zwr\u00f3ci\u0142 uwag\u0119 na\u00a0potrzeb\u0119 konsultacji z\u00a0nauczycielami i\u00a0ekspertami, lepsze zabezpieczenie danych dzieci oraz\u00a0rozs\u0105dne i\u00a0przejrzyste koszty. &#13;\n<\/p>\n<p>&#13;<br \/>\nW centralnej bazie mia\u0142yby znale\u017a\u0107 si\u0119 m.in. numery PESEL, zdj\u0119cia, oceny, a\u00a0tak\u017ce informacje o\u00a0frekwencji oraz\u00a0specjalnych potrzebach edukacyjnych. Obecnie szko\u0142y korzystaj\u0105 z\u00a0r\u00f3\u017cnych komercyjnych system\u00f3w dziennik\u00f3w elektronicznych. Rodzic, kt\u00f3rego dzieci chodz\u0105 do\u00a0dw\u00f3ch r\u00f3\u017cnych plac\u00f3wek, musi czasem korzysta\u0107 z\u00a0dw\u00f3ch zupe\u0142nie innych system\u00f3w logowania. Pa\u0144stwowy eDziennik mia\u0142 to\u00a0zmieni\u0107 i, zgodnie z\u00a0zapowiedziami Ministerstwa Cyfryzacji, zapewni\u0107 r\u00f3wny dost\u0119p do\u00a0szkolnych informacji, niezale\u017cnie od\u00a0tego, do\u00a0jakiej plac\u00f3wki ucz\u0119szcza dziecko. &#13;\n<\/p>\n<p>Nowacka krytykuje weto prezydenta Nawrockiego<\/p>\n<p>&#13;<br \/>\nDo sprawy odnios\u0142a si\u0119 w\u00a0niedziel\u0119 na\u00a0antenie TVP Info minister edukacji narodowej Barbara Nowacka. Jak oceni\u0142a, &#8222;zarzuty prezydenta sprawiaj\u0105 wra\u017cenie zarzut\u00f3w stricte lobbystycznych&#8221;, za\u015b\u00a0&#8222;rodzice b\u0119d\u0105 musieli zap\u0142aci\u0107&#8221;. &#13;\n<\/p>\n<p>&#13;<br \/>\n\u2013 To\u00a0okropnie niem\u0105dre weto, uderzaj\u0105ce w\u00a0kieszenie rodzic\u00f3w \u2013\u00a0stwierdzi\u0142a Nowacka. &#13;\n<\/p>\n<p>&#13;<br \/>\nSzefowa MEN przekaza\u0142a, \u017ce\u00a0planuje poprosi\u0107 s\u0142u\u017cby, by\u00a0sprawdzi\u0142y, czy\u00a0w\u00a0tej sprawie nie\u00a0dosz\u0142o do\u00a0lobbingu, poniewa\u017c \u2013\u00a0jak stwierdzi\u0142a \u2013\u00a0prezydent i\u00a0jego wsp\u00f3\u0142pracownicy, maj\u0105c do\u00a0wyboru rodzic\u00f3w i\u00a0dwie firmy, wskazali &#8222;firmy, kt\u00f3re maj\u0105 z\u00a0tego du\u017ce zyski, dla\u00a0kt\u00f3rych to\u00a0jest wa\u017cny rynek&#8221;. &#13;\n<\/p>\n<p>Szefowa MEN: Prezydent uderzy\u0142 w\u00a0kieszenie rodzic\u00f3w<\/p>\n<p>&#13;<br \/>\nKarol Nawrocki zwr\u00f3ci\u0142 uwag\u0119 na\u00a0koszt wdra\u017cania nowego rozwi\u0105zania. Barbara Nowacka stwierdzi\u0142a, \u017ce\u00a0koszt mia\u0142 wynie\u015b\u0107 20 mln z\u0142otych rocznie. Minister edukacji narodowej oceni\u0142a, \u017ce\u00a0Polsk\u0119 sta\u0107 na\u00a0taki wydatek. &#13;\n<\/p>\n<p>&#13;<br \/>\n\u2013 Firmy zarabiaj\u0105 na\u00a0rodzicach znacznie wi\u0119cej ni\u017c\u00a0ten koszt \u2013\u00a0powiedzia\u0142a szefowa MEN. &#13;\n<\/p>\n<p>&#13;<br \/>\nPod adresem g\u0142owy pa\u0144stwa pad\u0142 powa\u017cny zarzut. \u2013\u00a0Niech pan prezydent z\u0142o\u017cy swoj\u0105 ustaw\u0119, je\u015bli jest tak \u015bwietnie przygotowany. (&#8230;) Uderzy\u0142 w\u00a0kieszenie rodzic\u00f3w \u2013\u00a0zaznaczy\u0142a Nowacka. &#13;\n<\/p>\n<p>&#13;<br \/>\n   Czytaj te\u017c:<br \/><a href=\"https:\/\/dorzeczy.pl\/kraj\/935686\/szefernaker-wyjasnia-weto-nawrockiego-byly-zastrzezenia.html\" rel=\"follow nofollow noopener\" data-schema=\"DORZECZY\" data-image=\"https:\/\/img.dorzeczy.pl\/_thumb\/33\/b9\/973c588d04e7d531791ab7198ce1.jpeg\" target=\"_blank\">&#8222;Nawet w\u00a0rz\u0105dzie by\u0142y zastrze\u017cenia&#8221;. Szefernaker zdradza powody weta Nawrockiego<\/a>   Czytaj te\u017c:<br \/><a href=\"https:\/\/dorzeczy.pl\/kraj\/935287\/zandberg-krytykuje-weto-nawrockiego-absurdalny-argument.html\" rel=\"follow nofollow noopener\" data-schema=\"DORZECZY\" data-image=\"https:\/\/img.dorzeczy.pl\/_thumb\/4d\/83\/f0188d47d854b7d3629502505f18.jpeg\" target=\"_blank\">&#8222;Absurdalny argument&#8221;. Zandberg krytykuje Nawrockiego po\u00a0wecie<\/a>&#13;<\/p>\n","protected":false},"excerpt":{"rendered":"&#13; Karol Nawrocki podkre\u015bli\u0142, \u017ce\u00a0nie kwestionuje samej idei cyfryzacji, ale\u00a0ma\u00a0zastrze\u017cenia do\u00a0bezpiecze\u0144stwa danych uczni\u00f3w, koszt\u00f3w oraz\u00a0tempa wdra\u017cania nowego systemu.&hellip;\n","protected":false},"author":2,"featured_media":657016,"comment_status":"","ping_status":"","sticky":false,"template":"","format":"standard","meta":{"footnotes":"","_share_on_mastodon":"0"},"categories":[62712],"tags":[98,119251,690,49,5359,128034,1315,3761,103,102,1005,6158,8206],"class_list":["post-657015","post","type-post","status-publish","format-standard","has-post-thumbnail","category-karol-nawrocki","tag-dorzeczy","tag-e-dziennik","tag-karol-nawrocki","tag-kraj","tag-men","tag-minister-edukacji-narodowej","tag-nawrocki","tag-nowacka","tag-obserwator-mediow","tag-opinie","tag-prezydent","tag-ustawa","tag-weto"],"share_on_mastodon":{"url":"https:\/\/pubeurope.com\/@pl\/117188359797740889","error":""},"_links":{"self":[{"href":"https:\/\/www.europesays.com\/pl\/wp-json\/wp\/v2\/posts\/657015","targetHints":{"allow":["GET"]}}],"collection":[{"href":"https:\/\/www.europesays.com\/pl\/wp-json\/wp\/v2\/posts"}],"about":[{"href":"https:\/\/www.europesays.com\/pl\/wp-json\/wp\/v2\/types\/post"}],"author":[{"embeddable":true,"href":"https:\/\/www.europesays.com\/pl\/wp-json\/wp\/v2\/users\/2"}],"replies":[{"embeddable":true,"href":"https:\/\/www.europesays.com\/pl\/wp-json\/wp\/v2\/comments?post=657015"}],"version-history":[{"count":0,"href":"https:\/\/www.europesays.com\/pl\/wp-json\/wp\/v2\/posts\/657015\/revisions"}],"wp:featuredmedia":[{"embeddable":true,"href":"https:\/\/www.europesays.com\/pl\/wp-json\/wp\/v2\/media\/657016"}],"wp:attachment":[{"href":"https:\/\/www.europesays.com\/pl\/wp-json\/wp\/v2\/media?parent=657015"}],"wp:term":[{"taxonomy":"category","embeddable":true,"href":"https:\/\/www.europesays.com\/pl\/wp-json\/wp\/v2\/categories?post=657015"},{"taxonomy":"post_tag","embeddable":true,"href":"https:\/\/www.europesays.com\/pl\/wp-json\/wp\/v2\/tags?post=657015"}],"curies":[{"name":"wp","href":"https:\/\/api.w.org\/{rel}","templated":true}]}}