{"id":657055,"date":"2026-08-31T05:28:17","date_gmt":"2026-08-31T05:28:17","guid":{"rendered":"https:\/\/www.europesays.com\/pl\/657055\/"},"modified":"2026-08-31T05:28:17","modified_gmt":"2026-08-31T05:28:17","slug":"tusk-otwarcie-o-wspolnej-liscie-za-rok-o-tej-porze-bedzie-rzeznia-wprost","status":"publish","type":"post","link":"https:\/\/www.europesays.com\/pl\/657055\/","title":{"rendered":"Tusk otwarcie o wsp\u00f3lnej li\u015bcie. \u201eZa rok o tej porze b\u0119dzie rze\u017ania\u201d \u2013 Wprost"},"content":{"rendered":"\n<p>&#13;<br \/>\nDwa tygodnie temu na\u00a0spotkaniu z\u00a0koalicjantami Donald Tusk mia\u0142 powiedzia\u0142 liderom partii rz\u0105dz\u0105cych, \u017ce\u00a0trzeba i\u015b\u0107 do\u00a0wybor\u00f3w w\u00a02027\u00a0r. na\u00a0jednej li\u015bcie. &#13;\n<\/p>\n<p>&#13;<br \/>\n\u2013 Wszyscy os\u0142upieli, bo\u00a0do\u00a0tej pory premier tak otwarcie nie\u00a0stawia\u0142 sprawy \u2013\u00a0opowiada polityk zwi\u0105zany z\u00a0koalicj\u0105 rz\u0105dz\u0105c\u0105. I\u00a0dodaje, \u017ce\u00a0szef rz\u0105du jest powa\u017cnie zaniepokojony, gdy\u017c sypie si\u0119 jego plan na\u00a0utrzymanie w\u0142adzy, a\u00a0wariantu B nie\u00a0ma. &#13;\n<\/p>\n<p>Platforma na\u00a0czele, ale\u00a0bez u\u015bmiechu<\/p>\n<p>&#13;<br \/>\nTrudno sobie wyobrazi\u0107 gorsze otwarcie nowego sezonu politycznego przez najwi\u0119ksz\u0105 parti\u0119 rz\u0105dz\u0105c\u0105 ni\u017c\u00a0to, co\u00a0obserwowali\u015bmy w\u00a0ko\u0144c\u00f3wce wakacji. <a href=\"https:\/\/www.wprost.pl\/kraj\/12411939\/afera-z-pomoca-dla-powodzian-wiceprezes-karr-stracila-stanowisko.html\" rel=\"nofollow noopener\" target=\"_blank\">Afera karkonoska<\/a>, czyli przyznawanie pieni\u0119dzy przeznaczonych dla\u00a0powodzian krewnym i\u00a0znajomym dzia\u0142aczki KO, kt\u00f3rzy nie\u00a0zostali dotkni\u0119ci t\u0105\u00a0kl\u0119sk\u0105, to\u00a0sprawa, kt\u00f3ra skompromitowa\u0142aby ka\u017cdego. Kompromitacja pe\u0142nomocniczki rz\u0105du ds. promocji marki Polska, kt\u00f3ra po\u00a0trzech tygodniach odesz\u0142a ze\u00a0stanowiska z\u00a0powodu \u017cenuj\u0105cego raportu \u201ePolak\u00f3w portret w\u0142asny\u201d te\u017c nie\u00a0jest powodem do\u00a0dumy. A\u00a0ju\u017c si\u0119 kroi awantura o\u00a0podwy\u017cki cen opa\u0142u na\u00a0zim\u0119 oraz\u00a0cen paliw po\u00a0tym, jak zniknie ostatnia tarcza przygotowana przez rz\u0105d. &#13;\n<\/p>\n<p>&#13;<br \/>\nTrzy lata temu Koalicja Obywatelska, jeszcze pod\u00a0szyldem Platformy Obywatelskiej, sz\u0142a do\u00a0wybor\u00f3w z\u00a0u\u015bmiechem. Uda\u0142o jej si\u0119 przekszta\u0142ci\u0107 wybory parlamentarne 2023\u00a0r. w\u00a0plebiscyt \u201eza lub\u00a0przeciw w\u0142adzy\u201d i\u00a0wygra\u0142a go\u00a0w\u00a0cuglach. Dzi\u015b po\u00a0tamtym radosnym u\u015bmiechu nie\u00a0ma\u00a0nawet \u015bladu. Przez trzy lata KO udowodni\u0142a swoim wyborcom, \u017ce\u00a0w\u00a0niewielkim stopniu r\u00f3\u017cni si\u0119 od\u00a0swoich poprzednik\u00f3w. Tak samo nagina prawo pod\u00a0p\u0142aszczykiem jego naprawy, tak samo jak prawica traktuje instytucje pa\u0144stwowe jak \u0142upy polityczne i\u00a0tak samo wyci\u0105ga r\u0119k\u0119 po\u00a0publiczne pieni\u0105dze, kt\u00f3re nast\u0119pnie wk\u0142ada do\u00a0prywatnych kieszeni. &#13;\n<\/p>\n<p>&#13;<br \/>\nA pod\u00a0niekt\u00f3rymi wzgl\u0119dami jest nawet gorsza od\u00a0prawicy, bo\u00a0sk\u0142onno\u015b\u0107 do\u00a0realizacji obietnic wyborczych lub\u00a0do\u00a0modernizacji kraju przejawia du\u017co mniejsz\u0105. Nawet jej zdolno\u015bci PR-owe pozostawiaj\u0105 wiele do\u00a0\u017cyczenia. To\u00a0jest baga\u017c, z\u00a0kt\u00f3rym obozowi w\u0142adzy trudno b\u0119dzie przekonywa\u0107 Polak\u00f3w, \u017ce\u00a0warto mu powierzy\u0107 rz\u0105dy na\u00a0kolejne cztery lata. &#13;\n<\/p>\n<p>&#13;<br \/>\nNie ma\u00a0te\u017c w\u0105tpliwo\u015bci, \u017ce\u00a0w\u00a0sferze ideowej rz\u0105dz\u0105cy postanowili zabetonowa\u0107 tyle instytucji, ile si\u0119 da, id\u0105c \u015bladem poprzednik\u00f3w. Dowodzi tego wyb\u00f3r na\u00a0rzeczniczk\u0119 praw obywatelskich Sylwii Gregorczyk-Abram, kt\u00f3rej prawica zarzuca udzia\u0142 w\u00a0whatsappowej grupie \u201eWej\u015bcie\u201d. Na\u00a0tym forum omawiano si\u0142owe przej\u0119cie medi\u00f3w publicznych po\u00a0zmianie w\u0142adz. Druga znamienna decyzja to\u00a0<a href=\"https:\/\/www.wprost.pl\/kraj\/12424119\/maciej-berek-w-tk-konstytucjonalista-ma-ale-prawa-reka.html\" rel=\"nofollow noopener\" target=\"_blank\">wys\u0142anie Macieja Berka, zaufanego ministra rz\u0105du Donalda Tuska<\/a>, do\u00a0Trybuna\u0142u Konstytucyjnego. Opinia publiczna pewnie w\u00a0niewielkim stopniu si\u0119 tym przejmie, ale\u00a0niekt\u00f3rzy jej liderzy poczuli si\u0119 zniesmaczeni. &#13;\n<\/p>\n<p>&#13;<br \/>\nJeden z\u00a0naszych rozm\u00f3wc\u00f3w ujawnia, \u017ce\u00a0pewna telewizja szykuje na\u00a0pocz\u0105tku sezonu politycznego uderzenie w\u00a0Marcina Kierwi\u0144skiego, szefa MSWiA, bo\u00a0zamierza pokaza\u0107, jak rz\u0105dzi\u0142 Warszaw\u0105 i\u00a0dlaczego tacy ludzie jak m\u0142ody lekarz Dawid Kacprzyk mogli w\u00a0niej robi\u0107 b\u0142yskotliwe kariery. &#13;<\/p>\n","protected":false},"excerpt":{"rendered":"&#13; Dwa tygodnie temu na\u00a0spotkaniu z\u00a0koalicjantami Donald Tusk mia\u0142 powiedzia\u0142 liderom partii rz\u0105dz\u0105cych, \u017ce\u00a0trzeba i\u015b\u0107 do\u00a0wybor\u00f3w w\u00a02027\u00a0r. na\u00a0jednej&hellip;\n","protected":false},"author":2,"featured_media":657056,"comment_status":"","ping_status":"","sticky":false,"template":"","format":"standard","meta":{"footnotes":"","_share_on_mastodon":"0"},"categories":[62713],"tags":[1345,78785,49,2838,7120,59734,907,3512,75102,7978,78786,65514,43315],"class_list":["post-657055","post","type-post","status-publish","format-standard","has-post-thumbnail","category-donald-tusk","tag-donald-tusk","tag-eliza-olczyk","tag-kraj","tag-marcin-kierwinski","tag-mateusz-morawiecki","tag-opinie-i-komentarze","tag-polityka","tag-premium","tag-przemyslaw-kral","tag-roman-giertych","tag-tygodnik-wprost","tag-tylko-u-nas","tag-wprost"],"share_on_mastodon":{"url":"https:\/\/pubeurope.com\/@pl\/117188473888403975","error":""},"_links":{"self":[{"href":"https:\/\/www.europesays.com\/pl\/wp-json\/wp\/v2\/posts\/657055","targetHints":{"allow":["GET"]}}],"collection":[{"href":"https:\/\/www.europesays.com\/pl\/wp-json\/wp\/v2\/posts"}],"about":[{"href":"https:\/\/www.europesays.com\/pl\/wp-json\/wp\/v2\/types\/post"}],"author":[{"embeddable":true,"href":"https:\/\/www.europesays.com\/pl\/wp-json\/wp\/v2\/users\/2"}],"replies":[{"embeddable":true,"href":"https:\/\/www.europesays.com\/pl\/wp-json\/wp\/v2\/comments?post=657055"}],"version-history":[{"count":0,"href":"https:\/\/www.europesays.com\/pl\/wp-json\/wp\/v2\/posts\/657055\/revisions"}],"wp:featuredmedia":[{"embeddable":true,"href":"https:\/\/www.europesays.com\/pl\/wp-json\/wp\/v2\/media\/657056"}],"wp:attachment":[{"href":"https:\/\/www.europesays.com\/pl\/wp-json\/wp\/v2\/media?parent=657055"}],"wp:term":[{"taxonomy":"category","embeddable":true,"href":"https:\/\/www.europesays.com\/pl\/wp-json\/wp\/v2\/categories?post=657055"},{"taxonomy":"post_tag","embeddable":true,"href":"https:\/\/www.europesays.com\/pl\/wp-json\/wp\/v2\/tags?post=657055"}],"curies":[{"name":"wp","href":"https:\/\/api.w.org\/{rel}","templated":true}]}}