{"id":657057,"date":"2026-08-31T05:29:13","date_gmt":"2026-08-31T05:29:13","guid":{"rendered":"https:\/\/www.europesays.com\/pl\/657057\/"},"modified":"2026-08-31T05:29:13","modified_gmt":"2026-08-31T05:29:13","slug":"rewolucja-dla-mlodych-kierowcow-kurs-prawa-jazdy-ma-byc-za-darmo","status":"publish","type":"post","link":"https:\/\/www.europesays.com\/pl\/657057\/","title":{"rendered":"Rewolucja dla m\u0142odych kierowc\u00f3w? Kurs prawa jazdy ma by\u0107 za darmo"},"content":{"rendered":"\n<p>&#13;<br \/>\nNad inicjatyw\u0105 pracuje prezydencka Rada ds. M\u0142odzie\u017cy. Podobn\u0105 propozycj\u0119 Nawrocki przedstawia\u0142 ju\u017c w\u00a0kampanii prezydenckiej w\u00a02025\u00a0r., a\u00a0wcze\u015bniej znalaz\u0142a si\u0119 ona w\u00a0programie PiS przed wyborami parlamentarnymi w\u00a02023\u00a0r. &#13;\n<\/p>\n<p>Bezp\u0142atna nauka jazdy w\u00a0szko\u0142ach<\/p>\n<p>&#13;<br \/>\nKarol Nawrocki poinformowa\u0142 o\u00a0pracach nad projektem podczas spotkania z\u00a0m\u0142odzie\u017c\u0105 &#8222;Przysz\u0142o\u015b\u0107.pl&#8221; w\u00a0Juracie. Dwudniowe wydarzenie odby\u0142o si\u0119 w\u00a0prezydenckiej rezydencji. Nawrocki m\u00f3wi\u0142 podczas wydarzenia m.in. o\u00a0dzia\u0142alno\u015bci Rady ds. M\u0142odzie\u017cy przy prezydencie. Jak przekaza\u0142, rada analizowa\u0142a i\u00a0opiniowa\u0142a pi\u0119\u0107 inicjatyw ustawodawczych. \u2013\u00a0M\u0142odzie\u017c za\u00a0spraw\u0105 takich spotka\u0144, ale\u00a0te\u017c za\u00a0spraw\u0105 naszej wsp\u00f3\u0142pracy w\u00a0Pa\u0142acu Prezydenckim, ma\u00a0realny wp\u0142yw na\u00a0funkcjonowanie czy\u00a0budowanie ustroju Rzeczypospolitej \u2013\u00a0powiedzia\u0142 prezydent. &#13;\n<\/p>\n<p>&#13;<br \/>\nJednym z\u00a0projekt\u00f3w przygotowywanych przez Rad\u0119 ds. M\u0142odzie\u017cy ma\u00a0by\u0107 inicjatywa dotycz\u0105ca nauki jazdy. \u2013\u00a0Rada do\u00a0spraw m\u0142odzie\u017cy przygotowuje ju\u017c inicjatyw\u0119 ustawodawcz\u0105, kt\u00f3ra jest cz\u0119\u015bci\u0105 mojego Planu 21, a\u00a0odnosi si\u0119 do\u00a0bezp\u0142atnych lekcji nauki jazdy w\u00a0szko\u0142ach \u2013\u00a0zapowiedzia\u0142 Karol Nawrocki. &#13;\n<\/p>\n<p>&#13;<br \/>\nNie przedstawiono dotychczas szczeg\u00f3\u0142owych za\u0142o\u017ce\u0144 projektu. Nie\u00a0wiadomo m.in., czy\u00a0finansowanie ma\u00a0obejmowa\u0107 ca\u0142y kurs na\u00a0prawo jazdy kategorii B, czy\u00a0jedynie cz\u0119\u015b\u0107 zaj\u0119\u0107. Nie\u00a0podano r\u00f3wnie\u017c, czy\u00a0finansowane by\u0142yby dodatkowe wydatki zwi\u0105zane ze\u00a0zdobyciem uprawnie\u0144, takie jak badania lekarskie, egzamin pa\u0144stwowy i\u00a0wydanie prawa jazdy. Nie\u00a0zosta\u0142 te\u017c wskazany termin przedstawienia projektu. &#13;\n<\/p>\n<p>Nawrocki zapowiada\u0142 to\u00a0ju\u017c w\u00a0kampanii<\/p>\n<p>&#13;<br \/>\nPomys\u0142 pojawi\u0142 si\u0119 ju\u017c przed wyborami prezydenckimi w\u00a02025\u00a0r. Karol Nawrocki, \u00f3wczesny kandydat na\u00a0prezydenta, m\u00f3wi\u0142 m.in. o\u00a0propozycjach skierowanych do\u00a0m\u0142odych Polak\u00f3w. Jedn\u0105 z\u00a0nich by\u0142o finansowanie kurs\u00f3w na\u00a0prawo jazdy dla\u00a018-latk\u00f3w. \u2013\u00a018-latkowie powinni mie\u0107 finansowan\u0105 przez pa\u0144stwo nauk\u0119 jazdy, bo\u00a0jest potrzebna w\u00a0doros\u0142ym \u017cyciu \u2013\u00a0m\u00f3wi\u0142 w\u00f3wczas Nawrocki. &#13;\n<\/p>\n<p>&#13;<br \/>\nPodobna propozycja pojawi\u0142a si\u0119 dwa lata wcze\u015bniej, podczas kampanii przed wyborami parlamentarnymi w\u00a02023\u00a0r. Propozycja zosta\u0142a wpisana do\u00a0programu wyborczego Prawa i\u00a0Sprawiedliwo\u015bci. Na\u00a0188. stronie dokumentu znalaz\u0142a si\u0119 zapowied\u017a: &#8222;Dodatkowo ka\u017cdy osiemnastolatek b\u0119dzie m\u00f3g\u0142 odby\u0107 w\u00a0szkole bezp\u0142atny kurs na\u00a0prawo jazdy&#8221;. &#13;\n<\/p>\n<p>&#13;<br \/>\n   Czytaj te\u017c:<br \/><a href=\"https:\/\/dorzeczy.pl\/opinie\/935770\/nawrocki-o-lobbingu-ws-zondacrypto-nietrafiona-propaganda-uderza-w-tuska.html\" rel=\"follow nofollow noopener\" data-schema=\"DORZECZY\" data-image=\"https:\/\/img.dorzeczy.pl\/_thumb\/aa\/e4\/8b3758e7047f6033666aeb74a4f4.jpeg\" target=\"_blank\">Nawrocki o\u00a0lobbingu ws. Zondacrypto: Nietrafiona propaganda. Uderza w\u00a0s\u0142u\u017cby Tuska<\/a>   Czytaj te\u017c:<br \/><a href=\"https:\/\/dorzeczy.pl\/opinie\/935908\/tusk-zaczepil-dude-byly-prezydent-odpowiedzial-putinem-i-notatka.html\" rel=\"follow nofollow noopener\" data-schema=\"DORZECZY\" data-image=\"https:\/\/img.dorzeczy.pl\/_thumb\/29\/fc\/c461e32cdea8c8241b5b01164e75.jpeg\" target=\"_blank\">Tusk zaczepi\u0142 Dud\u0119 na\u00a0X. By\u0142y prezydent odpowiedzia\u0142 Putinem i\u00a0kompromituj\u0105c\u0105 notatk\u0105<\/a>&#13;<\/p>\n","protected":false},"excerpt":{"rendered":"&#13; Nad inicjatyw\u0105 pracuje prezydencka Rada ds. M\u0142odzie\u017cy. Podobn\u0105 propozycj\u0119 Nawrocki przedstawia\u0142 ju\u017c w\u00a0kampanii prezydenckiej w\u00a02025\u00a0r., a\u00a0wcze\u015bniej znalaz\u0142a&hellip;\n","protected":false},"author":2,"featured_media":657058,"comment_status":"","ping_status":"","sticky":false,"template":"","format":"standard","meta":{"footnotes":"","_share_on_mastodon":"0"},"categories":[62712],"tags":[128048,128047,98,105,690,496,49,5822,128049,102,128050,13306,128051,5360],"class_list":["post-657057","post","type-post","status-publish","format-standard","has-post-thumbnail","category-karol-nawrocki","tag-18-latkowie","tag-darmowy-kurs","tag-dorzeczy","tag-ekonomia","tag-karol-nawrocki","tag-kierowcy","tag-kraj","tag-mlodziez","tag-nauka-jazdy","tag-opinie","tag-plan-21","tag-prawo-jazdy","tag-rada-ds-mlodziezy","tag-szkoly"],"share_on_mastodon":{"url":"https:\/\/pubeurope.com\/@pl\/117188478171141838","error":""},"_links":{"self":[{"href":"https:\/\/www.europesays.com\/pl\/wp-json\/wp\/v2\/posts\/657057","targetHints":{"allow":["GET"]}}],"collection":[{"href":"https:\/\/www.europesays.com\/pl\/wp-json\/wp\/v2\/posts"}],"about":[{"href":"https:\/\/www.europesays.com\/pl\/wp-json\/wp\/v2\/types\/post"}],"author":[{"embeddable":true,"href":"https:\/\/www.europesays.com\/pl\/wp-json\/wp\/v2\/users\/2"}],"replies":[{"embeddable":true,"href":"https:\/\/www.europesays.com\/pl\/wp-json\/wp\/v2\/comments?post=657057"}],"version-history":[{"count":0,"href":"https:\/\/www.europesays.com\/pl\/wp-json\/wp\/v2\/posts\/657057\/revisions"}],"wp:featuredmedia":[{"embeddable":true,"href":"https:\/\/www.europesays.com\/pl\/wp-json\/wp\/v2\/media\/657058"}],"wp:attachment":[{"href":"https:\/\/www.europesays.com\/pl\/wp-json\/wp\/v2\/media?parent=657057"}],"wp:term":[{"taxonomy":"category","embeddable":true,"href":"https:\/\/www.europesays.com\/pl\/wp-json\/wp\/v2\/categories?post=657057"},{"taxonomy":"post_tag","embeddable":true,"href":"https:\/\/www.europesays.com\/pl\/wp-json\/wp\/v2\/tags?post=657057"}],"curies":[{"name":"wp","href":"https:\/\/api.w.org\/{rel}","templated":true}]}}