{"id":657081,"date":"2026-08-31T05:49:17","date_gmt":"2026-08-31T05:49:17","guid":{"rendered":"https:\/\/www.europesays.com\/pl\/657081\/"},"modified":"2026-08-31T05:49:17","modified_gmt":"2026-08-31T05:49:17","slug":"founderki-polska-w-sopocie-przedsiebiorcze-kobiety-spotkaja-sie-by-rozmawiac-o-biznesie-i-rozwoju","status":"publish","type":"post","link":"https:\/\/www.europesays.com\/pl\/657081\/","title":{"rendered":"Founderki Polska w Sopocie. Przedsi\u0119biorcze kobiety spotkaj\u0105 si\u0119, by rozmawia\u0107 o biznesie i rozwoju"},"content":{"rendered":"<p>            <a href=\"https:\/\/s-trojmiasto.pl\/zdj\/c\/n\/9\/4405\/1024x0\/4405176-Wspolzalozycielki-konferencji-Founderki-Polska-Dominika-Peszel-Paixo-oraz-Paulina-Olejniczak__c_0_90_1024_964.webp\" target=\"_blank\" data-slide-name=\"859084\" data-lightbox-target=\"photo full\" data-sub-html=\"&lt;h4&gt;Wsp\u00f3\u0142za\u0142o\u017cycielki konferencji Founderki Polska: Dominika Peszel-Paix\u00e3o oraz Paulina Olejniczak.&lt;\/h4&gt;&lt;p&gt;mat. prasowe&lt;\/p&gt;&#010;\" class=\"photoMarker__link\" data-filter-brightness=\"brightness--100\" rel=\"nofollow noopener\"><\/p>\n<p>    <img decoding=\"async\" style=\"height:706px; aspect-ratio: 1.06224\/1; filter:brightness(1);\" alt=\"Wsp\u00f3\u0142za\u0142o\u017cycielki konferencji Founderki Polska: Dominika Peszel-Paix\u00e3o oraz Paulina Olejniczak.\" src=\"https:\/\/www.europesays.com\/pl\/wp-content\/uploads\/2026\/08\/4405176-Wspolzalozycielki-konferencji-Founderki-Polska-Dominika-Peszel-Paixo-oraz__c_0_90_1024_964.w.webp\" class=\"photoMarker__img \" data-slider=\"img\" fetchpriority=\"high\"\/><\/p>\n<p>            <\/a><\/p>\n<p class=\"lead\">Prowadz\u0105 firmy, buduj\u0105 marki, zatrudniaj\u0105 ludzi, podejmuj\u0105 ryzyko i\u00a0zaczynaj\u0105 od nowa. A\u00a0przy tym coraz cz\u0119\u015bciej same tworz\u0105 dla siebie miejsca, w\u00a0kt\u00f3rych mog\u0105 nie tylko zdobywa\u0107 wiedz\u0119, ale te\u017c zwyczajnie poby\u0107 razem, wymieni\u0107 do\u015bwiadczenia i\u00a0pozna\u0107 osoby mierz\u0105ce si\u0119 z\u00a0podobnymi wyzwaniami. 20 wrze\u015bnia w\u00a0Sopocie odb\u0119dzie si\u0119 pierwsza edycja konferencji <a href=\"https:\/\/www.trojmiasto.pl\/imprezy\/Founderki-Polska-konferencja-2026-imp600420.html\" data-tklik=\"932770\" rel=\"nofollow noopener\" target=\"_blank\">Founderki Polska<\/a>. W\u00a0programie s\u0105 rozmowy o\u00a0pieni\u0105dzach, budowaniu zespo\u0142\u00f3w, wyst\u0105pieniach publicznych i\u00a0skalowaniu biznesu, ale r\u00f3wnie wa\u017cn\u0105 cz\u0119\u015bci\u0105 wydarzenia ma by\u0107 networking.<\/p>\n<p>                <a data-tklik=\"kamr224728b\" href=\"https:\/\/www.trojmiasto.pl\/imprezy\/targi-konferencje\/konferencja\/offset,20.html\" rel=\"nofollow noopener\" target=\"_blank\"><br \/>\n                    Konferencje w Tr\u00f3jmie\u015bcie                                            IMPREZY I WYDARZENIA<br \/>\n                                    <\/a><\/p>\n<p>                                        <a data-tklik=\"kamr224728b\" href=\"https:\/\/www.trojmiasto.pl\/imprezy\/targi-konferencje\/konferencja\/offset,20.html\" rel=\"nofollow noopener\" target=\"_blank\">wi\u0119cej <\/a><\/p>\n<p>                                tak, cz\u0119sto brakuje mi wsparcia<br \/>\n                                0%<\/p>\n<p>                                rzadko, mam wok\u00f3\u0142 siebie ludzi<br \/>\n                                0%<\/p>\n<p>                                nie, mam siln\u0105 sie\u0107 kontakt\u00f3w<br \/>\n                                0%<\/p>\n<p>Kobiece konferencje biznesowe coraz rzadziej przypominaj\u0105 dzi\u015b wielogodzinny maraton wyst\u0105pie\u0144, podczas kt\u00f3rego publiczno\u015b\u0107 pozostaje wy\u0142\u0105cznie publiczno\u015bci\u0105. Coraz wa\u017cniejsze staj\u0105 si\u0119 rozmowy pomi\u0119dzy uczestniczkami, wymiana kontakt\u00f3w, wsp\u00f3lny <a href=\"https:\/\/katalog.trojmiasto.pl\/lunch\" class=\"parse-link\" title=\"Lunch to kluczowy moment dnia, kt\u00f3ry dostarcza energii do dalszych dzia\u0142a\u0144. Wybieraj\u0105c zdrowe i smaczne posi\u0142ki, mo\u017cna poprawi\u0107 swoje samopoczucie i wydajno\u015b\u0107. Warto zwr\u00f3ci\u0107 uwag\u0119 na r\u00f3\u017cnorodno\u015b\u0107 i jako\u015b\u0107 sk\u0142adnik\u00f3w, kt\u00f3re maj\u0105 bezpo\u015bredni wp\u0142yw na zdrowie i dobre samopoczucie\" rel=\"nofollow noopener\" target=\"_blank\">lunch<\/a> czy czas, w\u00a0kt\u00f3rym mo\u017cna podej\u015b\u0107 do osoby poznanej chwil\u0119 wcze\u015bniej i\u00a0zapyta\u0107: &#8222;Jak ty to zrobi\u0142a\u015b?&#8221;.<\/p>\n<p>Taki pomys\u0142 stoi te\u017c za Founderki Polska, kt\u00f3re 20 wrze\u015bnia <a href=\"https:\/\/www.trojmiasto.pl\/dom\/Spot-i1639.html\" class=\"parse-link\" title=\"Spot\" rel=\"nofollow noopener\" target=\"_blank\">spotkaj\u0105<\/a> si\u0119 w\u00a0centrum konferencyjnym <a href=\"https:\/\/www.trojmiasto.pl\/Sheraton-o26325.html\" data-tklik=\"884891\" rel=\"nofollow noopener\" target=\"_blank\">Sheraton Sopot Hotel<\/a> i\u00a0maj\u0105 po\u0142\u0105czy\u0107 warsztaty i\u00a0prelekcje z\u00a0moderowanym networkingiem, przerwami przeznaczonymi na rozmowy oraz panelem dyskusyjnym. Za to dzie\u0144 wcze\u015bniej, w\u00a0sobot\u0119 19 wrze\u015bnia, organizatorki zaplanowa\u0142y w\u00a0Sopocie tak\u017ce mniejsze spotkanie integracyjno-networkingowe dla uczestniczek z\u00a0biletami VIP.<\/p>\n<p>To propozycja przede wszystkim dla kobiet, kt\u00f3re prowadz\u0105 w\u0142asne firmy, rozwijaj\u0105 marki osobiste albo zarz\u0105dzaj\u0105 zespo\u0142ami. Nie tylko tych, kt\u00f3rych biznes jest ju\u017c du\u017cy i\u00a0pouk\u0142adany. Tak\u017ce tych b\u0119d\u0105cych na etapie zmian, szukania kolejnego kierunku czy pierwszego odwa\u017cnego kroku.<\/p>\n<p><a href=\"https:\/\/www.trojmiasto.pl\/trendy\/Dominika-Peszel-Paixo-jak-z-malej-sali-powstala-jedna-z-najwiekszych-szkol-tanca-w-Trojmiescie-n218070.html\" data-tklik=\"251411\" class=\"marker-news component newsMarker\" rel=\"nofollow noopener\" target=\"_blank\"><br \/>\n            <img decoding=\"async\" src=\"https:\/\/www.europesays.com\/pl\/wp-content\/uploads\/2026\/08\/4301709__c_60_0_6662_4663__kr.webp\" alt=\"Zaczyna\u0142a sama, dzi\u015b zarz\u0105dza 60-osobowym zespo\u0142em. Historia Dominiki Peszel-Paix\u00e3o\" class=\"lazy newsMarker__img\"\/><br \/>\n        Zaczyna\u0142a sama, dzi\u015b zarz\u0105dza 60-osobowym zespo\u0142em. Historia Dominiki Peszel-Paix\u00e3o<br \/>\n<\/a><\/p>\n<p>Od szko\u0142y ta\u0144ca i\u00a0restauracji do spo\u0142eczno\u015bci kobiet<br \/>Za wydarzeniem stoj\u0105 Dominika Peszel-Paix\u00e3o i\u00a0Paulina Olejniczak. Ich w\u0142asne biznesowe historie s\u0105 r\u00f3\u017cne, ale obie dobrze znaj\u0105 rzeczywisto\u015b\u0107 przedsi\u0119biorcy od strony, kt\u00f3rej zwykle nie wida\u0107 na zdj\u0119ciach w\u00a0mediach spo\u0142eczno\u015bciowych.<\/p>\n<p>Dominika Peszel-Paix\u00e3o od 14 lat prowadzi <a href=\"https:\/\/www.trojmiasto.pl\/SIEMANKO-o54954.html\" data-tklik=\"782143\" rel=\"nofollow noopener\" target=\"_blank\">SIEMANKO<\/a>, jedn\u0105 z\u00a0du\u017cych polskich szk\u00f3\u0142 ta\u0144ca, i\u00a0zarz\u0105dza ponad 60-osobowym zespo\u0142em. Jest te\u017c finalistk\u0105 konkursu Sukces Pisany Szmink\u0105. <\/p>\n<p>&#8211; Zale\u017ca\u0142o nam na miejscu, w\u00a0kt\u00f3rym kobiety mog\u0105 szczerze porozmawia\u0107 o\u00a0biznesie, o\u00a0odwadze, o\u00a0zmianie. Dlatego stworzy\u0142y\u015bmy Founderki Polska, spo\u0142eczno\u015b\u0107 opart\u0105 na wsparciu i\u00a0realnych relacjach &#8211; m\u00f3wi Dominika Peszel-Paix\u00e3o.<br \/><a href=\"https:\/\/www.trojmiasto.pl\/trendy\/Zostawila-Gdansk-i-zaczela-od-nowa-Australia-okazala-sie-jej-nowym-domem-n210610.html\" data-tklik=\"265800\" class=\"marker-news component newsMarker\" rel=\"nofollow noopener\" target=\"_blank\"><br \/>\n            <img decoding=\"async\" src=\"https:\/\/www.europesays.com\/pl\/wp-content\/uploads\/2026\/08\/4178952__c_0_116_1440_1008__kr.webp\" alt=\"Zostawi\u0142a Gda\u0144sk i zacz\u0119\u0142a od nowa - Australia okaza\u0142a si\u0119 jej nowym domem\" class=\"lazy newsMarker__img\"\/><br \/>\n        Zostawi\u0142a Gda\u0144sk i zacz\u0119\u0142a od nowa &#8211; Australia okaza\u0142a si\u0119 jej nowym domem<br \/>\n<\/a><\/p>\n<p>Natomiast Paulina Olejniczak przez osiem lat prowadzi\u0142a restauracj\u0119 na gda\u0144skiej Zaspie. P\u00f3\u017aniej sprzeda\u0142a biznes i\u00a0wyjecha\u0142a do Australii, a\u00a0swoj\u0105 dzia\u0142alno\u015b\u0107 skierowa\u0142a w\u00a0stron\u0119 tworzenia spo\u0142eczno\u015bci skupiaj\u0105cych przedsi\u0119biorcze kobiety. I\u00a0w\u0142a\u015bnie do\u015bwiadczenie samotno\u015bci, kt\u00f3ra potrafi pojawi\u0107 si\u0119 wraz z\u00a0odpowiedzialno\u015bci\u0105 za firm\u0119, sta\u0142o si\u0119 jednym z\u00a0powod\u00f3w stworzenia nowej spo\u0142eczno\u015bci.<\/p>\n<p>&#8211; Wiele kobiet z\u00a0ogromnym potencja\u0142em czuje si\u0119 w\u00a0biznesie samotnie. Founderki Polska powsta\u0142y w\u0142a\u015bnie po to, \u017ceby to zmieni\u0107, bo jak wiemy, jedna dobra rozmowa mo\u017ce sta\u0107 si\u0119 pocz\u0105tkiem czego\u015b du\u017co wi\u0119kszego &#8211; dodaje Paulina Olejniczak.<\/p>\n<p>                                    <a data-tklik=\"966054\" href=\"https:\/\/katalog.trojmiasto.pl\/uslugi\/studio_fotograficzne\/fotografia-biznesowa\/\" rel=\"nofollow noopener\" target=\"_blank\"><br \/>\n                                                    Katalog.trojmiasto.pl \u2013<br \/>\n                                                                    Fotografia biznesowa<br \/>\n                                                                    <\/a><\/p>\n<p>                <a data-tklik=\"966054\" href=\"https:\/\/katalog.trojmiasto.pl\/uslugi\/studio_fotograficzne\/fotografia-biznesowa\/\" rel=\"nofollow noopener\" target=\"_blank\"><br \/>\n                    wi\u0119cej<\/p>\n<p>                <\/a><\/p>\n<p>Ile jestem warta? Jedno z\u00a0pyta\u0144, kt\u00f3re padn\u0105 ze sceny<br \/>Program konferencji zacznie si\u0119 o\u00a0godz. 9 rejestracj\u0105, a\u00a0o godz. 10 wydarzenie oficjalnie otworz\u0105 za\u0142o\u017cycielki. Godzin\u0119 p\u00f3\u017aniej rozpocznie si\u0119 pierwsza merytoryczna cz\u0119\u015b\u0107 dnia: warsztat &#8222;Wiem ile jestem warta&#8221; prowadzony przez Dominik\u0119 \u017bak. Tematem b\u0119dzie strategiczne wycenianie i\u00a0przygotowanie premiery produktu lub us\u0142ugi.<\/p>\n<p>\u017bak ma za sob\u0105 histori\u0119, kt\u00f3ra sama mog\u0142aby by\u0107 materia\u0142em na osobne biznesowe spotkanie. Zaczyna\u0142a jako nauczycielka j\u0119zyka niemieckiego, a\u00a0DeeZee budowa\u0142a od niewielkiego kapita\u0142u &#8211; jak opowiada\u0142a &#8222;Forbesowi&#8221;, na uruchomienie sklepu po\u017cyczy\u0142a od mamy 3 tys. z\u0142. Marka uros\u0142a p\u00f3\u017aniej do biznesu liczonego w\u00a0dziesi\u0105tkach milion\u00f3w z\u0142otych, a\u00a0jej wi\u0119kszo\u015bciowym inwestorem zosta\u0142a Grupa CCC. Po 18 latach \u017bak zrezygnowa\u0142a z\u00a0funkcji prezeski DeeZee i\u00a0skierowa\u0142a swoj\u0105 zawodow\u0105 aktywno\u015b\u0107 w\u00a0stron\u0119 w\u0142asnych projekt\u00f3w edukacyjnych i\u00a0doradzania innym przedsi\u0119biorcom.<\/p>\n<p>Jej sopocki warsztat ma dotyczy\u0107 tematu szczeg\u00f3lnie bliskiego w\u0142a\u015bcicielkom ma\u0142ych i\u00a0\u015brednich firm: jak ustala\u0107 cen\u0119 nie tylko na podstawie koszt\u00f3w i\u00a0konkurencji, ale te\u017c warto\u015bci, kt\u00f3r\u0105 firma rzeczywi\u015bcie dostarcza klientowi.<\/p>\n<p><a href=\"https:\/\/www.trojmiasto.pl\/trendy\/Od-nauczycielki-do-milionerki-Dominika-Zak-i-historia-sukcesu-marki-DeeZee-n216182.html\" data-tklik=\"234199\" class=\"marker-news component newsMarker\" rel=\"nofollow noopener\" target=\"_blank\"><br \/>\n            <img decoding=\"async\" src=\"https:\/\/www.europesays.com\/pl\/wp-content\/uploads\/2026\/08\/4270153__c_0_80_3000_2100__kr.webp\" alt=\"Od nauczycielki do milionerki. Dominika \u017bak i historia sukcesu marki DeeZee na Strefie Liderek\" class=\"lazy newsMarker__img\"\/><br \/>\n        Od nauczycielki do milionerki. Dominika \u017bak i historia sukcesu marki DeeZee na Strefie Liderek<br \/>\n<\/a><\/p>\n<p>\n            <a href=\"https:\/\/s-trojmiasto.pl\/zdj\/c\/n\/9\/4405\/960x0\/4405184-Sheraton-Sopot-Hotel-bedzie-miejscem-konferencji-Founderki-Polska-ktora-odbedzie-sie-20-wrzesnia-2026-r.webp\" target=\"_blank\" data-slide-name=\"859091\" data-lightbox-target=\"photo full\" data-sub-html=\"&lt;h4&gt;Sheraton Sopot Hotel b\u0119dzie miejscem konferencji Founderki Polska, kt\u00f3ra odb\u0119dzie si\u0119 20 wrze\u015bnia 2026 r.&lt;\/h4&gt;&lt;p&gt;mat. prasowe&lt;\/p&gt;&#010;\" class=\"photoMarker__link\" data-filter-brightness=\"brightness--100\" rel=\"nofollow noopener\"><\/p>\n<p>    <img decoding=\"async\" style=\"height:453px; aspect-ratio: 1.65517\/1; filter:brightness(1);\" alt=\"Sheraton Sopot Hotel b\u0119dzie miejscem konferencji Founderki Polska, kt\u00f3ra odb\u0119dzie si\u0119 20 wrze\u015bnia 2026 r.\" src=\"https:\/\/www.europesays.com\/pl\/wp-content\/uploads\/2026\/08\/4405184-Sheraton-Sopot-Hotel-bedzie-miejscem-konferencji-Founderki-Polska-ktora.webp\" class=\"photoMarker__img lazy\" data-slider=\"img\"\/><\/p>\n<p>            <\/a><\/p>\n<p>Biznes po czterdziestce i\u00a0droga od kryzysu do w\u0142asnej marki  Kolejn\u0105 prelegentk\u0105 b\u0119dzie Ania Stoitsi-Nieprzecka, wsp\u00f3\u0142tw\u00f3rczyni i\u00a0CEO ZdrowaZupa.pl. Tytu\u0142 jej wyst\u0105pienia, &#8222;Od p\u00f3\u0142 miliona d\u0142ugu do listy Forbesa&#8221;, odnosi si\u0119 do osobistej historii przedsi\u0119biorczyni, kt\u00f3ra oko\u0142o czterdziestki znalaz\u0142a si\u0119 w\u00a0powa\u017cnym kryzysie finansowym i\u00a0zawodowym, a\u00a0p\u00f3\u017aniej zacz\u0119\u0142a budowa\u0107 biznes zwi\u0105zany ze zdrowym \u017cywieniem i\u00a0edukacj\u0105.<\/p>\n<p>ZdrowaZupa.pl powsta\u0142a w\u00a02019 r. jako rodzinny projekt. Z\u00a0czasem rozwin\u0119\u0142a si\u0119 w\u00a0e-commerce wysy\u0142aj\u0105cy produkty do klient\u00f3w w\u00a0Polsce i\u00a0innych krajach Europy. R\u00f3wnolegle Stoitsi-Nieprzecka stworzy\u0142a du\u017c\u0105 spo\u0142eczno\u015b\u0107 w\u00a0mediach spo\u0142eczno\u015bciowych i\u00a0biznes oparty tak\u017ce na produktach cyfrowych. W\u00a02024 r. znalaz\u0142a si\u0119 na przygotowanej przez &#8222;Forbes Women&#8221; li\u015bcie &#8222;50 po 50&#8221;, prezentuj\u0105cej kobiety, kt\u00f3re znacz\u0105ce zawodowe przedsi\u0119wzi\u0119cia rozwijaj\u0105 po pi\u0119\u0107dziesi\u0105tce.<\/p>\n<p>W Sopocie opowie przede wszystkim o\u00a0budowaniu firmy po czterdziestce &#8211; i\u00a0o tym, \u017ce biznesowa droga nie musi rozwija\u0107 si\u0119 wed\u0142ug jednego, przewidywalnego scenariusza.<\/p>\n<p>Po jej wyst\u0105pieniu przewidziano r\u00f3wnie\u017c kr\u00f3tsz\u0105 cz\u0119\u015b\u0107 dotycz\u0105c\u0105 <a href=\"https:\/\/www.trojmiasto.pl\/dom\/\" class=\"parse-link\" title=\"Serwis DOM - nieruchomo\u015bci, mieszkania\" rel=\"nofollow noopener\" target=\"_blank\">nieruchomo\u015bci<\/a> i\u00a0inwestycji, a\u00a0nast\u0119pnie moderowany networking i\u00a0wsp\u00f3lny lunch.<\/p>\n<p>Olga Kozierowska: Jak nie walczy\u0107 z\u00a0trem\u0105  Po po\u0142udniu na scenie pojawi si\u0119 Olga Kozierowska, kt\u00f3rej nazwisko od lat jest zwi\u0105zane z\u00a0tematyk\u0105 kobiecej przedsi\u0119biorczo\u015bci w\u00a0Polsce. W\u00a02008 r. stworzy\u0142a Sukces Pisany Szmink\u0105, inicjatyw\u0119 wspieraj\u0105c\u0105 rozw\u00f3j zawodowy i\u00a0przedsi\u0119biorczo\u015b\u0107 kobiet. Jest dziennikark\u0105 biznesow\u0105, autork\u0105 program\u00f3w radiowych i\u00a0telewizyjnych, podcast\u00f3w oraz ksi\u0105\u017cek. Przez lata by\u0142a zwi\u0105zana m.in. z\u00a0Radiem PiN, EuroZet, TVN24 i\u00a0TVP2, a\u00a0dzi\u015b dzia\u0142a tak\u017ce w\u00a0obszarze r\u00f3\u017cnorodno\u015bci i\u00a0w\u0142\u0105czania.<\/p>\n<p>Jej sopocka prelekcja b\u0119dzie mia\u0142a tytu\u0142 &#8222;Trema to nie wr\u00f3g&#8221;. Kozierowska ma m\u00f3wi\u0107 o\u00a0tym, jak napi\u0119cia towarzysz\u0105cego wyst\u0105pieniom nie pr\u00f3bowa\u0107 za wszelk\u0105 cen\u0119 wyeliminowa\u0107, lecz wykorzysta\u0107 je podczas prezentacji, rozmowy czy wyst\u0119pu przed wi\u0119ksz\u0105 publiczno\u015bci\u0105.<\/p>\n<p>To temat istotny nie tylko dla os\u00f3b wyst\u0119puj\u0105cych na konferencyjnych scenach. W\u0142asn\u0105 firm\u0119 trzeba przecie\u017c prezentowa\u0107 niemal codziennie: klientom, kontrahentom, inwestorom czy potencjalnym wsp\u00f3\u0142pracownikom.<\/p>\n<p>                                    <a data-tklik=\"360616\" href=\"https:\/\/katalog.trojmiasto.pl\/prawo_i_doradztwo\/coaching\/mentoring\/\" rel=\"nofollow noopener\" target=\"_blank\"><br \/>\n                                                    Katalog.trojmiasto.pl \u2013<br \/>\n                                                                    Mentoring<br \/>\n                                                                    <\/a><\/p>\n<p>                <a data-tklik=\"360616\" href=\"https:\/\/katalog.trojmiasto.pl\/prawo_i_doradztwo\/coaching\/mentoring\/\" rel=\"nofollow noopener\" target=\"_blank\"><br \/>\n                    wi\u0119cej<\/p>\n<p>                <\/a><\/p>\n<p>Jak przesta\u0107 wykonywa\u0107 wszystko samodzielnie?<br \/>O godz. 16 do\u015bwiadczeniami z\u00a0zupe\u0142nie innej bran\u017cy podzieli si\u0119 Martyna Soko\u0142owska, przedsi\u0119biorczyni zwi\u0105zana z\u00a0sektorem beauty. Jej wyst\u0105pienie nosi tytu\u0142 &#8222;Jak przesta\u0107 by\u0107 g\u0142\u00f3wnym wykonawc\u0105 swoich us\u0142ug&#8221;.<\/p>\n<p>Soko\u0142owska zaczyna\u0142a od wykonywania zabieg\u00f3w i\u00a0stylizacji rz\u0119s, p\u00f3\u017aniej stopniowo przechodzi\u0142a od pracy bezpo\u015brednio z\u00a0klientkami do zarz\u0105dzania. W\u00a02013 r. otworzy\u0142a Ulala Day Spa, a\u00a0rozw\u00f3j firmy wi\u0105za\u0142 si\u0119 nie tylko z\u00a0powi\u0119kszaniem salonu, lecz przede wszystkim z\u00a0budow\u0105 zespo\u0142u i\u00a0oddawaniem mu odpowiedzialno\u015bci. Z wykszta\u0142cenia jest psycholo\u017ck\u0105, a\u00a0dzi\u015b opr\u00f3cz prowadzenia biznes\u00f3w beauty szkoli tak\u017ce w\u0142a\u015bcicielki salon\u00f3w z\u00a0zarz\u0105dzania, rekrutacji i\u00a0organizacji pracy.<\/p>\n<p>Podczas konferencji ma opowiedzie\u0107 o\u00a0drodze od wykonywania us\u0142ug w\u0142asnymi r\u0119kami do zarz\u0105dzania trzema salonami i\u00a0ponad 30-osobowym zespo\u0142em. To jeden z\u00a0tych etap\u00f3w rozwoju firmy, kt\u00f3ry dla wielu przedsi\u0119biorc\u00f3w okazuje si\u0119 szczeg\u00f3lnie trudny: biznes ro\u015bnie, ale je\u015bli jego w\u0142a\u015bciciel pozostaje jednocze\u015bnie g\u0142\u00f3wnym wykonawc\u0105 wszystkich us\u0142ug, wraz z\u00a0nim ro\u015bnie tak\u017ce liczba godzin pracy.<\/p>\n<p><a href=\"https:\/\/katalog.trojmiasto.pl\/moda_i_uroda\/przedluzanie_rzes\/\" class=\"catalog-info-box\" data-tklik=\"602025\" rel=\"nofollow noopener\" target=\"_blank\"><\/p>\n<p>Przed\u0142u\u017canie rz\u0119s<\/p>\n<p><\/a><\/p>\n<p>Nie tylko siedzenie pod scen\u0105<br \/>Mi\u0119dzy wyst\u0105pieniami organizatorki zostawi\u0142y sporo miejsca na rozmowy. Opr\u00f3cz moderowanego networkingu przewidziano przerwy kawowe i\u00a0wsp\u00f3lny lunch. Konferencj\u0119 zako\u0144czy panel o\u00a0pozyskiwaniu partner\u00f3w i\u00a0sponsor\u00f3w do biznesu, prowadzony przez Dominik\u0119 Peszel-Paix\u00e3o i\u00a0Paulin\u0119 Olejniczak wraz z\u00a0zaproszonymi go\u015b\u0107mi.<\/p>\n<p>Jeszcze wi\u0119cej przestrzeni na poznawanie si\u0119 ma by\u0107 dzie\u0144 wcze\u015bniej. W\u00a0sobotni wiecz\u00f3r w\u00a0Sopocie uczestniczki pakietu VIP spotkaj\u0105 si\u0119 w\u00a0mniejszym gronie &#8211; bez oficjalnych prelekcji. W planie jest swobodna integracja, rozmowy, muzyka, przek\u0105ski i\u00a0wino. Chodzi o\u00a0to, \u017ceby nast\u0119pnego dnia na konferencyjn\u0105 sal\u0119 nie wchodzi\u0107 ju\u017c wy\u0142\u0105cznie w\u015br\u00f3d zupe\u0142nie obcych os\u00f3b.<\/p>\n<p>To wa\u017cny element wydarzenia, bo rozw\u00f3j biznesowy nie zawsze zaczyna si\u0119 od kolejnego szkolenia czy prezentacji. Czasem zaczyna si\u0119 przy stole, od wymiany dw\u00f3ch zda\u0144, wsp\u00f3lnego pomys\u0142u albo kontaktu zapisanego w\u00a0telefonie.<\/p>\n<p>Organizatorki chc\u0105 te\u017c, by relacje nie ko\u0144czy\u0142y si\u0119 wraz z\u00a0niedzielnym wieczorem. Uczestniczki maj\u0105 otrzyma\u0107 dost\u0119p do spo\u0142eczno\u015bci Founderek, w\u00a0kt\u00f3rej b\u0119d\u0105 mog\u0142y umawia\u0107 si\u0119 na indywidualne spotkania, wymienia\u0107 do\u015bwiadczeniami i\u00a0kontynuowa\u0107 kontakty nawi\u0105zane w\u00a0Sopocie. Zapowiadane s\u0105 tak\u017ce kolejne, mniejsze i\u00a0wi\u0119ksze spotkania.<\/p>\n","protected":false},"excerpt":{"rendered":"Prowadz\u0105 firmy, buduj\u0105 marki, zatrudniaj\u0105 ludzi, podejmuj\u0105 ryzyko i\u00a0zaczynaj\u0105 od nowa. A\u00a0przy tym coraz cz\u0119\u015bciej same tworz\u0105 dla&hellip;\n","protected":false},"author":2,"featured_media":657082,"comment_status":"","ping_status":"","sticky":false,"template":"","format":"standard","meta":{"footnotes":"","_share_on_mastodon":"0"},"categories":[12],"tags":[128055,995,11091,113,128066,20400,95008,8698,71810,95007,69857,8733,7371,3622,11085,128059,4034,14494,128057,128053,128052,1048,1064,128054,55380,5831,2610,26060,16072,6335,10820,24322,72684,11534,703,8775,8773,56400,4037,128060,2427,1142,1252,37330,11596,59118,71815,128064,95012,38111,42,38,40,39,41,11579,54448,9948,8743,8803,12068,2103,128058,22277,14061,3150,6990,2592,19005,11538,4663,128062,71811,1063,8724,69467,71821,128065,33301,4000,1281,2578,128061,1323,8124,22945,45689,10510,8774,95549,128063,5298,28593,32387,128056,10819,5977,57330],"class_list":["post-657081","post","type-post","status-publish","format-standard","has-post-thumbnail","category-polska","tag-ania-stoitsi-nieprzecka","tag-australia","tag-bilet","tag-biznes","tag-branza-beauty","tag-czlowiek","tag-deezee","tag-design","tag-dominika-peszel-paixao","tag-dominika-zak","tag-doradztwo","tag-doswiadczenie","tag-e-commerce","tag-edukacja","tag-edycja","tag-eurozet","tag-firma","tag-forbes","tag-forbes-women","tag-founderka","tag-founderki-polska","tag-gdansk","tag-gdynia","tag-grupa-ccc","tag-integracja","tag-inwestor","tag-inwestycja","tag-kapital","tag-klient","tag-kobieta","tag-konferencja","tag-konkurencja","tag-kontrahent","tag-koszt","tag-kryzys","tag-kulinaria","tag-lifestyle","tag-lunch","tag-marka","tag-martyna-sokolowska","tag-media-spolecznosciowe","tag-moda","tag-muzyka","tag-networking","tag-nieruchomosc","tag-odwaga","tag-olga-kozierowska","tag-panel-dyskusyjny","tag-paulina-olejniczak","tag-pieniadz","tag-pl","tag-poland","tag-polish","tag-polska","tag-polski","tag-potencjal","tag-prelekcja","tag-prezentacja","tag-produkt","tag-program","tag-przedsiebiorca","tag-psychologia","tag-radio-pin","tag-rejestracja","tag-rekrutacja","tag-relacja","tag-restauracja","tag-rozmowa","tag-rozwoj","tag-ryzyko","tag-scena","tag-sheraton-sopot-hotel","tag-siemanko","tag-sopot","tag-spolecznosc","tag-sponsor","tag-sukces-pisany-szminka","tag-szkola-tanca","tag-trema","tag-trojmiasto","tag-tvn24","tag-tvp2","tag-ulala-day-spa","tag-uroda","tag-usluga","tag-warsztat","tag-wiedza","tag-wino","tag-wnetrza","tag-wystapienie","tag-wystapienie-publiczne","tag-wyzwanie","tag-zarzadzanie","tag-zaspa","tag-zdrowazupa-pl","tag-zespol","tag-zmiana","tag-zywienie"],"share_on_mastodon":{"url":"","error":"Validation failed: Text character limit of 500 exceeded"},"_links":{"self":[{"href":"https:\/\/www.europesays.com\/pl\/wp-json\/wp\/v2\/posts\/657081","targetHints":{"allow":["GET"]}}],"collection":[{"href":"https:\/\/www.europesays.com\/pl\/wp-json\/wp\/v2\/posts"}],"about":[{"href":"https:\/\/www.europesays.com\/pl\/wp-json\/wp\/v2\/types\/post"}],"author":[{"embeddable":true,"href":"https:\/\/www.europesays.com\/pl\/wp-json\/wp\/v2\/users\/2"}],"replies":[{"embeddable":true,"href":"https:\/\/www.europesays.com\/pl\/wp-json\/wp\/v2\/comments?post=657081"}],"version-history":[{"count":0,"href":"https:\/\/www.europesays.com\/pl\/wp-json\/wp\/v2\/posts\/657081\/revisions"}],"wp:featuredmedia":[{"embeddable":true,"href":"https:\/\/www.europesays.com\/pl\/wp-json\/wp\/v2\/media\/657082"}],"wp:attachment":[{"href":"https:\/\/www.europesays.com\/pl\/wp-json\/wp\/v2\/media?parent=657081"}],"wp:term":[{"taxonomy":"category","embeddable":true,"href":"https:\/\/www.europesays.com\/pl\/wp-json\/wp\/v2\/categories?post=657081"},{"taxonomy":"post_tag","embeddable":true,"href":"https:\/\/www.europesays.com\/pl\/wp-json\/wp\/v2\/tags?post=657081"}],"curies":[{"name":"wp","href":"https:\/\/api.w.org\/{rel}","templated":true}]}}