{"id":657099,"date":"2026-08-31T06:02:04","date_gmt":"2026-08-31T06:02:04","guid":{"rendered":"https:\/\/www.europesays.com\/pl\/657099\/"},"modified":"2026-08-31T06:02:04","modified_gmt":"2026-08-31T06:02:04","slug":"karol-nawrocki-odcina-sie-od-afery-zondacrypto-wskazuje-na-rzad-donalda-tuska","status":"publish","type":"post","link":"https:\/\/www.europesays.com\/pl\/657099\/","title":{"rendered":"Karol Nawrocki odcina si\u0119 od afery Zondacrypto. Wskazuje na rz\u0105d Donalda Tuska"},"content":{"rendered":"<p>Rafa\u0142 Le\u015bkiewicz zaznacza, \u017ce trzykrotne weto prezydenta wobec ustawy, kt\u00f3ra mia\u0142a regulowa\u0107 rynek kryptowalut, wynika\u0142o z oceny jej jako\u015bci. Zaznacza, \u017ce zdaniem prezydenta ustawa by\u0142a bowiem \u017ale przygotowana.<\/p>\n<p class=\"ods-o-quote__paragraph\">By\u0142a przygotowana w spos\u00f3b niechlujny, by\u0142a bublem prawnym. I te\u017c trzykrotnie prezydent wskazywa\u0142, dlaczego t\u0119 ustaw\u0119 wetowa\u0142<\/p>\n<p>\u2014 m\u00f3wi w rozmowie z Radiem Wnet Rafa\u0142 Le\u015bkiewicz.<\/p>\n<p>Dalszy ci\u0105g artyku\u0142u pod materia\u0142em wideoAfera Zondacrypto. Rafa\u0142 Le\u015bkiewicz t\u0142umaczy Karola Nawrockiego i atakuje Donalda Tuska<\/p>\n<p>Rzecznik prasowy uwa\u017ca, \u017ce cz\u0119\u015b\u0107 odpowiedzialno\u015bci za afer\u0119 z Zondacrypto ponosi rz\u0105d Donalda Tuska, kt\u00f3ry, jego zdaniem, spraw\u0119 wykorzystuje, aby uderza\u0107 w polsk\u0105 prawic\u0119.<\/p>\n<p class=\"ods-o-quote__paragraph\">Odpowiedzialno\u015b\u0107 za to, co si\u0119 wydarzy\u0142o w ostatnim czasie, za bankructwo Zondacrypto, ponosz\u0105 tak\u017ce rz\u0105dz\u0105cy, pan premier Donald Tusk i jego ministrowie<\/p>\n<p>\u2014 twierdzi Rafa\u0142 Le\u015bkiewicz.<\/p>\n<p>O co dok\u0142adnie chodzi w aferze Zondacrypto [WYJA\u015aNIAMY]<img class=\"ods-a-photo ods-a-photo--background\" src=\"https:\/\/www.europesays.com\/pl\/wp-content\/uploads\/2026\/08\/qKuk9lBaHR0cHM6Ly9vY2RuLmV1L3B1bHNjbXMvTURBXy8wMTUwMTFjZTA1ZmRmYTE1YzJiMmJiNTBlOGU2YmM0OS5qcGeRlQLNA.jpeg\" height=\"254\" width=\"450\" alt=\"Przemys\u0142aw Kral, prezes Zondacrypto\" loading=\"lazy\" fetchpriority=\"low\" decoding=\"async\"\/><\/p>\n<p>Wed\u0142ug niego rz\u0105d przez ostatnie dwa i p\u00f3\u0142 roku dysponowa\u0142 s\u0142u\u017cbami i prokuratur\u0105, a mimo to &#8222;nie podj\u0105\u0142 wystarczaj\u0105cych dzia\u0142a\u0144 zwi\u0105zanych z rynkiem kryptowalut&#8221;.<\/p>\n<p>Afera Zondacrypto. Cz\u0142owiek prezydenta komentuje<\/p>\n<p>Rzecznik Karola Nawrockiego komentuje r\u00f3wnie\u017c pojawiaj\u0105ce si\u0119 informacje o kontaktach prezesa Zondacrypto Przemys\u0142awa Krala z osobami zwi\u0105zanymi z prawic\u0105. Podkre\u015bla, \u017ce samo istnienie takich relacji nie przes\u0105dza o odpowiedzialno\u015bci karnej.<\/p>\n<p class=\"ods-o-quote__paragraph\">Nale\u017cy udowodni\u0107 dzia\u0142alno\u015b\u0107 o charakterze przest\u0119pczym. Same spotkania nie s\u0105 \u017cadnym dowodem na to, \u017ce dosz\u0142o do jakich\u015b przest\u0119pstw, \u017ce kto\u015b z\u0142ama\u0142 przepisy polskiego prawa<\/p>\n<p>\u2014 uwa\u017ca Rafa\u0142 Le\u015bkiewicz.<\/p>\n<p>Afera Zondacrypto. Marcin Przydacz broni prezydenta Karola Nawrockiego<\/p>\n<p>Do tej samej kwestii odni\u00f3s\u0142 si\u0119 w pi\u0105tek rano szef Biura Polityki Mi\u0119dzynarodowej Marcin Przydacz. W rozmowie z Polsat News zaznaczy\u0142, \u017ce otoczenie prezydenta Karola Nawrockiego nie ma \u017cadnych obaw, \u017ce afera Zondacrypto w nie uderzy.<\/p>\n<p>Marcin Przydacz podkre\u015bli\u0142 r\u00f3wnie\u017c, \u017ce sam fakt sponsorowania zesz\u0142orocznej konferencji CPAC przez, jak to sam okre\u015bli\u0142, &#8222;legalnie funkcjonuj\u0105cy w\u00f3wczas biznes&#8221;, nie wyklucza\u0142 obecno\u015bci w nim prezydenta Karola Nawrockiego.<\/p>\n","protected":false},"excerpt":{"rendered":"Rafa\u0142 Le\u015bkiewicz zaznacza, \u017ce trzykrotne weto prezydenta wobec ustawy, kt\u00f3ra mia\u0142a regulowa\u0107 rynek kryptowalut, wynika\u0142o z oceny jej&hellip;\n","protected":false},"author":2,"featured_media":657100,"comment_status":"","ping_status":"","sticky":false,"template":"","format":"standard","meta":{"footnotes":"","_share_on_mastodon":"0"},"categories":[62713],"tags":[61195,1345,212,43,49,15327,45,48,46,75235,47,8206,17994],"class_list":["post-657099","post","type-post","status-publish","format-standard","has-post-thumbnail","category-donald-tusk","tag-bottomfeed_styl","tag-donald-tusk","tag-donald_tusk","tag-karol_nawrocki","tag-kraj","tag-kryptowaluta","tag-marcin_przydacz","tag-nat_styl","tag-omp","tag-przemyslaw_kral","tag-screening_general","tag-weto","tag-zondacrypto"],"share_on_mastodon":{"url":"","error":""},"_links":{"self":[{"href":"https:\/\/www.europesays.com\/pl\/wp-json\/wp\/v2\/posts\/657099","targetHints":{"allow":["GET"]}}],"collection":[{"href":"https:\/\/www.europesays.com\/pl\/wp-json\/wp\/v2\/posts"}],"about":[{"href":"https:\/\/www.europesays.com\/pl\/wp-json\/wp\/v2\/types\/post"}],"author":[{"embeddable":true,"href":"https:\/\/www.europesays.com\/pl\/wp-json\/wp\/v2\/users\/2"}],"replies":[{"embeddable":true,"href":"https:\/\/www.europesays.com\/pl\/wp-json\/wp\/v2\/comments?post=657099"}],"version-history":[{"count":0,"href":"https:\/\/www.europesays.com\/pl\/wp-json\/wp\/v2\/posts\/657099\/revisions"}],"wp:featuredmedia":[{"embeddable":true,"href":"https:\/\/www.europesays.com\/pl\/wp-json\/wp\/v2\/media\/657100"}],"wp:attachment":[{"href":"https:\/\/www.europesays.com\/pl\/wp-json\/wp\/v2\/media?parent=657099"}],"wp:term":[{"taxonomy":"category","embeddable":true,"href":"https:\/\/www.europesays.com\/pl\/wp-json\/wp\/v2\/categories?post=657099"},{"taxonomy":"post_tag","embeddable":true,"href":"https:\/\/www.europesays.com\/pl\/wp-json\/wp\/v2\/tags?post=657099"}],"curies":[{"name":"wp","href":"https:\/\/api.w.org\/{rel}","templated":true}]}}