{"id":657105,"date":"2026-08-31T06:07:17","date_gmt":"2026-08-31T06:07:17","guid":{"rendered":"https:\/\/www.europesays.com\/pl\/657105\/"},"modified":"2026-08-31T06:07:17","modified_gmt":"2026-08-31T06:07:17","slug":"marketingowe-podsumowanie-sierpnia-w-pko-bp-ekstraklasie-pionierzy-z-zabrze-i-efektowne-koszulki-sportmarketing-pl","status":"publish","type":"post","link":"https:\/\/www.europesays.com\/pl\/657105\/","title":{"rendered":"Marketingowe podsumowanie sierpnia w PKO BP Ekstraklasie. Pionierzy z Zabrze i efektowne koszulki \u2013 SportMarketing.pl"},"content":{"rendered":"<p>                    <a href=\"https:\/\/www.sportmarketing.pl\/\" class=\"p-1\" rel=\"nofollow noopener\" target=\"_blank\"><\/p>\n<p>                    <\/a><\/p>\n<p>                                            <a href=\"https:\/\/www.sportmarketing.pl\/marketing\/\" class=\"text-1 transition-all hover:underline\" rel=\"nofollow noopener\" target=\"_blank\"><br \/>\n                            Marketing<br \/>\n                        <\/a><\/p>\n<p>                        Marketingowe podsumowanie sierpnia w PKO BP Ekstraklasie. Pionierzy z Zabrze i efektowne koszulki<\/p>\n<p>                    31.08.2026 07:14<\/p>\n<p>                            W sierpniu PKO BP Ekstraklasa zaczyna si\u0119 rozkr\u0119ca\u0107 po pierwszych lipcowych meczach tego sezonu. R\u00f3wnie\u017c niekt\u00f3re kluby intensywnie pracuj\u0105, by przekona\u0107 do siebie fan\u00f3w w kwestiach marketingowych. Oto nasze comiesi\u0119czne zestawienie. <\/p>\n<p>        <img decoding=\"async\" class=\"aspect-[11\/6] h-auto w-full object-cover\" src=\"https:\/\/www.europesays.com\/pl\/wp-content\/uploads\/2026\/08\/ChatGPT-Image-31-sie-2026-07_14_06.png\" alt=\"Marketingowe podsumowanie sierpnia w PKO BP Ekstraklasie. Pionierzy z Zabrze i efektowne koszulki\"\/><\/p>\n<p>                                                                Autor zdj\u0119cia: Jagiellonia Bia\u0142ystok <\/p>\n<p>    LinkedIn Follow Button \u2013 Article Embed<\/p>\n<p>Wyj\u0105tkowy serial <\/p>\n<p>G\u00f3rnik Zabrze wdra\u017ca projekt, kt\u00f3rego do tej pory nie realizowa\u0142 \u017caden klub PKO BP Ekstraklasy. Serial dokumentalny produkowany w ca\u0142o\u015bci przez klub ma pokaza\u0107 kulisy funkcjonowania jednej z najbardziej utytu\u0142owanych marek w polskiej pi\u0142ce \u2013 od szatni i odpraw, przez gabinety zarz\u0105du, a\u017c po codzienn\u0105 prac\u0119 os\u00f3b odpowiedzialnych za funkcjonowanie organizacji. Produkcja b\u0119dzie publikowana na bie\u017c\u0105co, a kolejne odcinki maj\u0105 ukazywa\u0107 si\u0119 \u015brednio co dwa miesi\u0105ce.<\/p>\n<p lang=\"pl\" dir=\"ltr\">\ud83d\udcfa PODOLSKI. NOWA ERA | Non-Stop G\u00f3rnik: odc. 1.<\/p>\n<p>Lukas Podolski zdobywa Puchar Polski i po \u015bmierci babci spe\u0142nia z\u0142o\u017con\u0105 jej obietnic\u0119. Chwil\u0119 p\u00f3\u017aniej zapadaj\u0105 najwa\u017cniejsze decyzje w nowej historii G\u00f3rnika. Na finiszu wyczekiwanej prywatyzacji Poldi rozlicza negocjacje z\u2026 <a href=\"https:\/\/t.co\/4GO5jdlVHR\" rel=\"nofollow\">pic.twitter.com\/4GO5jdlVHR<\/a><\/p>\n<p>\u2014 G\u00f3rnik Zabrze (@GornikZabrzeSSA) <a href=\"https:\/\/x.com\/GornikZabrzeSSA\/status\/2083825081306734706?ref_src=twsrc%5Etfw\" rel=\"nofollow\">August 2, 2026<\/a><\/p>\n<p>\u2013 W marcu Poldi zabra\u0142 nas razem z Patrykiem Tatarczuchem, kt\u00f3ry odpowiada za zdj\u0119cia i monta\u017c, do Kolonii. Przez weekend obserwowali\u015bmy prac\u0119 przy nagraniach z udzia\u0142em Lukasa Podolskiego do reklam marek Crocs i Kraken. To wtedy ustalili\u015bmy, \u017ce od nast\u0119pnego sezonu zaczynamy produkcj\u0119. Przy okazji premiery filmu Netfliksa ponownie odwiedzili\u015bmy Niemcy, gdzie spotkali\u015bmy si\u0119 z producentami dokumentu o 1. FC K\u00f6ln. Obecnie pracuj\u0105 nad serialem o VfB Stuttgart. Pokazali nam sw\u00f3j system pracy, zaplecze techniczne i spos\u00f3b organizacji produkcji. Us\u0142yszeli\u015bmy od nich, \u017ce przy naszych mo\u017cliwo\u015bciach stworzenie podobnego serialu b\u0119dzie niezwykle trudne. Mimo to postanowili\u015bmy podj\u0105\u0107 to wyzwanie \u2013 m\u00f3wi\u0142 dla SportMarketing.pl Mateusz Antczak, dyrektor ds. medi\u00f3w i tre\u015bci (Head of Media &amp; Content) G\u00f3rnika Zabrze, jeden z inicjator\u00f3w projektu.<\/p>\n<p>Krakowska specyfika <\/p>\n<p>Wis\u0142a Krak\u00f3w zaprezentowa\u0142a w sierpniu nowe domowe koszulki, w kt\u00f3rych pi\u0142karze wyst\u0119puj\u0105 w sezonie 2026\/2027. Klub postawi\u0142 na klasyczny wygl\u0105d oraz liczne nawi\u0105zania do swojej bogatej historii. Premierowy wyst\u0119p nowych trykot\u00f3w nast\u0105pi\u0142 podczas meczu 3. kolejki PKO Ekstraklasy z Wis\u0142\u0105 P\u0142ock przy ulicy Reymonta.<\/p>\n<p>Lokalne akcenty <\/p>\n<p>Jagiellonia Bia\u0142ystok zaprezentowa\u0142a kibicom dwa nowe komplety meczowe, w kt\u00f3rych pi\u0142karze b\u0119d\u0105 wyst\u0119powa\u0107 podczas sezonu 2026\/27. Klub postawi\u0142 na po\u0142\u0105czenie swojej tradycyjnej kolorystyki z nowoczesnymi detalami, nawi\u0105zuj\u0105cymi do historii oraz to\u017csamo\u015bci regionu.<\/p>\n<p><img fetchpriority=\"high\" decoding=\"async\" width=\"1024\" height=\"683\" src=\"https:\/\/www.europesays.com\/pl\/wp-content\/uploads\/2026\/08\/obraz-1024x683.png\" alt=\"\" class=\"wp-image-118418\"  \/><\/p>\n<p>Otwarto\u015b\u0107 Zag\u0142\u0119bia <\/p>\n<p>Filip Kocaba i Jakub Kolan, pi\u0142karze Zag\u0142\u0119bia Lubin, odwiedzili uczni\u00f3w SP 14, gdzie w ramach \u201eAkcji Lato\u201d, organizowanej przez RCS, mia\u0142y miejsce zaj\u0119cia na \u015bciance wspinaczkowej. To ciekawa pr\u00f3ba zadzierzgni\u0119cia relacji z m\u0142odymi fanami. <\/p>\n<p lang=\"pl\" dir=\"ltr\">Filip Kocaba i Jakub Kolan wpadli z kr\u00f3tk\u0105 wizyt\u0105 do SP 14, gdzie w ramach \u201eAkcji Lato\u201d, organizowanej przez RCS, odbywa\u0142y si\u0119 zaj\u0119cia na \u015bciance wspinaczkowej. \ud83e\uddd7<\/p>\n<p>Uczestnicy otrzymali vouchery na najbli\u017cszy mecz z Pogoni\u0105 Szczecin, a przy okazji mogli chwil\u0119 porozmawia\u0107 z\u2026 <a href=\"https:\/\/t.co\/659d1B8XIs\" rel=\"nofollow\">pic.twitter.com\/659d1B8XIs<\/a><\/p>\n<p>\u2014 Zag\u0142\u0119bie Lubin (@ZaglebieLubin) <a href=\"https:\/\/x.com\/ZaglebieLubin\/status\/2092318593622962322?ref_src=twsrc%5Etfw\" rel=\"nofollow\">August 25, 2026<\/a><\/p>\n<p>Kibice mog\u0105 by\u0107\u2026 VIP-ami <\/p>\n<p>Piast Gliwice zapewni\u0142 ciekaw\u0105 opcj\u0119 kibicom, kt\u00f3rzy nie mog\u0105 pojecha\u0107 na wyjazdowy mecz do Lublina! T\u0105 atrakcj\u0105 jest mo\u017cliwo\u015b\u0107 obejrzenia ligowego spotkania w Strefie VIP.<\/p>\n<p>W Poznaniu znowu stawiaj\u0105 na m\u0142odzie\u017c <\/p>\n<p>Lech Future to projekt skierowany do adept\u00f3w pi\u0142ki no\u017cnej. Kolejorz og\u0142osi\u0142 rekrutacj\u0119 os\u00f3b w\u00a0wieku\u00a0od 4 do 15\u00a0lat, w\u00a0ponad\u00a070\u00a0lokalizacjach\u00a0w\u00a0ca\u0142ej\u00a0Polsce. Jest to inicjatywa realizowana z rozmachem, kt\u00f3ry jest kontynuowana od lat. I zas\u0142uguje na s\u0142owa uznania za t\u0119 ci\u0105g\u0142o\u015b\u0107.<\/p>\n<p lang=\"pl\" dir=\"ltr\">Lech Future rozpoczyna nabory dla\u00a0dzieci\u00a0w\u00a0wieku\u00a0od 4 do 15\u00a0lat, w\u00a0ponad\u00a070\u00a0lokalizacjach\u00a0w\u00a0ca\u0142ej\u00a0Polsce \ud83d\udea8 <\/p>\n<p>To\u00a0okazja, by\u00a0rozpocz\u0105\u0107\u00a0pi\u0142karsk\u0105\u00a0przygod\u0119 i do\u0142\u0105czy\u0107 do naszej \ud83d\udd35\u26aa\ufe0f Rodziny!<\/p>\n<p>Dlaczego\u00a0warto?<br \/>\ud83d\udc49\ud83c\udffc Trenerzy\u00a0z\u00a0licencjami\u00a0UEFA, kt\u00f3rzy maj\u0105 indywidualne\u00a0podej\u015bcie\u00a0do\u2026 <a href=\"https:\/\/t.co\/NNYgtvCtpo\" rel=\"nofollow\">pic.twitter.com\/NNYgtvCtpo<\/a><\/p>\n<p>\u2014 Lech Pozna\u0144 \u2b50\ufe0f (@LechPoznan) <a href=\"https:\/\/x.com\/LechPoznan\/status\/2090763595634315400?ref_src=twsrc%5Etfw\" rel=\"nofollow\">August 21, 2026<\/a><\/p>\n<p>Rak\u00f3w wychodzi do kibic\u00f3w <\/p>\n<p>R\u00f3wnie\u017c klub spod Jasnej G\u00f3ry stara si\u0119 utrzymywa\u0107 dobre relacje z kibicami, anga\u017cuj\u0105c si\u0119 w kolejny eveny dla lokalnej spo\u0142eczno\u015bci. <\/p>\n<p lang=\"pl\" dir=\"ltr\">Wczoraj spotkali\u015bmy si\u0119 z Wami podczas Festiwalu Kultury Alternatywnej organizowanego przez Fundacj\u0119 Oczami Brata! \ud83e\udee1<\/p>\n<p>Dzi\u0119kujemy za obecno\u015b\u0107 i do zobaczenia przy kolejnych okazjach! \ud83d\udc4a <a href=\"https:\/\/t.co\/8kJQT5oKIX\" rel=\"nofollow\">pic.twitter.com\/8kJQT5oKIX<\/a><\/p>\n<p>\u2014 Rak\u00f3w Cz\u0119stochowa (@Rakow1921) <a href=\"https:\/\/x.com\/Rakow1921\/status\/2091442423373177178?ref_src=twsrc%5Etfw\" rel=\"nofollow\">August 23, 2026<\/a><\/p>\n<p>Wymiana zda\u0144 z kolorowym ptakiem <\/p>\n<p>Alex Haditaghi to barwny, ekscentryczna,a bywa, \u017ce i konfrontacyjna posta\u0107. Z pewno\u015bci\u0105 mo\u017cliwo\u015b\u0107 porozmawiania z w\u0142a\u015bcicielem Pogoni by\u0142a nie lada gratk\u0105 dla kibic\u00f3w szczeci\u0144skiego klubu. <\/p>\n<p lang=\"pl\" dir=\"ltr\">Ju\u017c dzi\u015b posiadacze karnet\u00f3w oraz subskrybenci maj\u0105 okazj\u0119 spotka\u0107 si\u0119 z prezesem Dumy Pomorza, Alexem Haditaghim! \ud83d\udd25<\/p>\n<p>Darmowe wej\u015bci\u00f3wki mo\u017cecie pobiera\u0107 za po\u015brednictwem oficjalnego systemu biletowego: <a href=\"https:\/\/t.co\/IbXUZnywVS\" rel=\"nofollow\">https:\/\/t.co\/IbXUZnywVS<\/a> \ud83c\udd93<\/p>\n<p>Spotkanie potrwa oko\u0142o 75 minut, co zapewni\u2026 <a href=\"https:\/\/t.co\/BJZHDEBUyC\" rel=\"nofollow\">pic.twitter.com\/BJZHDEBUyC<\/a><\/p>\n<p>\u2014 Pogo\u0144 Szczecin (@PogonSzczecin) <a href=\"https:\/\/x.com\/PogonSzczecin\/status\/2092513483011014795?ref_src=twsrc%5Etfw\" rel=\"nofollow\">August 26, 2026<\/a><\/p>\n<p>Oferta dla posiadaczy karnet\u00f3w <\/p>\n<p>\u015al\u0105sk Wroc\u0142aw po awansie do PKO BP Ekstraklasy proponuje karnetowiczom jeden mecz za darmo. Chodzi o spotkanie STS Pucharu Polski. <\/p>\n<p lang=\"pl\" dir=\"ltr\">Drogi karnetowiczu! \ud83c\uddee\ud83c\uddf9 Pami\u0119taj, \u017ce jedn\u0105 z Twoich korzy\u015bci jest bezp\u0142atne wej\u015bcie na pierwszy domowy mecz <a href=\"https:\/\/x.com\/PZPNPuchar?ref_src=twsrc%5Etfw\" rel=\"nofollow\">@PZPNPuchar<\/a> \ud83c\udfc6<\/p>\n<p>\ud83d\udcc6 Ju\u017c 3 wrze\u015bnia o godz. 20:30 zagramy z Pogoni\u0105 Szczecin \u2013 skorzystaj ze swojego przywileju i odbierz  bilet w ramach karnetu. Do zobaczenia na stadionie!\u2026 <a href=\"https:\/\/t.co\/UQCfDHTHap\" rel=\"nofollow\">pic.twitter.com\/UQCfDHTHap<\/a><\/p>\n<p>&#13;<br \/>\n\u2014 \u015al\u0105sk Wroc\u0142aw (@SlaskWroclawPl) <a href=\"https:\/\/x.com\/SlaskWroclawPl\/status\/2092261968635998580?ref_src=twsrc%5Etfw\" rel=\"nofollow\">August 25, 2026<\/a><\/p>\n<p>W obliczu kryzysu mieszkaniowego\u2026 <\/p>\n<p>Kibice Widzewa \u0141\u00f3d\u017a stan\u0119li przed wyj\u0105tkow\u0105 szans\u0105 na zdobycie w\u0142asnego lokum na niezwykle preferencyjnych warunkach. Deweloper Grupa Murapol uruchomi\u0142 specjaln\u0105 pul\u0119 promocyjn\u0105, obejmuj\u0105c\u0105 inwestycje w kluczowych lokalizacjach miasta: na \u015ar\u00f3dmie\u015bciu, Starym Polesiu oraz G\u00f3rniaku. Osoby decyduj\u0105ce si\u0119 na zakup lokalu z tej limitowanej oferty mog\u0105 obni\u017cy\u0107 koszt zakupu nawet o 138 tysi\u0119cy z\u0142otych.<\/p>\n<p lang=\"pl\" dir=\"ltr\">Widzewiaku, skorzystaj z promocyjnej puli mieszka\u0144 z rabatami na \u0142\u00f3dzkim \u015ar\u00f3dmie\u015bciu, Starym Polesiu i G\u00f3rniaku! \ud83c\udfe1<\/p>\n<p>Wybieraj\u0105c lokal <a href=\"https:\/\/x.com\/hashtag\/GrupaMurapol?src=hash&amp;ref_src=twsrc%5Etfw\" rel=\"nofollow\">#GrupaMurapol<\/a> obj\u0119ty OFERT\u0104 SPECJALN\u0104 mo\u017cesz oszcz\u0119dzi\u0107 nawet 138 tys. z\u0142 \ud83d\udcb0<\/p>\n<p>Liczba mieszka\u0144 obj\u0119tych promocj\u0105 jest ograniczona.<\/p>\n<p>Sprawd\u017a\u2026 <a href=\"https:\/\/t.co\/b8sacrY4x9\" rel=\"nofollow\">pic.twitter.com\/b8sacrY4x9<\/a><\/p>\n<p>\u2014 Widzew \u0141\u00f3d\u017a (@RTS_Widzew_Lodz) <a href=\"https:\/\/x.com\/RTS_Widzew_Lodz\/status\/2092492255454011703?ref_src=twsrc%5Etfw\" rel=\"nofollow\">August 26, 2026<\/a><\/p>\n<p><a href=\"https:\/\/www.sportmarketing.pl\/newsletter\/\" rel=\"nofollow noopener\" target=\"_blank\"><img loading=\"lazy\" decoding=\"async\" width=\"1024\" height=\"538\" src=\"https:\/\/www.europesays.com\/pl\/wp-content\/uploads\/2026\/08\/1788156437_156_newsletter-foto-3-1024x538.png\" alt=\"\" class=\"wp-image-115830\"  \/><\/a><\/p>\n<p>    <a href=\"https:\/\/www.sportmarketing.pl\/author\/bartlomiej-najtkowski\/\" class=\"group mb-6 flex flex-col gap-4 border-y border-global-border-2 py-6\" rel=\"nofollow noopener\" target=\"_blank\"><\/p>\n<p>            <img decoding=\"async\" loading=\"lazy\" src=\"https:\/\/www.europesays.com\/pl\/wp-content\/uploads\/2026\/08\/Bartlomiej-Najtkowski-300x300.jpg\" alt=\"Bart\u0142omiej Najtkowski\" class=\"size-20 rounded-full transition-all group-hover:opacity-80\"\/><\/p>\n<p>                Bart\u0142omiej Najtkowski<\/p>\n<p>            Dziennikarz specjalizuj\u0105cy si\u0119 w sporcie oraz jego zwi\u0105zkach z polityk\u0105, histori\u0105, kultur\u0105, biznesem i mediami. Obecnie jako freelancer wsp\u00f3\u0142pracuje z redakcjami\u00a0SportMarketing.pl, Interplay, TVP Sport oraz portalem XYZ, przygotowuj\u0105c obszerne analizy, reporta\u017ce i wywiady z czo\u0142owymi postaciami \u015bwiata sportu oraz ekspertami z Polski i zagranicy. W\u00a0SportMarketing.pl\u00a0jest autorem cykli\u00a0\u201eZaw\u00f3d: Dziennikarz sportowy\u201d\u00a0oraz\u00a0\u201eKobieta\/Sport\/Biznes\u201d, po\u015bwi\u0119conych mediom, marketingowi i roli kobiet w bran\u017cy sportowej&#8221;.\u00a0<\/p>\n<p>    <\/a><\/p>\n<p><script async src=\"https:\/\/platform.twitter.com\/widgets.js\" charset=\"utf-8\"><\/script><\/p>\n","protected":false},"excerpt":{"rendered":"Marketing Marketingowe podsumowanie sierpnia w PKO BP Ekstraklasie. Pionierzy z Zabrze i efektowne koszulki 31.08.2026 07:14 W sierpniu&hellip;\n","protected":false},"author":2,"featured_media":657106,"comment_status":"","ping_status":"","sticky":false,"template":"","format":"standard","meta":{"footnotes":"","_share_on_mastodon":"0"},"categories":[52122],"tags":[9009,4979,2615,128068,215,713,2810,6010,752,2573,42,1111,38,40,39,41,2369,2412,697,5810,3363],"class_list":["post-657105","post","type-post","status-publish","format-standard","has-post-thumbnail","category-pko-bank-polski","tag-alex-haditaghi","tag-gornik-zabrze","tag-jagiellonia-bialystok","tag-lech-future","tag-lech-poznan","tag-legia-warszawa","tag-piast-gliwice","tag-pko-bank-polski","tag-pko-bp","tag-pko-bp-ekstraklasa","tag-pl","tag-pogon-szczecin","tag-poland","tag-polish","tag-polska","tag-polski","tag-rakow-czestochowa","tag-serial","tag-slask-wroclaw","tag-wisla-krakow","tag-zaglebie-lubin"],"share_on_mastodon":{"url":"https:\/\/pubeurope.com\/@pl\/117188628486721886","error":""},"_links":{"self":[{"href":"https:\/\/www.europesays.com\/pl\/wp-json\/wp\/v2\/posts\/657105","targetHints":{"allow":["GET"]}}],"collection":[{"href":"https:\/\/www.europesays.com\/pl\/wp-json\/wp\/v2\/posts"}],"about":[{"href":"https:\/\/www.europesays.com\/pl\/wp-json\/wp\/v2\/types\/post"}],"author":[{"embeddable":true,"href":"https:\/\/www.europesays.com\/pl\/wp-json\/wp\/v2\/users\/2"}],"replies":[{"embeddable":true,"href":"https:\/\/www.europesays.com\/pl\/wp-json\/wp\/v2\/comments?post=657105"}],"version-history":[{"count":0,"href":"https:\/\/www.europesays.com\/pl\/wp-json\/wp\/v2\/posts\/657105\/revisions"}],"wp:featuredmedia":[{"embeddable":true,"href":"https:\/\/www.europesays.com\/pl\/wp-json\/wp\/v2\/media\/657106"}],"wp:attachment":[{"href":"https:\/\/www.europesays.com\/pl\/wp-json\/wp\/v2\/media?parent=657105"}],"wp:term":[{"taxonomy":"category","embeddable":true,"href":"https:\/\/www.europesays.com\/pl\/wp-json\/wp\/v2\/categories?post=657105"},{"taxonomy":"post_tag","embeddable":true,"href":"https:\/\/www.europesays.com\/pl\/wp-json\/wp\/v2\/tags?post=657105"}],"curies":[{"name":"wp","href":"https:\/\/api.w.org\/{rel}","templated":true}]}}