{"id":657115,"date":"2026-08-31T06:14:08","date_gmt":"2026-08-31T06:14:08","guid":{"rendered":"https:\/\/www.europesays.com\/pl\/657115\/"},"modified":"2026-08-31T06:14:08","modified_gmt":"2026-08-31T06:14:08","slug":"byly-rektor-pum-realizuje-swoje-artystyczne-pasje-lubie-fotografowac-rzeczy-przemijajace","status":"publish","type":"post","link":"https:\/\/www.europesays.com\/pl\/657115\/","title":{"rendered":"By\u0142y rektor PUM realizuje swoje artystyczne pasje. \u201eLubi\u0119 fotografowa\u0107 rzeczy przemijaj\u0105ce\u201d"},"content":{"rendered":"<p>\n                        Prof. Przemys\u0142aw Nowacki to neurolog i neuropatolog, by\u0142y rektor Pomorskiej Akademii Medycznej i Pomorskiego Uniwersytetu Medycznego. W cyklu \u201eLekarze z pasj\u0105\u201d pokazujemy zainteresowania profesora, kt\u00f3ry od m\u0142odo\u015bci zajmowa\u0142 si\u0119 fotografi\u0105, ale czas na rozw\u00f3j swojej wielkiej pasji znalaz\u0142 dopiero, gdy nieco zwolni\u0142 tempo pracy zawodowej.\n                    <\/p>\n<p>                                                                                                        \u201eZawsze pierwsza by\u0142a medycyna. Na pasj\u0119 przyszed\u0142 czas na emeryturze\u201d<\/p>\n<p align=\"JUSTIFY\">Prof. Przemys\u0142aw Nowacki fotografi\u0105 interesowa\u0142 si\u0119 od zawsze, ale dopiero na emeryturze ma czas, by po\u015bwi\u0119ci\u0107 si\u0119 swojej pasji w szczeg\u00f3\u0142ach. Swoich zdj\u0119\u0107 nie prezentuje zbyt cz\u0119sto, jak m\u00f3wi, nie czuje si\u0119 na tyle profesjonalny, by poddawa\u0107 si\u0119 ocenie. Przyznaje jednak, \u017ce jego dzie\u0142a spotykaj\u0105 si\u0119 z zainteresowaniem, a najpi\u0119kniejsze kadry powsta\u0142y, gdy wykazywa\u0142 si\u0119 cierpliwo\u015bci\u0105.<\/p>\n<p align=\"JUSTIFY\">\u2013 Fotografia jest moj\u0105 pasj\u0105. W pe\u0142ni amatorsk\u0105, ale daj\u0105c\u0105 mi przestrze\u0144 na relaks i przyjemno\u015b\u0107. \u017baden cz\u0142owiek nie rodzi si\u0119 ju\u017c z hobby. To jest proces, kt\u00f3ry odkrywa si\u0119 i kszta\u0142tuje czasami przez okres dzieci\u0144stwa, a czasami przez ca\u0142e \u017cycie. U mnie zacz\u0119\u0142o si\u0119 od k\u00f3\u0142ka fotograficznego w szkole. Wtedy nie by\u0142o takich mo\u017cliwo\u015bci jak dzisiaj. Chodzi\u0142o si\u0119 i robi\u0142o zdj\u0119cia, a dopiero przy ich wywo\u0142ywaniu by\u0142o wida\u0107, czy cokolwiek wysz\u0142o. Na studiach zainteresowa\u0142em si\u0119 neuropatologi\u0105, gdzie trzeba by\u0142o robi\u0107 zdj\u0119cia \u2013 m\u00f3wi prof. dr hab. n. med. Przemys\u0142aw Nowacki<\/p>\n<p align=\"JUSTIFY\">Praca zawodowa i hobby nie zawsze uk\u0142adaj\u0105 si\u0119 wed\u0142ug jednego schematu. Czasem wzajemnie si\u0119 uzupe\u0142niaj\u0105, innym razem funkcjonuj\u0105 w zupe\u0142nie odr\u0119bnych obszarach. Istotne jest jednak znalezienie dla nich odpowiedniej przestrzeni \u2013 zw\u0142aszcza gdy praca wymaga du\u017cego zaanga\u017cowania i odpowiedzialno\u015bci.<\/p>\n<p align=\"JUSTIFY\">\u2013 W moim \u017cyciu zawsze pierwsze miejsce mia\u0142a medycyna. Fotografia by\u0142a zaj\u0119ciem w tle, ale ci\u0105gle powracaj\u0105cym. Wci\u0105\u017c gdzie\u015b si\u0119 pojawia\u0142a, chocia\u017cby w\u0142a\u015bnie w pracy. Mia\u0142em przerw\u0119, gdy na topie by\u0142a fotografia analogowa, ale kolorowa. Pasja jednak wr\u00f3ci\u0142a, gdy wesz\u0142y aparaty cyfrowe. Wtedy zn\u00f3w zacz\u0105\u0142em kupowa\u0107 sprz\u0119t i si\u0119 nim bawi\u0107. Lubi\u0119 mie\u0107 zaj\u0119cie. Na emeryturze mam nadal du\u017co pracy, ale jest bardziej pouk\u0142adana i mam wi\u0119cej przestrzeni na hobby i fotografi\u0119 \u2013 m\u00f3wi prof. Przemys\u0142aw Nowacki.<\/p>\n<p>\u201eZawsze lubi\u0142em uwiecznia\u0107 up\u0142yw czasu\u201d<\/p>\n<p align=\"JUSTIFY\">Fotografia mo\u017ce by\u0107 sposobem dokumentowania rzeczywisto\u015bci, lecz tak\u017ce form\u0105 osobistej obserwacji. To, co dla jednego odbiorcy jest jedynie starym murem czy zniszczonym przedmiotem, dla fotografa mo\u017ce sta\u0107 si\u0119 no\u015bnikiem historii. W takich obrazach liczy si\u0119 nie tylko estetyka, lecz tak\u017ce \u015blad czasu pozostawiony na fotografowanym obiekcie. Fotografia jest sztuk\u0105, kt\u00f3ra rz\u0105dzi si\u0119 swoimi prawami. Ka\u017cdy znany artysta jest rozpoznawalny dzi\u0119ki unikatowo\u015bci swojego stylu lub tematyce, na kt\u00f3rej opiera swoj\u0105 sztuk\u0119.<\/p>\n<p align=\"JUSTIFY\">\u2013 Nigdy nie pr\u00f3bowa\u0142em wyrobi\u0107 w\u0142asnego stylu. To by\u0142o dla mnie zbyt skomplikowane. Natomiast zawsze lubi\u0142em skupia\u0107 si\u0119 na up\u0142ywie czasu i go uwiecznia\u0107. Wiele lat temu, w 2001 roku, by\u0142em w Lizbonie, gdzie porobi\u0142em zdj\u0119cia w ubogiej dzielnicy. Podrapane mury, sypi\u0105ce si\u0119 budynki. Lubi\u0119 fotografowa\u0107 rzeczy starsze, przemijaj\u0105ce. Naj\u0142atwiej natomiast celowa\u0107 w przyrod\u0119. Ona jest zawsze i wsz\u0119dzie. Ostatnio urz\u0105dzi\u0142em sobie w piwnicy studio, gdzie ustawiam r\u00f3\u017cne rzeczy i je fotografuj\u0119. Przyk\u0142adowo, b\u0119d\u0105c u te\u015bci\u00f3w na wsi, chodzi\u0142em po \u015bmietnikach, nazbiera\u0142em zardzewia\u0142ych klap, rur, patelni i zrobi\u0142em zdj\u0119cia, kt\u00f3re wysz\u0142y zadziwiaj\u0105co dobrze. To zamys\u0142 martwej natury, ale w bardziej nietypowej ods\u0142onie \u2013 t\u0142umaczy prof. Nowacki<\/p>\n<p align=\"JUSTIFY\">W zawodzie lekarza trudno ca\u0142kowicie oddzieli\u0107 \u017cycie zawodowe od emocji i odpowiedzialno\u015bci, kt\u00f3re niesie ze sob\u0105 codzienna praca. Kontakt z pacjentami, konieczno\u015b\u0107 podejmowania trudnych decyzji i \u015bwiadomo\u015b\u0107 konsekwencji w\u0142asnych dzia\u0142a\u0144 sprawiaj\u0105, \u017ce r\u00f3wnie wa\u017cne jak rozw\u00f3j zawodowy staje si\u0119 znalezienie sposobu na odpoczynek. W\u0142asne zainteresowania pomagaj\u0105 zachowa\u0107 t\u0119 r\u00f3wnowag\u0119 i stworzy\u0107 w\u0142asn\u0105, bezpieczn\u0105 przysta\u0144.<\/p>\n<p align=\"JUSTIFY\">\u2013 Na pewno zawsze wybra\u0142bym w \u017cyciu medycyn\u0119, ale gdybym m\u00f3g\u0142 cofn\u0105\u0107 czas, to nie potrafi\u0142bym \u017cy\u0107 tak\u017ce bez fotografii. Medycyna jest trudna i odpowiedzialna. To decyzje o czyim\u015b zdrowiu i \u017cyciu. Ka\u017cdy potrzebuje miejsca, przestrzeni, kt\u00f3ra pozwoli mu na r\u00f3wnowag\u0119 i relaks. Dla mnie to jest fotografia, a dla kogo\u015b innego m\u00f3g\u0142by to by\u0107 chocia\u017cby jaki\u015b sport \u2013 m\u00f3wi profesor.<\/p>\n<p align=\"JUSTIFY\">Cykl \u201eLekarze z pasj\u0105\u201d realizowany jest przez Okr\u0119gow\u0105 Izb\u0119 Lekarsk\u0105 w Szczecinie oraz portal wSzczecinie.pl \u2013 ju\u017c jesieni\u0105 kolejne odcinki projektu.<\/p>\n<p align=\"JUSTIFY\">Materia\u0142 zrealizowany na zlecenie Okr\u0119gowej Izby Lekarskiej w Szczecinie.<\/p>\n","protected":false},"excerpt":{"rendered":"Prof. Przemys\u0142aw Nowacki to neurolog i neuropatolog, by\u0142y rektor Pomorskiej Akademii Medycznej i Pomorskiego Uniwersytetu Medycznego. W cyklu&hellip;\n","protected":false},"author":2,"featured_media":657116,"comment_status":"","ping_status":"","sticky":false,"template":"","format":"standard","meta":{"footnotes":"","_share_on_mastodon":"0"},"categories":[51611],"tags":[291,1089,3839,3511,261,3840,42,38,40,907,39,41,123,2307,26,1092],"class_list":["post-657115","post","type-post","status-publish","format-standard","has-post-thumbnail","category-szczecin","tag-historia","tag-imprezy","tag-interwencje","tag-inwestycje","tag-kultura","tag-lokale","tag-pl","tag-poland","tag-polish","tag-polityka","tag-polska","tag-polski","tag-rozrywka","tag-szczecin","tag-wiadomosci","tag-wydarzenia"],"share_on_mastodon":{"url":"https:\/\/pubeurope.com\/@pl\/117188655105937637","error":""},"_links":{"self":[{"href":"https:\/\/www.europesays.com\/pl\/wp-json\/wp\/v2\/posts\/657115","targetHints":{"allow":["GET"]}}],"collection":[{"href":"https:\/\/www.europesays.com\/pl\/wp-json\/wp\/v2\/posts"}],"about":[{"href":"https:\/\/www.europesays.com\/pl\/wp-json\/wp\/v2\/types\/post"}],"author":[{"embeddable":true,"href":"https:\/\/www.europesays.com\/pl\/wp-json\/wp\/v2\/users\/2"}],"replies":[{"embeddable":true,"href":"https:\/\/www.europesays.com\/pl\/wp-json\/wp\/v2\/comments?post=657115"}],"version-history":[{"count":0,"href":"https:\/\/www.europesays.com\/pl\/wp-json\/wp\/v2\/posts\/657115\/revisions"}],"wp:featuredmedia":[{"embeddable":true,"href":"https:\/\/www.europesays.com\/pl\/wp-json\/wp\/v2\/media\/657116"}],"wp:attachment":[{"href":"https:\/\/www.europesays.com\/pl\/wp-json\/wp\/v2\/media?parent=657115"}],"wp:term":[{"taxonomy":"category","embeddable":true,"href":"https:\/\/www.europesays.com\/pl\/wp-json\/wp\/v2\/categories?post=657115"},{"taxonomy":"post_tag","embeddable":true,"href":"https:\/\/www.europesays.com\/pl\/wp-json\/wp\/v2\/tags?post=657115"}],"curies":[{"name":"wp","href":"https:\/\/api.w.org\/{rel}","templated":true}]}}