{"id":657147,"date":"2026-08-31T06:36:30","date_gmt":"2026-08-31T06:36:30","guid":{"rendered":"https:\/\/www.europesays.com\/pl\/657147\/"},"modified":"2026-08-31T06:36:30","modified_gmt":"2026-08-31T06:36:30","slug":"sondaz-polacy-zabrali-glos-w-sprawie-podatkow-tego-oczekuja-od-prezydenta-nawrockiego","status":"publish","type":"post","link":"https:\/\/www.europesays.com\/pl\/657147\/","title":{"rendered":"Sonda\u017c: Polacy zabrali g\u0142os w sprawie podatk\u00f3w. Tego oczekuj\u0105 od prezydenta Nawrockiego"},"content":{"rendered":"\n<p>&#13;<br \/>\nRz\u0105dowe propozycje zmian w\u00a0systemie podatkowym mog\u0105 sta\u0107 si\u0119 kolejnym polem sporu mi\u0119dzy rz\u0105dem Donalda Tuska a\u00a0Pa\u0142acem Prezydenckim. United Surveys by\u00a0IBRiS sprawdzi\u0142o, jakiej decyzji Karola Nawrockiego oczekuj\u0105 Polacy, je\u015bli <a href=\"https:\/\/dorzeczy.pl\/opinie\/933760\/propozycja-tuska-ws-podatkow-petru-przedsiebiorcy-przerazeni.html\" title=\"\u201ePrzedsi\u0119biorcy s\u0105 przera\u017ceni\u201d. Petru uderza w\u00a0rz\u0105d Tuska\" rel=\"nofollow noopener\" target=\"_blank\">nowe przepisy<\/a> zostan\u0105 uchwalone i\u00a0trafi\u0105 do\u00a0prezydenta. &#13;\n<\/p>\n<p>&#13;<br \/>\nNajwi\u0119ksza grupa respondent\u00f3w \u2013\u00a042,2 proc. \u2013\u00a0chce podpisania ustawy. Za\u00a0jej zawetowaniem opowiedzia\u0142o si\u0119 30,1 proc. ankietowanych. Kolejne 11,9 proc. uwa\u017ca, \u017ce\u00a0prezydent powinien skierowa\u0107 przepisy do\u00a0Trybuna\u0142u Konstytucyjnego. Zdania w\u00a0tej sprawie nie\u00a0ma\u00a015,8 proc. uczestnik\u00f3w badania. &#13;\n<\/p>\n<p> Wyborcy rz\u0105du niemal jednomy\u015blni <\/p>\n<p>&#13;<br \/>\nZnacznie wi\u0119ksze r\u00f3\u017cnice wida\u0107 po\u00a0uwzgl\u0119dnieniu politycznych sympatii respondent\u00f3w. W\u015br\u00f3d wyborc\u00f3w ugrupowa\u0144 tworz\u0105cych ob\u00f3z rz\u0105dz\u0105cy a\u017c\u00a079 proc. chce, aby\u00a0Nawrocki podpisa\u0142 ustaw\u0119. &#13;\n<\/p>\n<p>&#13;<br \/>\nWeto popiera w\u00a0tej grupie zaledwie 6\u00a0proc. badanych, 8\u00a0proc. chcia\u0142oby skierowania przepis\u00f3w do\u00a0Trybuna\u0142u Konstytucyjnego, a\u00a07 proc. nie\u00a0potrafi wskaza\u0107 preferowanego rozwi\u0105zania. &#13;\n<\/p>\n<p>&#13;<br \/>\nZupe\u0142nie inaczej wygl\u0105da sytuacja w\u015br\u00f3d sympatyk\u00f3w opozycji, do\u00a0kt\u00f3rej w\u00a0badaniu zaliczono wyborc\u00f3w PiS, obu Konfederacji oraz\u00a0Razem. 49 proc. z\u00a0nich oczekuje od\u00a0Nawrockiego weta. Podpisania ustawy chce natomiast 19 proc. respondent\u00f3w. &#13;\n<\/p>\n<p>&#13;<br \/>\nKolejne 17 proc. opowiada si\u0119 za\u00a0skierowaniem przepis\u00f3w do\u00a0Trybuna\u0142u Konstytucyjnego, a\u00a015 proc. nie\u00a0ma\u00a0zdania. &#13;\n<\/p>\n<p> Co\u00a0zrobi Karol Nawrocki? <\/p>\n<p>&#13;<br \/>\nCiekawie prezentuj\u0105 si\u0119 odpowiedzi pozosta\u0142ych wyborc\u00f3w. W\u00a0tej grupie 41 proc. chce podpisania ustawy, 21 proc. opowiada si\u0119 za\u00a0wetem, a\u00a06 proc. za\u00a0skierowaniem jej do\u00a0TK. Jednocze\u015bnie a\u017c\u00a032 proc. nie\u00a0wie, jak\u0105 decyzj\u0119 powinien podj\u0105\u0107 prezydent. &#13;\n<\/p>\n<p>&#13;<br \/>\nSonda\u017c pokazuje wi\u0119c, \u017ce\u00a0w\u00a0ca\u0142ej badanej populacji zwolennicy podpisania rz\u0105dowych zmian maj\u0105 12,1 pkt proc. przewagi nad zwolennikami weta. Nie\u00a0oznacza to\u00a0jednak wi\u0119kszo\u015bci bezwzgl\u0119dnej \u2013\u00a0podpisania ustawy chce 42,2 proc. ankietowanych. &#13;\n<\/p>\n<p>&#13;<br \/>\nBadanie United Surveys by\u00a0IBRiS dla\u00a0Wirtualnej Polski przeprowadzono w\u00a0dniach 21-23 sierpnia 2026\u00a0r. metod\u0105 mieszan\u0105 CAWI i\u00a0CATI na\u00a0og\u00f3lnopolskiej pr\u00f3bie 1000 os\u00f3b. &#13;\n<\/p>\n<p>&#13;<br \/>\n   Czytaj te\u017c:<br \/><a href=\"https:\/\/dorzeczy.pl\/ekonomia\/933454\/sondaz-polacy-chca-podwyzki-kwoty-wolnej-nie-progow-w-pit.html\" rel=\"follow nofollow noopener\" data-schema=\"DORZECZY\" data-image=\"https:\/\/img.dorzeczy.pl\/_thumb\/d0\/5c\/601dc7e1e0f59bc3c01bd591f49c.jpeg\" target=\"_blank\">Rz\u0105d proponuje nowe progi PIT, Polacy wskazuj\u0105 inny kierunek. Jest sonda\u017c<\/a>   Czytaj te\u017c:<br \/><a href=\"https:\/\/dorzeczy.pl\/opinie\/932923\/pis-sklada-projekt-ws-ii-progu-podatkowego-zamiast-pseudoreform-tuska.html\" rel=\"follow nofollow noopener\" data-schema=\"DORZECZY\" data-image=\"https:\/\/img.dorzeczy.pl\/_thumb\/7b\/e4\/b9e5521d1372627dc9e8d8f71c18.jpeg\" target=\"_blank\">PiS sk\u0142ada projekt ws. podatk\u00f3w. &#8222;Tusk ubiega si\u0119 o\u00a0anty-nobla z\u00a0ekonomii<\/a>&#13;<\/p>\n","protected":false},"excerpt":{"rendered":"&#13; Rz\u0105dowe propozycje zmian w\u00a0systemie podatkowym mog\u0105 sta\u0107 si\u0119 kolejnym polem sporu mi\u0119dzy rz\u0105dem Donalda Tuska a\u00a0Pa\u0142acem Prezydenckim.&hellip;\n","protected":false},"author":2,"featured_media":657148,"comment_status":"","ping_status":"","sticky":false,"template":"","format":"standard","meta":{"footnotes":"","_share_on_mastodon":"0"},"categories":[62712],"tags":[389,98,105,690,49,1315,248,3989,366],"class_list":["post-657147","post","type-post","status-publish","format-standard","has-post-thumbnail","category-karol-nawrocki","tag-domanski","tag-dorzeczy","tag-ekonomia","tag-karol-nawrocki","tag-kraj","tag-nawrocki","tag-podatki","tag-reforma","tag-sondaz"],"share_on_mastodon":{"url":"https:\/\/pubeurope.com\/@pl\/117188741627845564","error":""},"_links":{"self":[{"href":"https:\/\/www.europesays.com\/pl\/wp-json\/wp\/v2\/posts\/657147","targetHints":{"allow":["GET"]}}],"collection":[{"href":"https:\/\/www.europesays.com\/pl\/wp-json\/wp\/v2\/posts"}],"about":[{"href":"https:\/\/www.europesays.com\/pl\/wp-json\/wp\/v2\/types\/post"}],"author":[{"embeddable":true,"href":"https:\/\/www.europesays.com\/pl\/wp-json\/wp\/v2\/users\/2"}],"replies":[{"embeddable":true,"href":"https:\/\/www.europesays.com\/pl\/wp-json\/wp\/v2\/comments?post=657147"}],"version-history":[{"count":0,"href":"https:\/\/www.europesays.com\/pl\/wp-json\/wp\/v2\/posts\/657147\/revisions"}],"wp:featuredmedia":[{"embeddable":true,"href":"https:\/\/www.europesays.com\/pl\/wp-json\/wp\/v2\/media\/657148"}],"wp:attachment":[{"href":"https:\/\/www.europesays.com\/pl\/wp-json\/wp\/v2\/media?parent=657147"}],"wp:term":[{"taxonomy":"category","embeddable":true,"href":"https:\/\/www.europesays.com\/pl\/wp-json\/wp\/v2\/categories?post=657147"},{"taxonomy":"post_tag","embeddable":true,"href":"https:\/\/www.europesays.com\/pl\/wp-json\/wp\/v2\/tags?post=657147"}],"curies":[{"name":"wp","href":"https:\/\/api.w.org\/{rel}","templated":true}]}}