{"id":657157,"date":"2026-08-31T06:42:13","date_gmt":"2026-08-31T06:42:13","guid":{"rendered":"https:\/\/www.europesays.com\/pl\/657157\/"},"modified":"2026-08-31T06:42:13","modified_gmt":"2026-08-31T06:42:13","slug":"syreny-alarmowe-1-wrzesnia-to-bedzie-sygnal-cwiczebny-aktualnosci-wiadomosci-bialystok-online-portal-miejski-bialystok-bialystok","status":"publish","type":"post","link":"https:\/\/www.europesays.com\/pl\/657157\/","title":{"rendered":"Syreny alarmowe 1 wrze\u015bnia. To b\u0119dzie sygna\u0142 \u0107wiczebny, Aktualno\u015bci, Wiadomo\u015bci Bia\u0142ystok Online Portal Miejski Bia\u0142ystok (Bialystok)"},"content":{"rendered":"\n<p>            <img decoding=\"async\" class=\"art-figimg\" src=\"https:\/\/www.europesays.com\/pl\/wp-content\/uploads\/2026\/08\/150572-e.jpg\" width=\"375\" height=\"250\" alt=\"Syreny alarmowe 1 wrze\u015bnia. To b\u0119dzie sygna\u0142 \u0107wiczebny\" loading=\"lazy\" fetchpriority=\"high\"\/><br \/>\n            Fot: Pixabay.com<\/p>\n<p class=\"art-lid\">1 wrze\u015bnia na terenie wojew\u00f3dztwa podlaskiego zostan\u0105 uruchomione syreny alarmowe. W ten spos\u00f3b upami\u0119tniona zostanie 87. rocznica wybuchu II wojny \u015bwiatowej.<\/p>\n<p class=\"art-cont\">Syreny zabrzmi\u0105 1 wrze\u015bnia 2026 roku. Jednostki samorz\u0105du terytorialnego posiadaj\u0105ce centrale alarmowe uruchomi\u0105 je na jedn\u0105 minut\u0119. Zostanie nadany sygna\u0142 ci\u0105g\u0142y.<\/p>\n<p>Nie b\u0119dzie to jednak alarm zwi\u0105zany z rzeczywistym zagro\u017ceniem. Wojew\u00f3dzkie Centrum Zarz\u0105dzania Kryzysowego informuje, \u017ce sygna\u0142 b\u0119dzie \u0107wiczebny i jednocze\u015bnie pos\u0142u\u017cy do sprawdzenia sprawno\u015bci urz\u0105dze\u0144 systemu wykrywania i alarmowania.<\/p>\n<p>Syreny maj\u0105 wi\u0119c przypomnie\u0107 o wydarzeniach sprzed 87 lat, a przy okazji pozwol\u0105 samorz\u0105dom zweryfikowa\u0107 dzia\u0142anie systemu alarmowego.<\/p>\n<p class=\"art-autimg\">\n<p>                            <img decoding=\"async\" class=\"art-autimgi\" src=\"https:\/\/www.europesays.com\/pl\/wp-content\/uploads\/2026\/08\/1788158533_917_avatar_1x.jpg\" alt=\"Katarzyna Kozio\u0142\" width=\"64\" height=\"64\" loading=\"lazy\"\/><\/p>\n<p class=\"art-autname\">Katarzyna Kozio\u0142<\/p>\n<p>24@bialystokonline.pl<\/p>\n<p>Przeczytaj tak\u017ce<\/p>\n<p>&#13;<br \/>\n&#13;<br \/>\n&#13;<br \/>\n<img loading=\"lazy\" decoding=\"async\" src=\"https:\/\/www.europesays.com\/pl\/wp-content\/uploads\/2026\/08\/1788158533_230_adlog.gif\" width=\"0\" height=\"0\" alt=\"\" style=\"width: 0px; height: 0px;\"\/><\/p>\n<p>Popularne dzisiaj<\/p>\n","protected":false},"excerpt":{"rendered":"Fot: Pixabay.com 1 wrze\u015bnia na terenie wojew\u00f3dztwa podlaskiego zostan\u0105 uruchomione syreny alarmowe. W ten spos\u00f3b upami\u0119tniona zostanie 87.&hellip;\n","protected":false},"author":2,"featured_media":657158,"comment_status":"","ping_status":"","sticky":false,"template":"","format":"standard","meta":{"footnotes":"","_share_on_mastodon":"0"},"categories":[51614],"tags":[9074,2151,51731,113,51730,69416,3754,51738,51735,4041,1096,1089,399,17334,51736,2921,3840,51734,8736,1232,120,7116,17265,19285,42,5083,38,40,39,41,6309,1756,8815,128072,38950,123,65270,128071,800,4278,1323,51737,2879,253],"class_list":["post-657157","post","type-post","status-publish","format-standard","has-post-thumbnail","category-bialystok","tag-alarm","tag-bialystok","tag-bialystokonline","tag-biznes","tag-bstok","tag-cwiczeniaaktualnosci","tag-dom","tag-drobne","tag-firm","tag-firmy","tag-hotele","tag-imprezy","tag-informacje","tag-katalog","tag-kina","tag-koncert","tag-lokale","tag-miejski","tag-mieszkanie","tag-motoryzacja","tag-nauka","tag-ogloszenia","tag-on-line","tag-online","tag-pl","tag-podlasie","tag-poland","tag-polish","tag-polska","tag-polski","tag-portal","tag-praca","tag-repertuar","tag-rocznica-wybuchu-ii-wojny-swiatowej","tag-rozklad","tag-rozrywka","tag-syreny","tag-syreny-alarmowe-1-wrzesnia-to-bedzie-sygnal-cwiczebny","tag-teatr","tag-turystyka","tag-uroda","tag-urzedy","tag-zakupy","tag-zdrowie"],"share_on_mastodon":{"url":"","error":""},"_links":{"self":[{"href":"https:\/\/www.europesays.com\/pl\/wp-json\/wp\/v2\/posts\/657157","targetHints":{"allow":["GET"]}}],"collection":[{"href":"https:\/\/www.europesays.com\/pl\/wp-json\/wp\/v2\/posts"}],"about":[{"href":"https:\/\/www.europesays.com\/pl\/wp-json\/wp\/v2\/types\/post"}],"author":[{"embeddable":true,"href":"https:\/\/www.europesays.com\/pl\/wp-json\/wp\/v2\/users\/2"}],"replies":[{"embeddable":true,"href":"https:\/\/www.europesays.com\/pl\/wp-json\/wp\/v2\/comments?post=657157"}],"version-history":[{"count":0,"href":"https:\/\/www.europesays.com\/pl\/wp-json\/wp\/v2\/posts\/657157\/revisions"}],"wp:featuredmedia":[{"embeddable":true,"href":"https:\/\/www.europesays.com\/pl\/wp-json\/wp\/v2\/media\/657158"}],"wp:attachment":[{"href":"https:\/\/www.europesays.com\/pl\/wp-json\/wp\/v2\/media?parent=657157"}],"wp:term":[{"taxonomy":"category","embeddable":true,"href":"https:\/\/www.europesays.com\/pl\/wp-json\/wp\/v2\/categories?post=657157"},{"taxonomy":"post_tag","embeddable":true,"href":"https:\/\/www.europesays.com\/pl\/wp-json\/wp\/v2\/tags?post=657157"}],"curies":[{"name":"wp","href":"https:\/\/api.w.org\/{rel}","templated":true}]}}