{"id":657195,"date":"2026-08-31T07:02:16","date_gmt":"2026-08-31T07:02:16","guid":{"rendered":"https:\/\/www.europesays.com\/pl\/657195\/"},"modified":"2026-08-31T07:02:16","modified_gmt":"2026-08-31T07:02:16","slug":"donald-tusk-gra-afera-zondacrypto-ta-historia-to-polityczne-zloto","status":"publish","type":"post","link":"https:\/\/www.europesays.com\/pl\/657195\/","title":{"rendered":"Donald Tusk gra afer\u0105 Zondacrypto. &#8222;Ta historia to polityczne z\u0142oto&#8221;"},"content":{"rendered":"<p>\n        Szanse na odrzucenie weta s\u0105 jednak niewielkie. \u2014 PiS snuje narracj\u0119, \u017ce to jest afera Tuska, \u017ce s\u0142u\u017cby nie zadzia\u0142a\u0142y itd. Kancelaria Prezydenta i ludzie Karola Nawrockiego m\u00f3wi\u0105 dok\u0142adnie to samo. Tam jest generalnie wsp\u00f3lna komunikacja \u2014 m\u00f3wi\u0142 Kamil Dziubka.\n    <\/p>\n<p>\n        Jego zdaniem niewielkie s\u0105 te\u017c szanse na to, \u017ceby uda\u0142o si\u0119 uzyska\u0107 podpis prezydenta pod czwart\u0105 wersj\u0105 ustawy o kryptowalutach. Mo\u017cliwe jednak, \u017ce mimo wszystko rz\u0105d tak\u0105 ustaw\u0119 przygotuje. \u2014 Trudno mi sobie wyobrazi\u0107, \u017ce Nawrocki teraz jednak podpisze t\u0119 ustaw\u0119. Zobowi\u0105zywa\u0142 si\u0119 przecie\u017c, \u017ce on nie zgodzi si\u0119 na &#8222;zamordystyczne&#8221; przepisy, kt\u00f3re reguluj\u0105 ten rynek. On, przypominam, zobowi\u0105za\u0142 si\u0119 te\u017c do tego w pi\u0105tce Mentzena [przed II tur\u0105 wybor\u00f3w prezydenckich <a href=\"https:\/\/www.newsweek.pl\/polska\/polityka\/sztab-o-nawrockim-u-mentzena-byl-przekonujacy-udalo-sie-tak-w-92-proc\/sr2m06e\" id=\"8872c057-c4c5-4159-9331-cbec229b36b2\" rel=\"nofollow noopener\" target=\"_blank\">Karol Nawrocki podpisa\u0142 deklaracj\u0119, przygotowan\u0105 przez S\u0142awomira Mentzena<\/a> \u2014 przyp. red.]. Natomiast ewidentnie Tusk kuje \u017celazo, p\u00f3ki gor\u0105ce \u2014 stwierdzi\u0142 Dziubka.\n    <\/p>\n<p>\n        \u2014 W og\u00f3le si\u0119 nie dziwi\u0119. Takich okazji si\u0119 z r\u0105k nie wypuszcza. To jest polityczne z\u0142oto, to jest historia, kt\u00f3ra ociera si\u0119 o Nowogrodzk\u0105, o Pa\u0142ac Prezydencki. A poza tym ona budzi bardzo du\u017co emocji. <a href=\"https:\/\/www.newsweek.pl\/polska\/spoleczenstwo\/artur-rok-temu-wplacil-na-zondacrypto-350-tys-zl-zostalem-z-niczym\/dynb1gp\" id=\"dff5aade-dec8-4843-9b15-45c7f23becc2\" rel=\"nofollow noopener\" target=\"_blank\">Poszkodowani zostali ludzie. Na miliony<\/a>. Mamy tutaj te\u017c, jak \u017ce\u015bmy ju\u017c m\u00f3wili, wszystko w tej historii. Zagini\u0119cie [<a href=\"https:\/\/www.forbes.pl\/biznes\/od-marzen-o-suszek-tower-do-upadlosci-i-znikniecia-o-co-chodzi-z-zondacrypto\/dedfhmf\" id=\"659f9a4c-94aa-44c4-90f9-88fa7fb5aa0a\" rel=\"nofollow noopener\" target=\"_blank\">Sylwester Suszek, za\u0142o\u017cyciel gie\u0142dy kryptowalut BitBay, z kt\u00f3rej wyros\u0142o Zondacrypto<\/a>. Suszek zagin\u0105\u0142, a prokuratura podejrzewa, \u017ce zosta\u0142 zamordowany \u2014 przyp. red.], dziwne interesy, pana Ma\u0144ka [<a href=\"https:\/\/wiadomosci.onet.pl\/tylko-w-onecie\/prawdziwy-tworca-zondacrypto-sylwester-suszek-tankowal-u-niego-helikopter-kral-to\/h368e59\" id=\"8da380c2-4042-45e1-b047-2a3abc8fd2d6\" rel=\"nofollow noopener\" target=\"_blank\">Marian W. to gangster, kt\u00f3ry w rzeczywisto\u015bci mia\u0142 sta\u0107 za Zond\u0105crypto<\/a> \u2014 przyp. red.]. R\u00f3\u017cne s\u0105 tam historie, kt\u00f3re budz\u0105 emocje i zainteresowanie wyborc\u00f3w \u2014 m\u00f3wi\u0142a D\u0142ugosz.\n    <\/p>\n<p>\n        \u2014 Pisowcy maj\u0105 gigantyczny problem z t\u0105 histori\u0105, pr\u00f3buj\u0105 odwr\u00f3ci\u0107 narracj\u0119. No ale jest jeszcze Konfederacja, prawda? S\u0142awomir Mentzen, wielki zwolennik kryptowalut, liberalnego rynku itd. \u2014 m\u00f3wi\u0142  Dziubka.\n    <\/p>\n<p>\n        Tymczasem od afery pr\u00f3buje odci\u0105\u0107 si\u0119 drugi z lider\u00f3w Konfederacji, Krzysztof Bosak. Dziubka cytowa\u0142 jego wpis w serwisie X:\n    <\/p>\n<p>&#8222;Jestem dumny, \u017ce mog\u0142em by\u0107 w\u015br\u00f3d os\u00f3b, kt\u00f3re ostrzega\u0142y tych, kt\u00f3rzy chcieli s\u0142ucha\u0107, na d\u0142ugo nim ca\u0142e to g**** rozla\u0142o si\u0119 medialnie. Na marginesie, trzeba przyzna\u0107, \u017ce tragikomiczne s\u0105 t\u0142umaczenia polityk\u00f3w (!!!), kt\u00f3rzy uwierzyli, \u017ce wszystko jest OK z prawnikiem, kt\u00f3ry zast\u0105pi\u0142 na funkcji swojego szefa, kt\u00f3ry zagin\u0105\u0142, a prawdopodobnie zosta\u0142 zamordowany. A by\u0142a to wiedza gazetowa. Je\u015bli niekt\u00f3rzy politycy uwa\u017caj\u0105, \u017ce to nie jest dyskwalifikuj\u0105ce to, co jest?&#8221;.<\/p>\n<p>\n        \u2014 Wi\u0119c w Konfederacji te\u017c jest k\u0142opocik \u2014 podsumowywa\u0142a D\u0142ugosz.\n    <\/p>\n<p>\n        \u2014 No tak, bo jest Przemys\u0142aw Wipler \u2014 wtr\u0105ci\u0142 Dziubka.\n    <\/p>\n<p>\n        \u2014 Jest Przemys\u0142aw Wipler i jego fundacja, kt\u00f3ra te\u017c dosta\u0142a pieni\u0105dze od Zondacrypto \u2014 m\u00f3wi\u0142a D\u0142ugosz.\n    <\/p>\n<p>\n        \u2014 To prawda. Tu si\u0119 w og\u00f3le ile\u015b w\u0105tk\u00f3w \u0142\u0105czy. Wipler, kt\u00f3rego fundacja rzeczywi\u015bcie dosta\u0142a kas\u0119, m\u00f3wi, \u017ce on w og\u00f3le si\u0119 nie zajmowa\u0142 kwesti\u0105 ustawy [o kryptowalutach \u2014 przyp. red.] w Sejmie. Nie bra\u0142 udzia\u0142u w \u017cadnych posiedzeniach komisji. No ale s\u0105 jego wypowiedzi z m\u00f3wnicy sejmowej, gdzie nie zostawia\u0142 suchej nitki na tym projekcie. Zreszt\u0105 on m\u00f3g\u0142 lobbowa\u0107 te\u017c zakulisowo, bo jest cz\u0142onkiem klubu Konfederacji. W jakich relacjach jest ze S\u0142awomirem Mentzenem obecnie, to jest zupe\u0142nie inna sprawa. A z Bosakiem? S\u0105 plotki, \u017ce cierpliwo\u015b\u0107 wszystkich si\u0119 ju\u017c wyczerpa\u0142a \u2014 m\u00f3wi\u0142 Dziubka.\n    <\/p>\n<p>        Ca\u0142y odcinek &#8222;Stanu Wyj\u0105tkowego&#8221; mo\u017cesz obejrze\u0107 tutaj:<\/p>\n<p>        Chcesz wi\u0119cej? Zapisz si\u0119 na newsletter &#8222;Stanu Wyj\u0105tkowego&#8221;:<\/p>\n<p>        Czym jest &#8222;Stan Wyj\u0105tkowy&#8221;?<\/p>\n<p>\n        <a href=\"https:\/\/wiadomosci.onet.pl\/stan-wyjatkowy-podcast-onetu\" id=\"f371c68a-59b7-4440-a953-baf21577fb4e\" rel=\"nofollow noopener\" target=\"_blank\">&#8222;Stan Wyj\u0105tkowy&#8221; to program, w kt\u00f3rym Andrzej Stankiewicz, Dominika D\u0142ugosz, Kamil Dziubka i Jacek G\u0105dek <\/a>dyskutuj\u0105 o najwa\u017cniejszych politycznych wydarzeniach tygodnia. Czo\u0142owi dziennikarze Onetu i &#8222;Newsweeka&#8221; zapewniaj\u0105 s\u0142uchaczom i widzom nieszablonow\u0105, cz\u0119sto \u017cartobliw\u0105, ale zawsze merytoryczn\u0105 rozmow\u0119, a ich ogromne do\u015bwiadczenie dziennikarskie i znajomo\u015b\u0107 kulis polskiej sceny politycznej gwarantuj\u0105 pot\u0119\u017cn\u0105 dawk\u0119 informacji.\n    <\/p>\n<p>\n        Poni\u017cej lista wszystkich dotychczasowych odcink\u00f3w podcastu: <\/p>\n","protected":false},"excerpt":{"rendered":"Szanse na odrzucenie weta s\u0105 jednak niewielkie. \u2014 PiS snuje narracj\u0119, \u017ce to jest afera Tuska, \u017ce s\u0142u\u017cby&hellip;\n","protected":false},"author":2,"featured_media":657196,"comment_status":"","ping_status":"","sticky":false,"template":"","format":"standard","meta":{"footnotes":"","_share_on_mastodon":"0"},"categories":[62713],"tags":[76216,1345,690,1006,529,28056],"class_list":["post-657195","post","type-post","status-publish","format-standard","has-post-thumbnail","category-donald-tusk","tag-afera-zondacrypto","tag-donald-tusk","tag-karol-nawrocki","tag-konfederacja","tag-pis","tag-stan-wyjatkowy"],"share_on_mastodon":{"url":"","error":""},"_links":{"self":[{"href":"https:\/\/www.europesays.com\/pl\/wp-json\/wp\/v2\/posts\/657195","targetHints":{"allow":["GET"]}}],"collection":[{"href":"https:\/\/www.europesays.com\/pl\/wp-json\/wp\/v2\/posts"}],"about":[{"href":"https:\/\/www.europesays.com\/pl\/wp-json\/wp\/v2\/types\/post"}],"author":[{"embeddable":true,"href":"https:\/\/www.europesays.com\/pl\/wp-json\/wp\/v2\/users\/2"}],"replies":[{"embeddable":true,"href":"https:\/\/www.europesays.com\/pl\/wp-json\/wp\/v2\/comments?post=657195"}],"version-history":[{"count":0,"href":"https:\/\/www.europesays.com\/pl\/wp-json\/wp\/v2\/posts\/657195\/revisions"}],"wp:featuredmedia":[{"embeddable":true,"href":"https:\/\/www.europesays.com\/pl\/wp-json\/wp\/v2\/media\/657196"}],"wp:attachment":[{"href":"https:\/\/www.europesays.com\/pl\/wp-json\/wp\/v2\/media?parent=657195"}],"wp:term":[{"taxonomy":"category","embeddable":true,"href":"https:\/\/www.europesays.com\/pl\/wp-json\/wp\/v2\/categories?post=657195"},{"taxonomy":"post_tag","embeddable":true,"href":"https:\/\/www.europesays.com\/pl\/wp-json\/wp\/v2\/tags?post=657195"}],"curies":[{"name":"wp","href":"https:\/\/api.w.org\/{rel}","templated":true}]}}