{"id":657197,"date":"2026-08-31T07:03:15","date_gmt":"2026-08-31T07:03:15","guid":{"rendered":"https:\/\/www.europesays.com\/pl\/657197\/"},"modified":"2026-08-31T07:03:15","modified_gmt":"2026-08-31T07:03:15","slug":"prezydent-zawetowal-panstwowy-edziennik-szkoly-nadal-z-komercyjnymi-systemami","status":"publish","type":"post","link":"https:\/\/www.europesays.com\/pl\/657197\/","title":{"rendered":"Prezydent zawetowa\u0142 pa\u0144stwowy eDziennik. Szko\u0142y nadal z komercyjnymi systemami"},"content":{"rendered":"<p>Weto Karola Nawrockiego zatrzyma\u0142o ustaw\u0119 tworz\u0105c\u0105 podstaw\u0119 prawn\u0105 dla bezp\u0142atnego, pa\u0144stwowego eDziennika. Us\u0142uga mia\u0142a trafi\u0107 do szk\u00f3\u0142 w ramach pilota\u017cu i zosta\u0107 zintegrowana z mObywatelem oraz Systemem Informacji O\u015bwiatowej. Zablokowanie jej oznacza utrzymanie obecnego modelu, w kt\u00f3rym szko\u0142y korzystaj\u0105 przede wszystkim z rozwi\u0105za\u0144 komercyjnych.<\/p>\n<p><img loading=\"lazy\" decoding=\"async\" class=\"aligncenter size-full wp-image-42492\" src=\"https:\/\/www.europesays.com\/pl\/wp-content\/uploads\/2026\/08\/dzieci-edukacja-programowanie.jpg\" alt=\"Prezydent zawetowa\u0142 pa\u0144stwowy eDziennik. Szko\u0142y nadal z komercyjnymi systemami\" width=\"960\" height=\"640\"  \/><\/p>\n<p>Ustaw\u0119 przyj\u0119t\u0105 przez Sejm 31 lipca popar\u0142o 251 pos\u0142\u00f3w, a Senat zaakceptowa\u0142 j\u0105 bez poprawek. Niestety, 28 sierpnia prezydent odm\u00f3wi\u0142 jej podpisania. Projekt zak\u0142ada\u0142 stworzenie publicznego eDziennika dost\u0119pnego bez op\u0142at i reklam zar\u00f3wno dla szk\u00f3\u0142, jak i rodzin.<\/p>\n<p>\u201ePrezydent zawetowa\u0142 nowoczesn\u0105 szko\u0142\u0119. To cios w rodzic\u00f3w, uczni\u00f3w i nauczycieli. Karol Nawrocki m\u00f3wi im dzi\u015b: zosta\u0144cie przy starym, rozproszonym systemie, zak\u0142adajcie kolejne konta, korzystajcie z r\u00f3\u017cnych aplikacji, a nauczyciele niech dalej wykonuj\u0105 prac\u0119, kt\u00f3r\u0105 pa\u0144stwo mog\u0142oby upro\u015bci\u0107. Rodziny nie dostan\u0105 bezp\u0142atnej, publicznej alternatywy\u201d \u2013 skomentowa\u0142 Krzysztof Gawkowski, wicepremier i minister cyfryzacji.<\/p>\n<p>Weto prezydenta wynika\u0142o z trzech zastrze\u017ce\u0144: bezpiecze\u0144stwa danych, koszt\u00f3w oraz sposobu wdra\u017cania systemu. Kancelaria Prezydenta wskaza\u0142a, \u017ce centralny eDziennik gromadzi\u0142by wra\u017cliwe informacje o uczniach, w tym numery PESEL, zdj\u0119cia, oceny, frekwencj\u0119 i dane dotycz\u0105ce specjalnych potrzeb edukacyjnych. Karol Nawrocki zakwestionowa\u0142 tak\u017ce ponad 200 mln z\u0142 koszt\u00f3w budowy systemu oraz tempo jego wdra\u017cania, argumentuj\u0105c, \u017ce szko\u0142y potrzebuj\u0105 wi\u0119cej czasu na przygotowanie i szkolenia.<\/p>\n<p>eDziennik mia\u0142 by\u0107 najpierw testowany w szko\u0142ach<\/p>\n<p>Planowana us\u0142uga nie mia\u0142a od razu obj\u0105\u0107 wszystkich szk\u00f3\u0142. W pierwszej kolejno\u015bci przewidziano bowiem pilota\u017c z udzia\u0142em nauczycieli, rodzic\u00f3w, uczni\u00f3w i dyrektor\u00f3w. Mia\u0142 on pozwoli\u0107 na sprawdzenie funkcjonalno\u015bci rozwi\u0105zania oraz okre\u015blenie, kt\u00f3re procesy mo\u017cna upro\u015bci\u0107.<\/p>\n<p>W eDzienniku nauczyciele mogliby m.in. wpisywa\u0107 oceny i frekwencj\u0119, uzupe\u0142nia\u0107 tematy zaj\u0119\u0107 oraz wystawia\u0107 oceny z zachowania. Z kolei rodzice mieli otrzyma\u0107 dost\u0119p do informacji o dziecku przez aplikacj\u0119 mObywatel, a uczniowie przez mObywatel Junior.<\/p>\n<p>Istotnym za\u0142o\u017ceniem by\u0142a r\u00f3wnie\u017c rezygnacja z modelu reklamowego. Us\u0142uga mia\u0142a by\u0107 bezp\u0142atna, a dane uczni\u00f3w i informacje dotycz\u0105ce ich nauki nie mog\u0142yby by\u0107 wykorzystywane do cel\u00f3w komercyjnych.<\/p>\n<p>Pa\u0144stwowy system mia\u0142 ograniczy\u0107 biurokracj\u0119<\/p>\n<p>Jednym z argument\u00f3w za budow\u0105 publicznego eDziennika by\u0142a mo\u017cliwo\u015b\u0107 jego integracji z Systemem Informacji O\u015bwiatowej. Dzi\u0119ki temu cz\u0119\u015b\u0107 danych znajduj\u0105cych si\u0119 ju\u017c w zasobach pa\u0144stwa mog\u0142aby by\u0107 wykorzystywana bez wielokrotnego wprowadzania ich do r\u00f3\u017cnych system\u00f3w.<\/p>\n<p>W praktyce oznacza\u0142oby to potencjalne ograniczenie cz\u0119\u015bci powtarzalnych czynno\u015bci administracyjnych wykonywanych przez nauczycieli, dyrektor\u00f3w i pracownik\u00f3w sekretariat\u00f3w. Pilota\u017c mia\u0142 pokaza\u0107, kt\u00f3re procesy rzeczywi\u015bcie mo\u017cna zautomatyzowa\u0107 i ile czasu mo\u017cna w ten spos\u00f3b zaoszcz\u0119dzi\u0107. Prezydenckie weto oznacza, \u017ce szko\u0142y nie b\u0119d\u0105 mog\u0142y przetestowa\u0107 takiego rozwi\u0105zania w praktyce.<\/p>\n<p>Jednolity standard zamiast r\u00f3\u017cnych platform<\/p>\n<p>Publiczny eDziennik mia\u0142 by\u0107 r\u00f3wnie\u017c pr\u00f3b\u0105 stworzenia wsp\u00f3lnego standardu cyfrowej obs\u0142ugi szko\u0142y. Obecnie plac\u00f3wki korzystaj\u0105 z dost\u0119pnych na rynku system\u00f3w komercyjnych, kt\u00f3rych funkcjonalno\u015b\u0107 i model dost\u0119pu mog\u0105 si\u0119 r\u00f3\u017cni\u0107.<\/p>\n<p>Pa\u0144stwowa us\u0142uga mia\u0142a zapewni\u0107 wszystkim szko\u0142om dost\u0119p do podstawowych funkcji bez wzgl\u0119du na mo\u017cliwo\u015bci finansowe samorz\u0105du czy rodziny. Dotyczy to tak\u017ce dost\u0119pu do informacji o ocenach, frekwencji i post\u0119pach ucznia.<\/p>\n<p>Projekt zak\u0142ada\u0142 ponadto wykorzystanie pa\u0144stwowych mechanizm\u00f3w uwierzytelniania i kontroli dost\u0119pu. Poszczeg\u00f3lni u\u017cytkownicy mieliby dost\u0119p wy\u0142\u0105cznie do danych odpowiadaj\u0105cych ich roli \u2013 rodzic do informacji o swoim dziecku, nauczyciel do danych potrzebnych w pracy, a dyrektor do funkcji zwi\u0105zanych z zarz\u0105dzaniem plac\u00f3wk\u0105.<\/p>\n<p>Weto blokuje publiczn\u0105 alternatyw\u0119 dla e-dziennik\u00f3w<\/p>\n<p>Decyzja prezydenta ma wi\u0119c znaczenie wykraczaj\u0105ce poza sam eDziennik. Zablokowana zosta\u0142a pr\u00f3ba w\u0142\u0105czenia kolejnego obszaru \u017cycia publicznego do pa\u0144stwowego ekosystemu us\u0142ug cyfrowych.<\/p>\n<p>Nie oznacza to jednak, \u017ce szko\u0142y trac\u0105 dost\u0119p do e-dziennik\u00f3w. Nadal mog\u0105 korzysta\u0107 z funkcjonuj\u0105cych na rynku rozwi\u0105za\u0144 komercyjnych. Znika natomiast mo\u017cliwo\u015b\u0107 stworzenia ich publicznej, bezp\u0142atnej alternatywy oraz sprawdzenia jej w ramach zaplanowanego pilota\u017cu.<\/p>\n<p>Przypomnijmy, \u017ce to kolejne weto Karola Nawrockiego dotycz\u0105ce edukacji. 2 lipca br. prezydent odm\u00f3wi\u0142 bowiem podpisania ustawy reguluj\u0105cej prawa i obowi\u0105zki uczni\u00f3w oraz przewiduj\u0105cej utworzenie systemu rzecznik\u00f3w praw uczniowskich.<\/p>\n","protected":false},"excerpt":{"rendered":"Weto Karola Nawrockiego zatrzyma\u0142o ustaw\u0119 tworz\u0105c\u0105 podstaw\u0119 prawn\u0105 dla bezp\u0142atnego, pa\u0144stwowego eDziennika. Us\u0142uga mia\u0142a trafi\u0107 do szk\u00f3\u0142 w&hellip;\n","protected":false},"author":2,"featured_media":657198,"comment_status":"","ping_status":"","sticky":false,"template":"","format":"standard","meta":{"footnotes":"","_share_on_mastodon":"0"},"categories":[62712],"tags":[73281,3622,127452,690,20736,5360,52218],"class_list":["post-657197","post","type-post","status-publish","format-standard","has-post-thumbnail","category-karol-nawrocki","tag-e-uslugi","tag-edukacja","tag-edziennik","tag-karol-nawrocki","tag-mobywatel","tag-szkoly","tag-uslugi-cyfrowe"],"share_on_mastodon":{"url":"https:\/\/pubeurope.com\/@pl\/117188848508881845","error":""},"_links":{"self":[{"href":"https:\/\/www.europesays.com\/pl\/wp-json\/wp\/v2\/posts\/657197","targetHints":{"allow":["GET"]}}],"collection":[{"href":"https:\/\/www.europesays.com\/pl\/wp-json\/wp\/v2\/posts"}],"about":[{"href":"https:\/\/www.europesays.com\/pl\/wp-json\/wp\/v2\/types\/post"}],"author":[{"embeddable":true,"href":"https:\/\/www.europesays.com\/pl\/wp-json\/wp\/v2\/users\/2"}],"replies":[{"embeddable":true,"href":"https:\/\/www.europesays.com\/pl\/wp-json\/wp\/v2\/comments?post=657197"}],"version-history":[{"count":0,"href":"https:\/\/www.europesays.com\/pl\/wp-json\/wp\/v2\/posts\/657197\/revisions"}],"wp:featuredmedia":[{"embeddable":true,"href":"https:\/\/www.europesays.com\/pl\/wp-json\/wp\/v2\/media\/657198"}],"wp:attachment":[{"href":"https:\/\/www.europesays.com\/pl\/wp-json\/wp\/v2\/media?parent=657197"}],"wp:term":[{"taxonomy":"category","embeddable":true,"href":"https:\/\/www.europesays.com\/pl\/wp-json\/wp\/v2\/categories?post=657197"},{"taxonomy":"post_tag","embeddable":true,"href":"https:\/\/www.europesays.com\/pl\/wp-json\/wp\/v2\/tags?post=657197"}],"curies":[{"name":"wp","href":"https:\/\/api.w.org\/{rel}","templated":true}]}}