{"id":657207,"date":"2026-08-31T07:12:12","date_gmt":"2026-08-31T07:12:12","guid":{"rendered":"https:\/\/www.europesays.com\/pl\/657207\/"},"modified":"2026-08-31T07:12:12","modified_gmt":"2026-08-31T07:12:12","slug":"zaproszenie-na-uroczystosci-maryjne-2","status":"publish","type":"post","link":"https:\/\/www.europesays.com\/pl\/657207\/","title":{"rendered":"Zaproszenie na uroczysto\u015bci maryjne"},"content":{"rendered":"<p>W\u0105wolnica, Che\u0142m i Lublin to miejsca, kt\u00f3re w najbli\u017cszym czasie zgromadz\u0105 czcicieli Matki Bo\u017cej. Na uroczysto\u015bci maryjne zaprasza abp Stanis\u0142aw Budzik.<\/p>\n<p>&#8211;\u00a0Jak co roku pragn\u0119 Was zaprosi\u0107 na uroczysto\u015bci maryjne do W\u0105wolnicy, na G\u00f3r\u0119 Che\u0142msk\u0105 i do Sanktuarium Matki Bo\u017cej Latyczowskiej w Lublinie.\u00a0Bardzo prosz\u0119, aby we wszystkich sanktuariach trwa\u0142a gor\u0105ca modlitwa o powo\u0142ania kap\u0142a\u0144skie, zakonne i misyjne. Niech g\u0142os wo\u0142aj\u0105cego Chrystusa: \u201eP\u00f3jd\u017a za Mn\u0105!\u201d znajdzie odd\u017awi\u0119k w m\u0142odych sercach. Pragn\u0119 przypomnie\u0107, \u017ce w dniach 17 i 18 wrze\u015bnia odb\u0119dzie si\u0119 rekrutacja na pierwszy rok studi\u00f3w i formacji w naszym Metropolitalnym Seminarium Duchownym. Drzwi naszego seminarium s\u0105 szeroko otwarte dla nowych kandydat\u00f3w, kt\u00f3rzy pragn\u0105 rozezna\u0107 swoje powo\u0142anie i odpowiedzie\u0107 na zaproszenie Chrystusa do s\u0142u\u017cby w kap\u0142a\u0144stwie &#8211; podkre\u015bla abp Stanis\u0142aw.<\/p>\n<p>W W\u0105wolnicy uroczysto\u015bciom odpustowym w niedziel\u0119 6 wrze\u015bnia o godzinie 12.00, b\u0119dzie przewodniczy\u0142 biskup Kopenhagi Czes\u0142aw Kozon. Do Che\u0142ma wybierzemy si\u0119 tradycyjnie 8 wrze\u015bnia, gdzie Eucharystii o godz. 11.30 przewodniczy\u0142 b\u0119dzie nuncjusz apostolski w Polsce arcybiskup Antonio Guido Filipazzi. Podczas uroczysto\u015bci Matka Bo\u017ca Che\u0142mska zostanie og\u0142oszona patronk\u0105 miasta. W obu sanktuariach pob\u0142ogos\u0142awione zostan\u0105 wie\u0144ce do\u017cynkowe, jako wyraz wdzi\u0119czno\u015bci wobec Stw\u00f3rcy za tegoroczne plony.<\/p>\n<p>4 pa\u017adziernika uroczysto\u015bci odb\u0119d\u0105 si\u0119 w Sanktuarium Matki Bo\u017cej Latyczowskiej w Lublinie, gdzie Eucharystii o godzinie 12.00 b\u0119dzie przewodniczy\u0142 Kardyna\u0142 Gerhard M\u00fcller, by\u0142y przewodnicz\u0105cy watyka\u0144skiej Kongregacji Nauki Wiary.<\/p>\n<p>\n\t\t\u00ab<br \/>\n\t\t\u2039<\/p>\n<p>\t\t1<\/p>\n<p>\t\t\u203a<br \/>\n\t\t\u00bb<\/p>\n","protected":false},"excerpt":{"rendered":"W\u0105wolnica, Che\u0142m i Lublin to miejsca, kt\u00f3re w najbli\u017cszym czasie zgromadz\u0105 czcicieli Matki Bo\u017cej. Na uroczysto\u015bci maryjne zaprasza&hellip;\n","protected":false},"author":2,"featured_media":657208,"comment_status":"","ping_status":"","sticky":false,"template":"","format":"standard","meta":{"footnotes":"","_share_on_mastodon":"0"},"categories":[51612],"tags":[52515,6549,52517,1081,52514,42,38,40,39,41,128075,128074,52516],"class_list":["post-657207","post","type-post","status-publish","format-standard","has-post-thumbnail","category-lublin","tag-archidiecezja-lubelska","tag-chelm","tag-kosciol-w-lublinie","tag-lublin","tag-parafie-archidiecezji-lubelskiej","tag-pl","tag-poland","tag-polish","tag-polska","tag-polski","tag-uroczystosci-maryjne","tag-wawolnica","tag-wiadomosci-z-kosciola-lubelskiego"],"share_on_mastodon":{"url":"https:\/\/pubeurope.com\/@pl\/117188883113916153","error":""},"_links":{"self":[{"href":"https:\/\/www.europesays.com\/pl\/wp-json\/wp\/v2\/posts\/657207","targetHints":{"allow":["GET"]}}],"collection":[{"href":"https:\/\/www.europesays.com\/pl\/wp-json\/wp\/v2\/posts"}],"about":[{"href":"https:\/\/www.europesays.com\/pl\/wp-json\/wp\/v2\/types\/post"}],"author":[{"embeddable":true,"href":"https:\/\/www.europesays.com\/pl\/wp-json\/wp\/v2\/users\/2"}],"replies":[{"embeddable":true,"href":"https:\/\/www.europesays.com\/pl\/wp-json\/wp\/v2\/comments?post=657207"}],"version-history":[{"count":0,"href":"https:\/\/www.europesays.com\/pl\/wp-json\/wp\/v2\/posts\/657207\/revisions"}],"wp:featuredmedia":[{"embeddable":true,"href":"https:\/\/www.europesays.com\/pl\/wp-json\/wp\/v2\/media\/657208"}],"wp:attachment":[{"href":"https:\/\/www.europesays.com\/pl\/wp-json\/wp\/v2\/media?parent=657207"}],"wp:term":[{"taxonomy":"category","embeddable":true,"href":"https:\/\/www.europesays.com\/pl\/wp-json\/wp\/v2\/categories?post=657207"},{"taxonomy":"post_tag","embeddable":true,"href":"https:\/\/www.europesays.com\/pl\/wp-json\/wp\/v2\/tags?post=657207"}],"curies":[{"name":"wp","href":"https:\/\/api.w.org\/{rel}","templated":true}]}}