{"id":657231,"date":"2026-08-31T07:24:14","date_gmt":"2026-08-31T07:24:14","guid":{"rendered":"https:\/\/www.europesays.com\/pl\/657231\/"},"modified":"2026-08-31T07:24:14","modified_gmt":"2026-08-31T07:24:14","slug":"rodzina-nie-powiedziala-natalii-kukulskiej-o-smierci-mamy-dowiedziala-sie-z-telewizji","status":"publish","type":"post","link":"https:\/\/www.europesays.com\/pl\/657231\/","title":{"rendered":"Rodzina nie powiedzia\u0142a Natalii Kukulskiej o \u015bmierci mamy. Dowiedzia\u0142a si\u0119 z telewizji"},"content":{"rendered":"<p><a href=\"https:\/\/plejada.pl\/temat\/anna-jantar-piosenkarka\/y97kr4r\" id=\"c9659885-780a-4412-a646-0c2ee168adf4\" rel=\"nofollow noopener\" target=\"_blank\">Anna Jantar<\/a> pozostaje jedn\u0105 z najbardziej rozpoznawalnych postaci polskiej muzyki. Cho\u0107 od jej tragicznej \u015bmierci min\u0119\u0142y ju\u017c dekady, jej piosenki wci\u0105\u017c s\u0105 obecne w radiu, na koncertach i w \u015bwiadomo\u015bci kolejnych pokole\u0144. Dla <a href=\"https:\/\/plejada.pl\/temat\/natalia-kukulska-piosenkarka\/b894vjl\" id=\"a6b7b974-4a42-4019-ac66-134e9c00e30e\" rel=\"nofollow noopener\" target=\"_blank\">Natalii Kukulskiej<\/a> pami\u0119\u0107 o matce ma jednak zupe\u0142nie inny wymiar.Dalszy ci\u0105g artyku\u0142u pod materia\u0142em wideoNatalia Kukulska o \u015bmierci mamy dowiedzia\u0142a si\u0119 z telewizji. &#8222;Nie mieli odwagi&#8221;<a href=\"https:\/\/www.onet.pl\/\" title=\"Strona G\u0142\u00f3wna\" aria-label=\"Strona G\u0142\u00f3wna\" data-astro-prefetch=\"tap\" class=\"ods-a-logo-main-desktop\" rel=\"nofollow noopener\" target=\"_blank\"><img src=\"https:\/\/cdn.plejada.pl\/img\/Logo_desktop_Onet.svg\" class=\"ods-a-logo-main-desktop__image\" alt=\"Logo\" width=\"107\" height=\"60\" fetchpriority=\"high\" decoding=\"sync\" style=\"height:60px\"\/><\/a><\/p>\n<p class=\"ods-m-google-article__text\">Czytaj nas cz\u0119\u015bciej w Google<\/p>\n<p><a href=\"https:\/\/google.com\/preferences\/source?q=plejada.pl\" target=\"_blank\" rel=\"noopener noreferrer nofollow\" aria-label=\"Dodaj w Google\" title=\"Dodaj w Google\" class=\"ods-a-button ods-a-button__primary ods-a-button__default ods-a-button-l\">Dodaj w Google<\/a><\/p>\n<p>Ten osobisty temat powr\u00f3ci\u0142 w rozmowie Natalii Kukulskiej z Mariuszem Szczyg\u0142em. Dziennikarz wr\u00f3ci\u0142 do biografii Anny Jantar &#8222;Tyle s\u0142o\u0144ca&#8221; autorstwa Marcina Wilka, w kt\u00f3rej szczeg\u00f3lne miejsce zajmuje wst\u0119p Kukulskiej.<\/p>\n<p>&#8222;Dowiedzia\u0142em si\u0119 o czym\u015b, co w og\u00f3le nie przysz\u0142oby mi do g\u0142owy. Jako pisarz, nie wiem, czy bym umia\u0142 to wymy\u015bli\u0107. Zreszt\u0105 ja jestem non-fiction, nie fiction. Bo piszesz tak w tym wst\u0119pie: \u00bbPrawd\u0119 m\u00f3wi\u0105c, nikt mi nigdy nie powiedzia\u0142, \u017ce mama zgin\u0119\u0142a, odesz\u0142a na zawsze. Nikt mi nigdy nie powiedzia\u0142. (&#8230;) O tym, \u017ce mamy nie ma, dowiedzia\u0142am si\u0119 z telewizji, w kt\u00f3rej by\u0142 emitowany program wspomnieniowy&#8221; \u2014 cytowa\u0142 na wst\u0119pie Szczygie\u0142.<\/p>\n<p>Natalia Kukulska potwierdzi\u0142a swoje s\u0142owa. W rozmowie wr\u00f3ci\u0142a pami\u0119ci\u0105 do tego trudnego okresu. Jak zauwa\u017cy\u0142a, sytuacja mog\u0142a mie\u0107 miejsce rok po \u015bmierci jej mamy.<\/p>\n<p>&#8222;Tak mniej wi\u0119cej m\u00f3wi\u0142a mi babcia i tata, \u017ce obejrza\u0142am taki program. Nikt tego nie nazwa\u0142, nie mieli odwagi. Nie wiem, my\u015bl\u0119, \u017ce dzisiaj inna jest psychologia i jakby, je\u015bli mo\u017cna tak powiedzie\u0107, tendencje wdra\u017cania dzieci w trudne tematy&#8221; \u2014 t\u0142umaczy\u0142a.<\/p>\n<p>&#8222;Nie mam \u017calu, chcieli mnie ochroni\u0107. Nawet jak chodzi\u0142am na cmentarz, to nie za bardzo kuma\u0142am, co to jest za miejsce. M\u00f3wili, \u017ce mama tu prosi\u0142a, \u017ceby zasadzi\u0107 ogr\u00f3dek taki. Jak jeszcze nie by\u0142o pomnika, to tam by\u0142y kwiaty. Wi\u0119c o taki ogr\u00f3dek mama prosi\u0142a, \u017ce jest w szpitalu i chodzimy na dzia\u0142k\u0119. Jakby to wszystko by\u0142o jako\u015b tak zawoalowane, \u017ce ja nie wiedzia\u0142am do ko\u0144ca&#8221; \u2014 kontynuowa\u0142a.<\/p>\n<blockquote class=\"ods-o-quote\">\n<p class=\"ods-o-quote__paragraph\">Moje dzieci\u0144stwo to cmentarz zabawy, o ironio. Na cmentarzu z kole\u017cank\u0105 bawi\u0142y\u015bmy si\u0119 w tramwaje. Tak czy siak, podobno dopiero wtedy gdzie\u015b tam co\u015b, co, podejrzewam, czu\u0142am, zosta\u0142o powiedziane i nazwane. Podobno po tym programie posz\u0142am do swojego pokoju \u2014 tata mi w\u0142a\u015bnie m\u00f3wi\u0142, \u017ce zamkn\u0119\u0142am si\u0119 i p\u0142aka\u0142am.<\/p>\n<\/blockquote>\n<p>\u2014 wspomina\u0142a Natalia Kukulska.<\/p>\n<p><img class=\"ods-a-photo ods-a-photo--background\" src=\"https:\/\/www.europesays.com\/pl\/wp-content\/uploads\/2026\/08\/1788161053_316_DQMk9lCaHR0cHM6Ly9vY2RuLmV1L3B1bHNjbXMvTURBXy80NWE2OWVlYTliNGRjYWRlY2M4OGIwOTIxOTg1MDY0NC5qcGVnkZUCz.jpeg\" height=\"300\" width=\"450\" alt=\"Kuba Sienkiewicz\" loading=\"lazy\" fetchpriority=\"low\" decoding=\"async\"\/><img class=\"ods-a-photo ods-a-photo--background\" src=\"https:\/\/www.europesays.com\/pl\/wp-content\/uploads\/2026\/08\/X5Bk9lBaHR0cHM6Ly9vY2RuLmV1L3B1bHNjbXMvTURBXy8wNmU3YjY3YzUzZjRiMTRmN2Q4OTU2ZTVlMjA4MjY1NS5qcGeRkwXNB.jpeg\" height=\"627\" width=\"940\" alt=\"Natalia Kukulska\" loading=\"lazy\" fetchpriority=\"auto\" decoding=\"auto\" url=\"https:\/\/ocdn.eu\/pulscms\/MDA_\/06e7b67c53f4b14f7d8956e5e2082655.jpg\" description=\"Natalia Kukulska\" author=\"Pi\u0119tka Mieszko \/ AKPA\" source=\"\" link=\"\"\/><\/p>\n<p>Pi\u0119tka Mieszko \/ AKPA<\/p>\n<p>Natalia Kukulska<\/p>\n<p>Dzi\u0119kujemy, \u017ce przeczyta\u0142a\u015b\/e\u015b nasz artyku\u0142 do ko\u0144ca. W serwisie Plejada.pl ka\u017cdego dnia piszemy o najwa\u017cniejszych wydarzeniach show-biznesowych. B\u0105d\u017a na bie\u017c\u0105co!<a rel=\"nofollow noopener\" href=\"https:\/\/profile.google.com\/cp\/Cg0vZy8xMWJ6X19wdHBx\" id=\"ee41d095-a8ce-425a-bba0-fa3576335522\" target=\"_blank\"> Obserwuj<\/a> Plejad\u0119 w Google. Odwied\u017a nas tak\u017ce na<a rel=\"nofollow noopener\" href=\"https:\/\/www.facebook.com\/plejadapl\" id=\"a84dd275-a601-4f10-8c69-fb1d209e86bb\" target=\"_blank\"> Facebooku<\/a>,<a rel=\"nofollow noopener\" href=\"https:\/\/www.instagram.com\/plejadapl\/\" id=\"2e7c7672-0fb8-4be9-8ba6-6e373302c0cf\" target=\"_blank\"> Instagramie<\/a>,<a rel=\"nofollow noopener\" href=\"https:\/\/www.youtube.com\/c\/plejada\" id=\"642e2501-3f1d-4771-a25e-482a7e55ef29\" target=\"_blank\"> YouTubie<\/a> oraz<a rel=\"nofollow noopener\" href=\"https:\/\/www.tiktok.com\/@plejada_pl\" id=\"bb6268a7-9732-4494-b469-5cc4a199fc94\" target=\"_blank\"> TikToku<\/a>.Chcesz podzieli\u0107 si\u0119 ciekawym newsem lub zaproponowa\u0107 temat? Skontaktuj si\u0119 z nami, pisz\u0105c maila na adres: <a rel=\"nofollow noopener\" href=\"https:\/\/plejada.pl\/newsy\/rodzina-nie-powiedziala-natalii-kukulskiej-o-smierci-mamy-dowiedziala-sie-z-telewizji\/mailto:plejada@redakcjaonet.pl\" id=\"a1da4f43-3155-4f87-bfbf-9e70e90a0999\" target=\"_blank\">plejada@redakcjaonet.pl<\/a>.<script async src=\"\/\/www.instagram.com\/embed.js\"><\/script><script async src=\"\/\/www.tiktok.com\/embed.js\"><\/script><\/p>\n","protected":false},"excerpt":{"rendered":"Anna Jantar pozostaje jedn\u0105 z najbardziej rozpoznawalnych postaci polskiej muzyki. Cho\u0107 od jej tragicznej \u015bmierci min\u0119\u0142y ju\u017c dekady,&hellip;\n","protected":false},"author":2,"featured_media":657232,"comment_status":"","ping_status":"","sticky":false,"template":"","format":"standard","meta":{"footnotes":"","_share_on_mastodon":"0"},"categories":[22],"tags":[47465,61195,122,48,21618,125,46,42,38,40,39,41,123,47,511],"class_list":["post-657231","post","type-post","status-publish","format-standard","has-post-thumbnail","category-rozrywka","tag-anna_jantar","tag-bottomfeed_styl","tag-entertainment","tag-nat_styl","tag-natalia_kukulska","tag-newsy","tag-omp","tag-pl","tag-poland","tag-polish","tag-polska","tag-polski","tag-rozrywka","tag-screening_general","tag-smierc"],"share_on_mastodon":{"url":"","error":""},"_links":{"self":[{"href":"https:\/\/www.europesays.com\/pl\/wp-json\/wp\/v2\/posts\/657231","targetHints":{"allow":["GET"]}}],"collection":[{"href":"https:\/\/www.europesays.com\/pl\/wp-json\/wp\/v2\/posts"}],"about":[{"href":"https:\/\/www.europesays.com\/pl\/wp-json\/wp\/v2\/types\/post"}],"author":[{"embeddable":true,"href":"https:\/\/www.europesays.com\/pl\/wp-json\/wp\/v2\/users\/2"}],"replies":[{"embeddable":true,"href":"https:\/\/www.europesays.com\/pl\/wp-json\/wp\/v2\/comments?post=657231"}],"version-history":[{"count":0,"href":"https:\/\/www.europesays.com\/pl\/wp-json\/wp\/v2\/posts\/657231\/revisions"}],"wp:featuredmedia":[{"embeddable":true,"href":"https:\/\/www.europesays.com\/pl\/wp-json\/wp\/v2\/media\/657232"}],"wp:attachment":[{"href":"https:\/\/www.europesays.com\/pl\/wp-json\/wp\/v2\/media?parent=657231"}],"wp:term":[{"taxonomy":"category","embeddable":true,"href":"https:\/\/www.europesays.com\/pl\/wp-json\/wp\/v2\/categories?post=657231"},{"taxonomy":"post_tag","embeddable":true,"href":"https:\/\/www.europesays.com\/pl\/wp-json\/wp\/v2\/tags?post=657231"}],"curies":[{"name":"wp","href":"https:\/\/api.w.org\/{rel}","templated":true}]}}