{"id":657245,"date":"2026-08-31T07:31:12","date_gmt":"2026-08-31T07:31:12","guid":{"rendered":"https:\/\/www.europesays.com\/pl\/657245\/"},"modified":"2026-08-31T07:31:12","modified_gmt":"2026-08-31T07:31:12","slug":"weto-do-ustawy-o-edzienniku-nowacka-chce-kontroli-sluzb-wprost","status":"publish","type":"post","link":"https:\/\/www.europesays.com\/pl\/657245\/","title":{"rendered":"Weto do ustawy o eDzienniku. Nowacka chce kontroli s\u0142u\u017cb \u2013 Wprost"},"content":{"rendered":"\n<p>&#13;<br \/>\nMinistra edukacji Barbara Nowacka zapowiedzia\u0142a w\u00a0TVP Info, \u017ce\u00a0poprosi s\u0142u\u017cby o\u00a0zbadanie okoliczno\u015bci prezydenckiego weta do\u00a0ustawy o\u00a0pa\u0144stwowym eDzienniku. Jej zdaniem argumenty przedstawione przez prezydenta sprawiaj\u0105 wra\u017cenie \u201estricte lobbystycznych\u201d. Szefowa MEN zwr\u00f3ci\u0142a uwag\u0119 na\u00a0podobie\u0144stwo uzasadnienia weta do\u00a0pism przygotowywanych przy wsp\u00f3\u0142pracy z\u00a0dwoma g\u0142\u00f3wnymi operatorami komercyjnych dziennik\u00f3w. Nie\u00a0przes\u0105dzi\u0142a, czy\u00a0dosz\u0142o do\u00a0p\u0142atnego lobbingu, ale\u00a0chce sprawdzenia, czy\u00a0nie by\u0142o niew\u0142a\u015bciwych dzia\u0142a\u0144. Oceni\u0142a te\u017c, \u017ce\u00a0na decyzji zyskuj\u0105 prywatne firmy, a\u00a0trac\u0105 rodzice. &#13;\n<\/p>\n<p>Bezp\u0142atny eDziennik mia\u0142 ruszy\u0107 najpierw w\u00a0pilota\u017cu<\/p>\n<p>&#13;<br \/>\nPrezydent Karol Nawrocki zawetowa\u0142 nowelizacj\u0119 Prawa o\u015bwiatowego i\u00a0ustawy o\u00a0systemie informacji o\u015bwiatowej. Przepisy mia\u0142y umo\u017cliwi\u0107 pilota\u017c pa\u0144stwowego eDziennika w\u00a0roku szkolnym 2026\/2027. Od\u00a0wrze\u015bnia 2027 roku system mia\u0142 sta\u0107 si\u0119 bezp\u0142atn\u0105 alternatyw\u0105 dla\u00a0rozwi\u0105za\u0144 komercyjnych. &#13;\n<\/p>\n<p>&#13;<br \/>\nDo pilota\u017cu mia\u0142y przyst\u0105pi\u0107 wybrane szko\u0142y. Testy obejmowa\u0142yby dzia\u0142anie systemu, przep\u0142yw informacji i\u00a0ochron\u0119 danych. &#13;\n<\/p>\n<p>&#13;<br \/>\nNowacka przekonuje, \u017ce\u00a0system nie\u00a0gromadzi\u0142by nadmiarowych informacji, a\u00a0dane by\u0142yby bezpieczne. Wed\u0142ug niej utrzymanie eDziennika kosztowa\u0142oby oko\u0142o 20 mln z\u0142\u00a0rocznie. Rodzice nie\u00a0musieliby natomiast p\u0142aci\u0107 za\u00a0dost\u0119p przez aplikacj\u0119, jak dzieje si\u0119 w\u00a0przypadku cz\u0119\u015bci us\u0142ug komercyjnych. &#13;\n<\/p>\n<p>Dlaczego prezydent zawetowa\u0142 ustaw\u0119 o\u00a0eDzienniku?<\/p>\n<p>&#13;<br \/>\nKarol Nawrocki podkre\u015bli\u0142, \u017ce\u00a0popiera rozw\u00f3j cyfrowych rozwi\u0105za\u0144 w\u00a0szko\u0142ach, ale\u00a0w\u00a0ustawie dostrzeg\u0142 trzy problemy. Pierwszy dotyczy bezpiecze\u0144stwa danych dzieci. Centralny system mia\u0142 zawiera\u0107 m.in. numery PESEL, zdj\u0119cia, oceny, informacje o\u00a0frekwencji i\u00a0specjalnych potrzebach edukacyjnych. &#13;\n<\/p>\n<p>&#13;<br \/>\nPrezydent wskaza\u0142 r\u00f3wnie\u017c na\u00a0koszty oraz\u00a0ryzyko chaosu organizacyjnego. Jego zdaniem harmonogram by\u0142 zbyt napi\u0119ty, a\u00a0szko\u0142y potrzebuj\u0105 czasu na\u00a0szkolenia i\u00a0przygotowanie. Zapowiedzia\u0142 jednak, \u017ce\u00a0podpisze dobrze przygotowan\u0105 wersj\u0119 ustawy. &#13;\n<\/p>\n<p>Co dalej z\u00a0pa\u0144stwowym eDziennikiem?<\/p>\n<p>&#13;<br \/>\nWeto zatrzyma\u0142o <a href=\"https:\/\/www.wprost.pl\/kraj\/12417777\/nauczyciele-sceptyczni-wobec-panstwowego-e-dziennika-nie-chca-by-dokladano-im-pracy.html\" rel=\"nofollow noopener\" target=\"_blank\">pilota\u017c eDziennika<\/a>. Sp\u00f3r dotyczy teraz nie\u00a0tylko koszt\u00f3w i\u00a0bezpiecze\u0144stwa danych, lecz tak\u017ce mo\u017cliwego wp\u0142ywu firm na\u00a0decyzj\u0119 prezydenta. Nowacka m\u00f3wi na\u00a0razie o\u00a0zamiarze zwr\u00f3cenia si\u0119 do\u00a0s\u0142u\u017cb, ale\u00a0nie poinformowa\u0142a o\u00a0wszcz\u0119ciu post\u0119powania. &#13;\n<\/p>\n<p>&#13;<br \/>\n   Czytaj te\u017c:<br \/><a href=\"https:\/\/www.wprost.pl\/kraj\/12427608\/zakaz-telefonow-w-szkolach-podstawowych-co-mysla-polacy-sondaz.html\" rel=\"follow nofollow noopener\" data-schema=\"WPROST\" data-image=\"https:\/\/img.wprost.pl\/_thumb\/47\/26\/b09d8fc01319108aa232f95f45fa.jpeg\" target=\"_blank\">Zakaz telefon\u00f3w w\u00a0podstaw\u00f3wkach od\u00a0wrze\u015bnia. Polacy zabrali g\u0142os<\/a>   Czytaj te\u017c:<br \/><a href=\"https:\/\/www.wprost.pl\/edukacja\/12427587\/men-ma-problem-znp-grzmi-manifestacja-nauczycieli-przed-kprm.html\" rel=\"follow nofollow noopener\" data-schema=\"WPROST\" data-image=\"https:\/\/img.wprost.pl\/_thumb\/bf\/76\/09ecdf0b69eef468b3ff10dd2849.jpeg\" target=\"_blank\">Nauczyciele wywieraj\u0105 presj\u0119 na\u00a0Tuska. Tak\u0105 ocen\u0119 Nowackiej wystawi\u0142 szef ZNP<\/a>&#13;<\/p>\n","protected":false},"excerpt":{"rendered":"&#13; Ministra edukacji Barbara Nowacka zapowiedzia\u0142a w\u00a0TVP Info, \u017ce\u00a0poprosi s\u0142u\u017cby o\u00a0zbadanie okoliczno\u015bci prezydenckiego weta do\u00a0ustawy o\u00a0pa\u0144stwowym eDzienniku. Jej&hellip;\n","protected":false},"author":2,"featured_media":657246,"comment_status":"","ping_status":"","sticky":false,"template":"","format":"standard","meta":{"footnotes":"","_share_on_mastodon":"0"},"categories":[62712],"tags":[11309,3622,127452,690,49,5359,907,1005,61647,8206,43315],"class_list":["post-657245","post","type-post","status-publish","format-standard","has-post-thumbnail","category-karol-nawrocki","tag-barbara-nowacka","tag-edukacja","tag-edziennik","tag-karol-nawrocki","tag-kraj","tag-men","tag-polityka","tag-prezydent","tag-stanislaw-wegrowski","tag-weto","tag-wprost"],"share_on_mastodon":{"url":"https:\/\/pubeurope.com\/@pl\/117188957532312863","error":""},"_links":{"self":[{"href":"https:\/\/www.europesays.com\/pl\/wp-json\/wp\/v2\/posts\/657245","targetHints":{"allow":["GET"]}}],"collection":[{"href":"https:\/\/www.europesays.com\/pl\/wp-json\/wp\/v2\/posts"}],"about":[{"href":"https:\/\/www.europesays.com\/pl\/wp-json\/wp\/v2\/types\/post"}],"author":[{"embeddable":true,"href":"https:\/\/www.europesays.com\/pl\/wp-json\/wp\/v2\/users\/2"}],"replies":[{"embeddable":true,"href":"https:\/\/www.europesays.com\/pl\/wp-json\/wp\/v2\/comments?post=657245"}],"version-history":[{"count":0,"href":"https:\/\/www.europesays.com\/pl\/wp-json\/wp\/v2\/posts\/657245\/revisions"}],"wp:featuredmedia":[{"embeddable":true,"href":"https:\/\/www.europesays.com\/pl\/wp-json\/wp\/v2\/media\/657246"}],"wp:attachment":[{"href":"https:\/\/www.europesays.com\/pl\/wp-json\/wp\/v2\/media?parent=657245"}],"wp:term":[{"taxonomy":"category","embeddable":true,"href":"https:\/\/www.europesays.com\/pl\/wp-json\/wp\/v2\/categories?post=657245"},{"taxonomy":"post_tag","embeddable":true,"href":"https:\/\/www.europesays.com\/pl\/wp-json\/wp\/v2\/tags?post=657245"}],"curies":[{"name":"wp","href":"https:\/\/api.w.org\/{rel}","templated":true}]}}