{"id":657273,"date":"2026-08-31T07:48:18","date_gmt":"2026-08-31T07:48:18","guid":{"rendered":"https:\/\/www.europesays.com\/pl\/657273\/"},"modified":"2026-08-31T07:48:18","modified_gmt":"2026-08-31T07:48:18","slug":"gdansk-warszawa-termopile-polskie-w-teatrze-narodowym-na-final-13-festiwalu-wybrzeze-sztuki","status":"publish","type":"post","link":"https:\/\/www.europesays.com\/pl\/657273\/","title":{"rendered":"Gda\u0144sk\/Warszawa. \u201eTermopile polskie\u201d w Teatrze Narodowym na fina\u0142 13. Festiwalu Wybrze\u017ce Sztuki"},"content":{"rendered":"<p>We wtorek, 1 wrze\u015bnia o godz. 12 rusza sprzeda\u017c bilet\u00f3w na \u201eTermopile polskie\u201d w re\u017c. Jana Klaty, kt\u00f3re s\u0105 cz\u0119\u015bci\u0105 EPILOGU 13. WYBRZE\u017bA SZTUKI.<\/p>\n<p>            <a data-lightbox=\"article-gallery\" href=\"https:\/\/e-teatr.pl\/files\/multimedias\/175898\/termopilepolskie-karolinajozwiak3.jpg\" rel=\"nofollow noopener\" target=\"_blank\">&#13;<br \/>\n        <img loading=\"lazy\" decoding=\"async\" src=\"https:\/\/www.europesays.com\/pl\/wp-content\/uploads\/2026\/08\/thumb_termopilepolskie-karolinajozwiak3.jpg\" alt=\"\" title=\"\" width=\"1100\" height=\"733\"\/>      <\/a><\/p>\n<p>fot. Karolina J\u00f3\u017awiak\/ Archiwum Artystyczne Teatru Narodowego<\/p>\n<p>Przed nami teatralny wyjazd do Teatru Narodowego w Warszawie. Dla os\u00f3b, kt\u00f3re wybieraj\u0105 bilet z przejazdem, organizujemy wsp\u00f3ln\u0105 podr\u00f3\u017c autokarem z Gda\u0144ska.<\/p>\n<p>Harmonogram wyjazdu:<br \/>18 pa\u017adziernika 2026 (niedziela)<\/p>\n<p>9.00 \u2013 wyjazd autokarem z Targu W\u0119glowego w Gda\u0144sku<br \/>16.00\u201319.05 \u2013 spektakl w Teatrze Narodowym<br \/>19.10\u201320.00 \u2013 rozmowa z re\u017cyserem i obsad\u0105 spektaklu<br \/>20.00 \u2013 wyjazd do Gda\u0144ska<\/p>\n<p>Powr\u00f3t do Gda\u0144ska planowany jest oko\u0142o godz. 1.00 w nocy.<\/p>\n<p>Mo\u017cna r\u00f3wnie\u017c kupi\u0107 bilet bez przejazdu \u2013 w takim przypadku dojazd do Teatru Narodowego i powr\u00f3t odbywaj\u0105 si\u0119 we w\u0142asnym zakresie.<\/p>\n<p>CENNIK BILET\u00d3W<\/p>\n<p>Bilet normalny + transport autokarem: 280 z\u0142<br \/>Bilet ulgowy + transport autokarem: 235 z\u0142<\/p>\n<p>Opcja bez transportu:<br \/>bilet normalny: 140 z\u0142<br \/>bilet ulgowy: 95 z\u0142\u00a0<br \/>SPRZEDA\u017b BILET\u00d3W RUSZA 1 WRZE\u015aNIA, O GODZINIE 12:00 na stronie bilety.teatrwybrzeze.pl<\/p>\n<p><a href=\"https:\/\/teatrwybrzeze.pl\/spektakle\/termopile-polskie\" target=\"_blank\" rel=\"nofollow noopener\">O spektaklu<\/a><\/p>\n","protected":false},"excerpt":{"rendered":"We wtorek, 1 wrze\u015bnia o godz. 12 rusza sprzeda\u017c bilet\u00f3w na \u201eTermopile polskie\u201d w re\u017c. Jana Klaty, kt\u00f3re&hellip;\n","protected":false},"author":2,"featured_media":657274,"comment_status":"","ping_status":"","sticky":false,"template":"","format":"standard","meta":{"footnotes":"","_share_on_mastodon":"0"},"categories":[51605],"tags":[2434,8588,6588,17490,16331,51630,42,38,40,39,41,649,650,11541,51629,8815,51631,8767,51628,800,8816,435],"class_list":["post-657273","post","type-post","status-publish","format-standard","has-post-thumbnail","category-warszawa","tag-aktor","tag-aktorzy","tag-festiwal","tag-festiwale","tag-kariera","tag-kariery","tag-pl","tag-poland","tag-polish","tag-polska","tag-polski","tag-premiera","tag-premiery","tag-realizacja","tag-realizacje","tag-repertuar","tag-ruch-teatralny","tag-sztuka","tag-sztuki","tag-teatr","tag-teatry","tag-warszawa"],"share_on_mastodon":{"url":"https:\/\/pubeurope.com\/@pl\/117189025758530454","error":""},"_links":{"self":[{"href":"https:\/\/www.europesays.com\/pl\/wp-json\/wp\/v2\/posts\/657273","targetHints":{"allow":["GET"]}}],"collection":[{"href":"https:\/\/www.europesays.com\/pl\/wp-json\/wp\/v2\/posts"}],"about":[{"href":"https:\/\/www.europesays.com\/pl\/wp-json\/wp\/v2\/types\/post"}],"author":[{"embeddable":true,"href":"https:\/\/www.europesays.com\/pl\/wp-json\/wp\/v2\/users\/2"}],"replies":[{"embeddable":true,"href":"https:\/\/www.europesays.com\/pl\/wp-json\/wp\/v2\/comments?post=657273"}],"version-history":[{"count":0,"href":"https:\/\/www.europesays.com\/pl\/wp-json\/wp\/v2\/posts\/657273\/revisions"}],"wp:featuredmedia":[{"embeddable":true,"href":"https:\/\/www.europesays.com\/pl\/wp-json\/wp\/v2\/media\/657274"}],"wp:attachment":[{"href":"https:\/\/www.europesays.com\/pl\/wp-json\/wp\/v2\/media?parent=657273"}],"wp:term":[{"taxonomy":"category","embeddable":true,"href":"https:\/\/www.europesays.com\/pl\/wp-json\/wp\/v2\/categories?post=657273"},{"taxonomy":"post_tag","embeddable":true,"href":"https:\/\/www.europesays.com\/pl\/wp-json\/wp\/v2\/tags?post=657273"}],"curies":[{"name":"wp","href":"https:\/\/api.w.org\/{rel}","templated":true}]}}