{"id":657291,"date":"2026-08-31T07:57:17","date_gmt":"2026-08-31T07:57:17","guid":{"rendered":"https:\/\/www.europesays.com\/pl\/657291\/"},"modified":"2026-08-31T07:57:17","modified_gmt":"2026-08-31T07:57:17","slug":"mateusz-morawiecki-o-aferze-zondacrypto-pokazal-specjalny-dokument","status":"publish","type":"post","link":"https:\/\/www.europesays.com\/pl\/657291\/","title":{"rendered":"Mateusz Morawiecki o aferze Zondacrypto. Pokaza\u0142 specjalny dokument"},"content":{"rendered":"<p>By\u0142y premier by\u0142 go\u015bciem porannego pasma publicystycznego w RMF FM. Jednym z temat\u00f3w by\u0142a afera Zondacrypto. \u2014 Rzadko si\u0119 zgadzam z obecnym premierem, ale tutaj uwa\u017cam, \u017ce ta sprawa powinna by\u0107 wyja\u015bniona do b\u00f3lu. Rozw\u00f3j Plus wnosi o powo\u0142anie komisji \u015bledczej, kt\u00f3ra wyja\u015bni t\u0119 spraw\u0119 od 2019 r. [polityk pokaza\u0142 projekt uchwa\u0142y]. Ja si\u0119 niczego nie obawiam. Mam nadziej\u0119, \u017ce PiS r\u00f3wnie\u017c podpisze si\u0119 pod t\u0105 uchwa\u0142\u0105 \u2014 m\u00f3wi\u0142 Morawiecki, pytany <a href=\"https:\/\/www.onet.pl\/informacje\/onetwiadomosci\/donald-tusk-o-aferze-zondacrypto-sprawa-nabiera-ksztaltow-ktore-budza-groze\/ls9q0s5,79cfc278\" id=\"1a548ae2-cf20-424a-891c-ecaddd5eb4a7\" rel=\"nofollow noopener\" target=\"_blank\">o s\u0142owa Donalda Tuska, \u017ce afera Zondacrypto to najwi\u0119ksza afera po 1989 r. i &#8222;budzi w nim groz\u0119&#8221;. <\/a>Dalszy ci\u0105g artyku\u0142u pod materia\u0142em wideo<\/p>\n<p>Morawiecki t\u0142umaczy\u0142 w &#8222;Porannej Rozmowie&#8221;, \u017ce wyja\u015bnienia wymaga m.in. dzia\u0142anie s\u0142u\u017cb specjalnych w tej sprawie. \u2014 Podstawowe pytanie jest takie: dlaczego s\u0142u\u017cby specjalne rz\u0105du premiera Donald Tuska nie ostrzeg\u0142y obywateli przed t\u0105 afer\u0105. A mo\u017ce s\u0142u\u017cby by\u0142y przez kogo\u015b powstrzymywane? \u2014 pyta\u0142 Morawiecki.<\/p>\n<p><a href=\"https:\/\/www.onet.pl\/\" title=\"Strona G\u0142\u00f3wna\" aria-label=\"Strona G\u0142\u00f3wna\" data-astro-prefetch=\"tap\" class=\"ods-a-logo-main-desktop\" rel=\"nofollow noopener\" target=\"_blank\"><img src=\"https:\/\/cdn.wiadomosci.onet.pl\/img\/Logo_desktop_Onet.svg\" class=\"ods-a-logo-main-desktop__image\" alt=\"Logo\" width=\"107\" height=\"60\" fetchpriority=\"high\" decoding=\"sync\" style=\"height:60px\"\/><\/a><\/p>\n<p class=\"ods-m-google-article__text\">Czytaj nas cz\u0119\u015bciej w Google<\/p>\n<p><a href=\"https:\/\/google.com\/preferences\/source?q=wiadomosci.onet.pl\" target=\"_blank\" rel=\"noopener noreferrer nofollow\" aria-label=\"Dodaj w Google\" title=\"Dodaj w Google\" class=\"ods-a-button ods-a-button__primary ods-a-button__default ods-a-button-l\">Dodaj w Google<\/a><\/p>\n<p>\u2014 Co najmniej od lata 2025 r. s\u0142u\u017cby rz\u0105du Donalda Tuska wiedzia\u0142y o oszuka\u0144czym mechanizmie i nie ostrzeg\u0142y obywateli. Ja, nie maj\u0105c wiedzy ze s\u0142u\u017cb, m\u00f3wi\u0142em o tym w mediach. Ca\u0142a machina pa\u0144stwa polskiego powinna zapobiega\u0107 aferom \u2014 podkre\u015bla\u0142 by\u0142y premier.<\/p>\n<p>Stanowczo zadeklarowa\u0142, \u017ce sam nie czuje si\u0119 w \u017caden spos\u00f3b winny w tej sprawie. \u2014 Osobi\u015bcie nie mam sobie w tej sprawie nic do zarzucenia. Zachowa\u0142em si\u0119 w niej, jak trzeba \u2014 stwierdzi\u0142 Mateusz Morawiecki.<\/p>\n<p>Afera Zondacrypto. \u015aledczy prowadz\u0105 dzia\u0142ania<\/p>\n<p>Post\u0119powanie w sprawie gie\u0142dy kryptowalut Zondacrypto zosta\u0142o wszcz\u0119te przez Prokuratur\u0119 Regionaln\u0105 w Katowicach 17 kwietnia br. pod k\u0105tem oszustw znacznej warto\u015bci i prania brudnych pieni\u0119dzy. Dotychczas wp\u0142yn\u0119\u0142o kilka tysi\u0119cy zawiadomie\u0144 o przest\u0119pstwie.<\/p>\n<p>O co dok\u0142adnie chodzi w aferze Zondacrypto [WYJA\u015aNIAMY]<img class=\"ods-a-photo ods-a-photo--background\" src=\"https:\/\/www.europesays.com\/pl\/wp-content\/uploads\/2026\/08\/1788163037_443_45Wk9lBaHR0cHM6Ly9vY2RuLmV1L3B1bHNjbXMvTURBXy85MDMzNTYwMmI3MTczYjkyYWUyN2I3MmM1ODA3OGE2ZC5qcGeRlQLNA.jpeg\" height=\"253\" width=\"450\" alt=\"By\u0142y szef Zondacrypto Przemys\u0142aw Kral\" loading=\"lazy\" fetchpriority=\"low\" decoding=\"async\"\/><\/p>\n<p>Na pocz\u0105tku sierpnia br. \u015bledztwo w sprawie Zondacrypto zosta\u0142o po\u0142\u0105czone z post\u0119powaniem w \u015bl\u0105skim wydziale Prokuratury Krajowej, zwi\u0105zanym z zagini\u0119ciem Sylwestra Suszka \u2014 za\u0142o\u017cyciela poprzedniczki Zondacrypto, gie\u0142dy kryptowalut BitBay. Suszek znikn\u0105\u0142 w marcu 2022 r. Po\u0142\u0105czone \u015bledztwo prowadzi obecnie \u015bl\u0105ski wydzia\u0142 PK.<\/p>\n","protected":false},"excerpt":{"rendered":"By\u0142y premier by\u0142 go\u015bciem porannego pasma publicystycznego w RMF FM. Jednym z temat\u00f3w by\u0142a afera Zondacrypto. \u2014 Rzadko&hellip;\n","protected":false},"author":2,"featured_media":657292,"comment_status":"","ping_status":"","sticky":false,"template":"","format":"standard","meta":{"footnotes":"","_share_on_mastodon":"0"},"categories":[62713],"tags":[61195,1345,49,15327,3946,48,46,114016,47,17994],"class_list":["post-657291","post","type-post","status-publish","format-standard","has-post-thumbnail","category-donald-tusk","tag-bottomfeed_styl","tag-donald-tusk","tag-kraj","tag-kryptowaluta","tag-mateusz_morawiecki","tag-nat_styl","tag-omp","tag-rozwoj_plus","tag-screening_general","tag-zondacrypto"],"share_on_mastodon":{"url":"https:\/\/pubeurope.com\/@pl\/117189060873054306","error":""},"_links":{"self":[{"href":"https:\/\/www.europesays.com\/pl\/wp-json\/wp\/v2\/posts\/657291","targetHints":{"allow":["GET"]}}],"collection":[{"href":"https:\/\/www.europesays.com\/pl\/wp-json\/wp\/v2\/posts"}],"about":[{"href":"https:\/\/www.europesays.com\/pl\/wp-json\/wp\/v2\/types\/post"}],"author":[{"embeddable":true,"href":"https:\/\/www.europesays.com\/pl\/wp-json\/wp\/v2\/users\/2"}],"replies":[{"embeddable":true,"href":"https:\/\/www.europesays.com\/pl\/wp-json\/wp\/v2\/comments?post=657291"}],"version-history":[{"count":0,"href":"https:\/\/www.europesays.com\/pl\/wp-json\/wp\/v2\/posts\/657291\/revisions"}],"wp:featuredmedia":[{"embeddable":true,"href":"https:\/\/www.europesays.com\/pl\/wp-json\/wp\/v2\/media\/657292"}],"wp:attachment":[{"href":"https:\/\/www.europesays.com\/pl\/wp-json\/wp\/v2\/media?parent=657291"}],"wp:term":[{"taxonomy":"category","embeddable":true,"href":"https:\/\/www.europesays.com\/pl\/wp-json\/wp\/v2\/categories?post=657291"},{"taxonomy":"post_tag","embeddable":true,"href":"https:\/\/www.europesays.com\/pl\/wp-json\/wp\/v2\/tags?post=657291"}],"curies":[{"name":"wp","href":"https:\/\/api.w.org\/{rel}","templated":true}]}}