{"id":657314,"date":"2026-08-31T08:12:14","date_gmt":"2026-08-31T08:12:14","guid":{"rendered":"https:\/\/www.europesays.com\/pl\/657314\/"},"modified":"2026-08-31T08:12:14","modified_gmt":"2026-08-31T08:12:14","slug":"brutalny-atak-na-nastoletniego-kibica-slaska-wroclaw-na-dworcu-kolejowym","status":"publish","type":"post","link":"https:\/\/www.europesays.com\/pl\/657314\/","title":{"rendered":"Brutalny atak na nastoletniego kibica \u015al\u0105ska Wroc\u0142aw na dworcu kolejowym"},"content":{"rendered":"<p>Grupa zamaskowanych m\u0142odych m\u0119\u017cczyzn zaatakowa\u0142a 15-latka na dworcu kolejowym w Jaworzynie \u015al\u0105skiej, poniewa\u017c nastolatek mia\u0142 na sobie koszulk\u0119 \u015al\u0105ska Wroc\u0142aw. Napastnicy \u017c\u0105dali oddania klubowej odzie\u017cy, a kiedy ch\u0142opak odm\u00f3wi\u0142, dosz\u0142o do szarpaniny i uderze\u0144. Policjanci szybko jednak ustalili to\u017csamo\u015b\u0107 uczestnik\u00f3w zdarzenia i zatrzymali czterech m\u0142odych m\u0119\u017cczyzn.<br \/>\n&#13;<\/p>\n<p>W tym artykule przeczytasz:<\/p>\n<p>                Jak dosz\u0142o do napadu na 15-latka na dworcu w Jaworzynie \u015al\u0105skiej.W jaki spos\u00f3b policjanci ustalili i zatrzymali uczestnik\u00f3w zaj\u015bcia.Co grozi za usi\u0142owanie rozboju i jakie decyzje zapad\u0142y.<br \/>\n            &#13;<\/p>\n<p><img fetchpriority=\"high\" decoding=\"async\" class=\"size-full wp-image-67860\" src=\"https:\/\/www.europesays.com\/pl\/wp-content\/uploads\/2026\/08\/PolicjaJaworzyna.jpeg\" alt=\"Dolno\u015bl\u0105ska Policja.\" width=\"1200\" height=\"678\"  \/>Fot. Dolno\u015bl\u0105ska Policja.<br \/>\nJak dosz\u0142o do napadu na 15-latka na dworcu w Jaworzynie \u015al\u0105skiej?<\/p>\n<p>Do zdarzenia dosz\u0142o po godzinie 19:00 na terenie dworca kolejowego w Jaworzynie \u015al\u0105skiej. 15-latek przyjecha\u0142 tam na wakacyjne spotkanie ze znajomymi. Nastolatek mia\u0142 na sobie barwy klubowe \u015al\u0105ska Wroc\u0142aw i w pewnym momencie zosta\u0142 sam na peronie.<\/p>\n<p>Wtedy podesz\u0142a do niego grupa zamaskowanych m\u0142odych m\u0119\u017cczyzn. Napastnicy, kt\u00f3rzy wyra\u017anie sympatyzowali z innymi klubami sportowymi, za\u017c\u0105dali oddania koszulki klubowej. Ch\u0142opak odm\u00f3wi\u0142, dlatego mi\u0119dzy nim a grup\u0105 dosz\u0142o do szarpaniny.<\/p>\n<p>Sytuacja szybko eskalowa\u0142a. M\u0119\u017cczy\u017ani zacz\u0119li uderza\u0107 nastolatka pi\u0119\u015bciami. W trakcie zaj\u015bcia 15-latek zdo\u0142a\u0142 zerwa\u0107 kominiark\u0119 z g\u0142owy jednego z napastnik\u00f3w. Wtedy ca\u0142a grupa po\u015bpiesznie uciek\u0142a z miejsca zdarzenia. Na szcz\u0119\u015bcie nastolatek nie odni\u00f3s\u0142 obra\u017ce\u0144 zagra\u017caj\u0105cych jego \u017cyciu ani zdrowiu. Po wszystkim wsiad\u0142 do poci\u0105gu i wr\u00f3ci\u0142 do Wroc\u0142awia.<\/p>\n<p>W jaki spos\u00f3b policjanci ustalili i zatrzymali uczestnik\u00f3w zaj\u015bcia?<\/p>\n<p>Funkcjonariusze rozpocz\u0119li dzia\u0142ania natychmiast po otrzymaniu informacji o zdarzeniu. Policjanci rozmawiali z osobami, kt\u00f3re mog\u0142y posiada\u0107 wiedz\u0119 na temat zaj\u015bcia, a ponadto przeanalizowali zapisy monitoringu znajduj\u0105cego si\u0119 na terenie dworca.<\/p>\n<p>Dzi\u0119ki tym czynno\u015bciom \u015bledczy szybko ustalili jednego z uczestnik\u00f3w. Funkcjonariusze z Jaworzyny \u015al\u0105skiej zatrzymali go, a nast\u0119pnie przes\u0142uchali. Kolejne ustalenia pozwoli\u0142y policjantom dotrze\u0107 do pozosta\u0142ych os\u00f3b zwi\u0105zanych ze spraw\u0105.<br \/>Ostatecznie funkcjonariusze zatrzymali czterech uczestnik\u00f3w zdarzenia \u2014 dw\u00f3ch doros\u0142ych oraz dw\u00f3ch nieletnich.<\/p>\n<p>\u2013 Zdarzenie zosta\u0142o zakwalifikowane jako usi\u0142owanie rozboju, a intensywne policyjne dzia\u0142ania doprowadzi\u0142y do zatrzymania 4 jego uczestnik\u00f3w. By\u0142y to 2 osoby doros\u0142e i 2 nieletnie, w wieku 20, 18, 16 oraz 15-lat \u2013 przekazuje asp. szt. \u0141ukasz Dutkowiak, rzecznik prasowy Komendy Wojew\u00f3dzkiej Policji we Wroc\u0142awiu.<\/p>\n<p>Co grozi za usi\u0142owanie rozboju i jakie decyzje zapad\u0142y?<\/p>\n<p>Pe\u0142noletnich uczestnik\u00f3w policjanci doprowadzili do \u015bwidnickiej prokuratury. Tam us\u0142yszeli zarzuty, natomiast o dalszym losie dw\u00f3ch nieletnich zdecyduje s\u0105d rodzinny.<\/p>\n<p>W sprawie zastosowano r\u00f3wnie\u017c \u015brodki zapobiegawcze wobec 20- i 18-latka. Prokuratura zdecydowa\u0142a o obj\u0119ciu ich dozorem Policji, a dodatkowo zakaza\u0142a im zbli\u017cania si\u0119 do pokrzywdzonego oraz kontaktowania si\u0119 z nim.<\/p>\n<p>\u2013 Zgodnie z przepisami Kodeksu karnego sprawca usi\u0142owania rozboju musi si\u0119 liczy\u0107 z tak\u0105 sam\u0105 odpowiedzialno\u015bci\u0105 karn\u0105, jak za jego dokonanie, czyli od 2 do a\u017c 15 lat pozbawienia wolno\u015bci \u2013 informuje asp. szt. \u0141ukasz Dutkowiak.<\/p>\n<p>Policja podkre\u015bla jednocze\u015bnie, \u017ce konflikt zwi\u0105zany z przynale\u017cno\u015bci\u0105 klubow\u0105 nie mo\u017ce usprawiedliwia\u0107 przemocy ani pr\u00f3b wymuszenia oddania odzie\u017cy. Funkcjonariusze przypominaj\u0105 r\u00f3wnie\u017c, \u017ce podobne zachowania spotkaj\u0105 si\u0119 ze zdecydowan\u0105 reakcj\u0105 i konsekwencjami prawnymi.<\/p>\n<p>\u00a0<\/p>\n","protected":false},"excerpt":{"rendered":"Grupa zamaskowanych m\u0142odych m\u0119\u017cczyzn zaatakowa\u0142a 15-latka na dworcu kolejowym w Jaworzynie \u015al\u0105skiej, poniewa\u017c nastolatek mia\u0142 na sobie koszulk\u0119&hellip;\n","protected":false},"author":2,"featured_media":657315,"comment_status":"","ping_status":"","sticky":false,"template":"","format":"standard","meta":{"footnotes":"","_share_on_mastodon":"0"},"categories":[51607],"tags":[744,128094,128095,128096,16249,42,38,414,7593,40,39,41,1853,115255],"class_list":["post-657314","post","type-post","status-publish","format-standard","has-post-thumbnail","category-wroclaw","tag-atak","tag-atak-na-kibica-slaska-wroclaw","tag-jaworzyna-slaska","tag-kibic-slaska-wroclaw","tag-napad","tag-pl","tag-poland","tag-policja","tag-policjanci","tag-polish","tag-polska","tag-polski","tag-wroclaw","tag-zatrzymani"],"share_on_mastodon":{"url":"https:\/\/pubeurope.com\/@pl\/117189119911212029","error":""},"_links":{"self":[{"href":"https:\/\/www.europesays.com\/pl\/wp-json\/wp\/v2\/posts\/657314","targetHints":{"allow":["GET"]}}],"collection":[{"href":"https:\/\/www.europesays.com\/pl\/wp-json\/wp\/v2\/posts"}],"about":[{"href":"https:\/\/www.europesays.com\/pl\/wp-json\/wp\/v2\/types\/post"}],"author":[{"embeddable":true,"href":"https:\/\/www.europesays.com\/pl\/wp-json\/wp\/v2\/users\/2"}],"replies":[{"embeddable":true,"href":"https:\/\/www.europesays.com\/pl\/wp-json\/wp\/v2\/comments?post=657314"}],"version-history":[{"count":0,"href":"https:\/\/www.europesays.com\/pl\/wp-json\/wp\/v2\/posts\/657314\/revisions"}],"wp:featuredmedia":[{"embeddable":true,"href":"https:\/\/www.europesays.com\/pl\/wp-json\/wp\/v2\/media\/657315"}],"wp:attachment":[{"href":"https:\/\/www.europesays.com\/pl\/wp-json\/wp\/v2\/media?parent=657314"}],"wp:term":[{"taxonomy":"category","embeddable":true,"href":"https:\/\/www.europesays.com\/pl\/wp-json\/wp\/v2\/categories?post=657314"},{"taxonomy":"post_tag","embeddable":true,"href":"https:\/\/www.europesays.com\/pl\/wp-json\/wp\/v2\/tags?post=657314"}],"curies":[{"name":"wp","href":"https:\/\/api.w.org\/{rel}","templated":true}]}}