{"id":657354,"date":"2026-08-31T08:36:15","date_gmt":"2026-08-31T08:36:15","guid":{"rendered":"https:\/\/www.europesays.com\/pl\/657354\/"},"modified":"2026-08-31T08:36:15","modified_gmt":"2026-08-31T08:36:15","slug":"radny-slowik-krytykuje-rajd-baja-poland-halas-niosl-sie-po-miescie","status":"publish","type":"post","link":"https:\/\/www.europesays.com\/pl\/657354\/","title":{"rendered":"Radny S\u0142owik krytykuje rajd Baja Poland. \u201eHa\u0142as ni\u00f3s\u0142 si\u0119 po mie\u015bcie\u201d"},"content":{"rendered":"<p>\n                        Od dw\u00f3ch dekad rajd Baja Poland odbywa si\u0119 w Szczecinie i Drawsku Pomorskim. Przed laty by\u0142o to jedno z wa\u017cniejszych wakacyjnych wydarze\u0144 w mie\u015bcie. Ostatnio jego blask nieco przygas\u0142, ale fani sport\u00f3w motorowych ciesz\u0105 si\u0119 z mo\u017cliwo\u015bci ogl\u0105dania wy\u015bcig\u00f3w na trasie. W tym roku zwyci\u0119zc\u0105 rajdu ponownie zosta\u0142 Krzysztof Ho\u0142owczyc. O Baja Poland m\u00f3wi\u0142o si\u0119 tak\u017ce w kontek\u015bcie samorz\u0105dowym.\n                    <\/p>\n<p align=\"LEFT\">Radnemu Przemys\u0142awowi S\u0142owikowi nie spodoba\u0142o si\u0119, \u017ce auta spalinowe je\u017adzi\u0142y po mie\u015bcie, ha\u0142asowa\u0142y i cz\u0119sto urz\u0105dza\u0142y sobie rywalizacj\u0119 \u201ena g\u0142o\u015bno\u015b\u0107\u201d na skrzy\u017cowaniach, np. na Placu Rod\u0142a. Radny nie postuluje zawieszenia imprezy, ale jednocze\u015bnie dodaje, \u017ce auta nie powinny omija\u0107 wyznaczonych tras i ot tak je\u017adzi\u0107 sobie po mie\u015bcie.<\/p>\n<p align=\"LEFT\">\u2013 Baja Poland jest z nami od prawie dw\u00f3ch dekad i potrzebujemy wi\u0119cej imprez mi\u0119dzynarodowego formatu. Jednocze\u015bnie nie mo\u017cemy pozwala\u0107 na takie wykroczenia na ulicach miasta. W nocy z czwartku na pi\u0105tek kierowcy urz\u0105dzili sobie rajdowy tor, okr\u0105\u017caj\u0105c publiczne ulice wok\u00f3\u0142 Enea Areny i jad\u0105c wzd\u0142u\u017c ul. Szafera. Ha\u0142as sportowych wydech\u00f3w ni\u00f3s\u0142 si\u0119 po ca\u0142ym Osiedlu Zawadzkiego. To karygodne dzia\u0142anie, na kt\u00f3re nie mo\u017ce by\u0107 zgody w\u0142adz miasta. Organizatorzy powinni surowo reagowa\u0107 na takie drogowe chuliga\u0144stwo. Chcemy rajd\u00f3w na torach w Szczecinie. Nie chcemy tor\u00f3w rajdowych na ulicach. Licz\u0119, \u017ce w\u0142adze miasta wyci\u0105gn\u0105 wobec organizator\u00f3w wnioski na kolejne edycje \u2013 komentuje Przemys\u0142aw S\u0142owik.<\/p>\n<p align=\"LEFT\">Radny przygotowa\u0142 w tym temacie interpelacj\u0119, kt\u00f3ra w pi\u0105tek trafi\u0142a do w\u0142adz Szczecina. Przedstawiciel Zielonych pyta tak\u017ce o partycypacje miasta w kosztach imprezy. W 2024 roku by\u0142a to kwota w wysoko\u015bci 200 tysi\u0119cy z\u0142otych.<\/p>\n<p align=\"LEFT\">Dzia\u0142ania S\u0142owika skrytykowali w mediach spo\u0142eczno\u015bciowych politycy Konfederacji.<\/p>\n<p align=\"LEFT\">\u201eGdy zamyka si\u0119 p\u00f3\u0142 miasta na biegi czy maratony \u2013 superancko, zajefajnie i w og\u00f3le. Gdy raz w roku przez miasto przejedzie kilkadziesi\u0105t rajd\u00f3wek, nagle mamy wielk\u0105 tragedi\u0119, \u201esmr\u00f3d spalin i ha\u0142as za publiczne pieni\u0105dze\u201d. 3-dniowy rajd odbywa si\u0119 od lat i sporo mieszka\u0144c\u00f3w ma z tego frajd\u0119\u201d \u2013 napisa\u0142 polityk Konfederacji Rafa\u0142 Kubowicz, dodaj\u0105c: \u201ePami\u0119tacie jeszcze Pyromagic? Przez takich jak S\u0142owik ju\u017c si\u0119 nie odbywa. Tolerancja i otwarto\u015b\u0107 nie polegaj\u0105 na akceptowaniu wy\u0142\u0105cznie tego, co wpisuje si\u0119 we w\u0142asn\u0105 agend\u0119 polityczn\u0105. Czas zacz\u0105\u0107 szanowa\u0107 wszystkich mieszka\u0144c\u00f3w, a nie tylko wybrany elektorat\u201d.<\/p>\n<p align=\"LEFT\">Baja Poland uznawany jest za jeden z najbardziej presti\u017cowych rajd\u00f3w cross country w Polsce. Co roku do Szczecina przyje\u017cd\u017ca kilkadziesi\u0105t sk\u0142ad\u00f3w motoryzacyjnych. 11 razy triumfatorem wydarzenia by\u0142 Krzysztof Ho\u0142owczyc.<\/p>\n","protected":false},"excerpt":{"rendered":"Od dw\u00f3ch dekad rajd Baja Poland odbywa si\u0119 w Szczecinie i Drawsku Pomorskim. Przed laty by\u0142o to jedno&hellip;\n","protected":false},"author":2,"featured_media":657355,"comment_status":"","ping_status":"","sticky":false,"template":"","format":"standard","meta":{"footnotes":"","_share_on_mastodon":"0"},"categories":[51611],"tags":[291,1089,3839,3511,261,3840,42,38,40,907,39,41,123,2307,26,1092],"class_list":["post-657354","post","type-post","status-publish","format-standard","has-post-thumbnail","category-szczecin","tag-historia","tag-imprezy","tag-interwencje","tag-inwestycje","tag-kultura","tag-lokale","tag-pl","tag-poland","tag-polish","tag-polityka","tag-polska","tag-polski","tag-rozrywka","tag-szczecin","tag-wiadomosci","tag-wydarzenia"],"share_on_mastodon":{"url":"https:\/\/pubeurope.com\/@pl\/117189213449131194","error":""},"_links":{"self":[{"href":"https:\/\/www.europesays.com\/pl\/wp-json\/wp\/v2\/posts\/657354","targetHints":{"allow":["GET"]}}],"collection":[{"href":"https:\/\/www.europesays.com\/pl\/wp-json\/wp\/v2\/posts"}],"about":[{"href":"https:\/\/www.europesays.com\/pl\/wp-json\/wp\/v2\/types\/post"}],"author":[{"embeddable":true,"href":"https:\/\/www.europesays.com\/pl\/wp-json\/wp\/v2\/users\/2"}],"replies":[{"embeddable":true,"href":"https:\/\/www.europesays.com\/pl\/wp-json\/wp\/v2\/comments?post=657354"}],"version-history":[{"count":0,"href":"https:\/\/www.europesays.com\/pl\/wp-json\/wp\/v2\/posts\/657354\/revisions"}],"wp:featuredmedia":[{"embeddable":true,"href":"https:\/\/www.europesays.com\/pl\/wp-json\/wp\/v2\/media\/657355"}],"wp:attachment":[{"href":"https:\/\/www.europesays.com\/pl\/wp-json\/wp\/v2\/media?parent=657354"}],"wp:term":[{"taxonomy":"category","embeddable":true,"href":"https:\/\/www.europesays.com\/pl\/wp-json\/wp\/v2\/categories?post=657354"},{"taxonomy":"post_tag","embeddable":true,"href":"https:\/\/www.europesays.com\/pl\/wp-json\/wp\/v2\/tags?post=657354"}],"curies":[{"name":"wp","href":"https:\/\/api.w.org\/{rel}","templated":true}]}}