{"id":657356,"date":"2026-08-31T08:37:20","date_gmt":"2026-08-31T08:37:20","guid":{"rendered":"https:\/\/www.europesays.com\/pl\/657356\/"},"modified":"2026-08-31T08:37:20","modified_gmt":"2026-08-31T08:37:20","slug":"gdansk-zweglone-zwloki-kobiety-w-mieszkaniu-z-budynku-ewakuowano-30-osob","status":"publish","type":"post","link":"https:\/\/www.europesays.com\/pl\/657356\/","title":{"rendered":"Gda\u0144sk. Zw\u0119glone zw\u0142oki kobiety w mieszkaniu. Z budynku ewakuowano 30 os\u00f3b"},"content":{"rendered":"<p>O kt\u00f3rej godzinie stra\u017cacy otrzymali zg\u0142oszenie o po\u017carze.\u00a0<\/p>\n<p>Ile os\u00f3b ewakuowa\u0142o si\u0119 z budynku.\u00a0<\/p>\n<p>Jakie s\u0142u\u017cby bra\u0142y udzia\u0142 w akcji ratunkowej.<\/p>\n<p>    <a name=\"eztoc42702755_0_3\" id=\"eztoc42702755_0_3\"\/>Tragiczny po\u017car w Gda\u0144sku. Znaleziono zw\u0142oki kobiety<\/p>\n<p>W poniedzia\u0142ek tu\u017c przed godzin\u0105 5 rano<br \/>\n<a href=\"https:\/\/wiadomosci.radiozet.pl\/tag\/kategoria\/straz-pozarna\" target=\"_self\" rel=\"dofollow noopener\">stra\u017cacy<\/a> z Komendy Miejskiej\u00a0Pa\u0144stwowej Stra\u017cy Po\u017carnej w Gda\u0144sku otrzymali zg\u0142oszenie\u00a0o<br \/>\n<a href=\"https:\/\/wiadomosci.radiozet.pl\/tag\/kategoria\/pozar\" target=\"_self\" rel=\"dofollow noopener\">po\u017carze<\/a> mieszkania w budynku przy ul. Startowej 23. Z lokum wydostawa\u0142y si\u0119 g\u0119ste k\u0142\u0119by czarnego dymu, zadymienie by\u0142o r\u00f3wnie\u017c na klatce schodowej.\u00a0<\/p>\n<p>Po doje\u017adzie pierwszych zast\u0119p\u00f3w PSP stra\u017cacy zastali mocno rozwini\u0119ty po\u017car mieszkania na najwy\u017cszym pi\u0119trze \u2013 dziesi\u0105tym. \u201eW trakcie prowadzonych dzia\u0142a\u0144 wewn\u0105trz mieszkania odnaleziono cz\u0119\u015bciowo zw\u0119glone zw\u0142oki kobiety&#8221; \u2013 podaje KM PSP w Gda\u0144sku.\u00a0<\/p>\n<p>Z budynku ewakuowa\u0142o si\u0119 oko\u0142o 30 os\u00f3b, wi\u0119kszo\u015b\u0107 jeszcze przed przyjazdem s\u0142u\u017cb na miejsce.\u00a0Cz\u0119\u015b\u0107 zosta\u0142a ewakuowana z pomoc\u0105 ratownik\u00f3w. W dzia\u0142aniach udzia\u0142 bra\u0142o sze\u015b\u0107 zast\u0119p\u00f3w stra\u017cy po\u017carnej\u00a0z KM PSP w Gda\u0144sku z JRG 1, JRG 5 oraz KM (oficer operacyjny).<\/p>\n<p>\u0179r\u00f3d\u0142o: Radio ZET\/KM PSP w Gda\u0144sku<\/p>\n<p>By\u0142e\u015b \u015bwiadkiem czego\u015b niespodziewanego? Masz temat, kt\u00f3rym powinni\u015bmy si\u0119 zaj\u0105\u0107?<\/p>\n<p>Zg\u0142o\u015b spraw\u0119 przez <a href=\"https:\/\/wiadomosci.radiozet.pl\/czerwony-telefon\" target=\"_blank\" title=\"Czerwony telefon Radia Zet\" rel=\"nofollow noopener\">Czerwony telefon Radia ZET<\/a><\/p>\n","protected":false},"excerpt":{"rendered":"O kt\u00f3rej godzinie stra\u017cacy otrzymali zg\u0142oszenie o po\u017carze.\u00a0 Ile os\u00f3b ewakuowa\u0142o si\u0119 z budynku.\u00a0 Jakie s\u0142u\u017cby bra\u0142y udzia\u0142&hellip;\n","protected":false},"author":2,"featured_media":657357,"comment_status":"","ping_status":"","sticky":false,"template":"","format":"standard","meta":{"footnotes":"","_share_on_mastodon":"0"},"categories":[51610],"tags":[1048,42,38,40,39,41,38947,2148,511,7891],"class_list":["post-657356","post","type-post","status-publish","format-standard","has-post-thumbnail","category-gdansk","tag-gdansk","tag-pl","tag-poland","tag-polish","tag-polska","tag-polski","tag-pomorskie","tag-pozar","tag-smierc","tag-straz-pozarna"],"share_on_mastodon":{"url":"https:\/\/pubeurope.com\/@pl\/117189217279571545","error":""},"_links":{"self":[{"href":"https:\/\/www.europesays.com\/pl\/wp-json\/wp\/v2\/posts\/657356","targetHints":{"allow":["GET"]}}],"collection":[{"href":"https:\/\/www.europesays.com\/pl\/wp-json\/wp\/v2\/posts"}],"about":[{"href":"https:\/\/www.europesays.com\/pl\/wp-json\/wp\/v2\/types\/post"}],"author":[{"embeddable":true,"href":"https:\/\/www.europesays.com\/pl\/wp-json\/wp\/v2\/users\/2"}],"replies":[{"embeddable":true,"href":"https:\/\/www.europesays.com\/pl\/wp-json\/wp\/v2\/comments?post=657356"}],"version-history":[{"count":0,"href":"https:\/\/www.europesays.com\/pl\/wp-json\/wp\/v2\/posts\/657356\/revisions"}],"wp:featuredmedia":[{"embeddable":true,"href":"https:\/\/www.europesays.com\/pl\/wp-json\/wp\/v2\/media\/657357"}],"wp:attachment":[{"href":"https:\/\/www.europesays.com\/pl\/wp-json\/wp\/v2\/media?parent=657356"}],"wp:term":[{"taxonomy":"category","embeddable":true,"href":"https:\/\/www.europesays.com\/pl\/wp-json\/wp\/v2\/categories?post=657356"},{"taxonomy":"post_tag","embeddable":true,"href":"https:\/\/www.europesays.com\/pl\/wp-json\/wp\/v2\/tags?post=657356"}],"curies":[{"name":"wp","href":"https:\/\/api.w.org\/{rel}","templated":true}]}}