{"id":657360,"date":"2026-08-31T08:39:19","date_gmt":"2026-08-31T08:39:19","guid":{"rendered":"https:\/\/www.europesays.com\/pl\/657360\/"},"modified":"2026-08-31T08:39:19","modified_gmt":"2026-08-31T08:39:19","slug":"lodz-pobili-15-latka-bo-byl-z-ukrainy-mezczyzni-uslyszeli-zarzuty","status":"publish","type":"post","link":"https:\/\/www.europesays.com\/pl\/657360\/","title":{"rendered":"\u0141\u00f3d\u017a. Pobili 15-latka, bo by\u0142 z Ukrainy. M\u0119\u017cczy\u017ani us\u0142yszeli zarzuty"},"content":{"rendered":"<p>Do ataku na 15-letniego Ukrai\u0144ca dosz\u0142o pod koniec czerwca przy Stawach Stefa\u0144skiego w \u0141odzi.<\/p>\n<p>\u0141\u00f3dzka policja zidentyfikowa\u0142a i zatrzyma\u0142a dw\u00f3ch sprawc\u00f3w, 17-latka i 24-latka.<\/p>\n<p>Obaj podejrzani us\u0142yszeli zarzuty pobicia na tle narodowo\u015bciowym i mog\u0105 otrzyma\u0107 kar\u0119 do 5 lat wi\u0119zienia.<\/p>\n<p>    <a name=\"eztoc42702190_0_5\" id=\"eztoc42702190_0_5\"\/>Atak na 15-latka z Ukrainy w \u0141odzi<\/p>\n<p>Do ataku dosz\u0142o pod koniec czerwca przy\u00a0Stawach Stefa\u0144skiego w<br \/>\n<a href=\"https:\/\/wiadomosci.radiozet.pl\/tag\/kategoria\/lodz\" target=\"_self\" rel=\"dofollow noopener\">\u0141odzi<\/a>. Jak relacjonuje w komunikacie policja, wszystko zacz\u0119\u0142o si\u0119 od\u00a0zaczepki s\u0142ownej dw\u00f3ch grup wypoczywaj\u0105cych tam os\u00f3b. 15-latek wyszed\u0142 z wody na k\u0105pielisku i\u00a0szed\u0142 w stron\u0119 pozostawionych przy drzewie rzeczy osobistych. Wtedy dosz\u0142o do ataku.\u00a0<\/p>\n<p>\u0141\u00f3dzka policja przekaza\u0142a, \u017ce nieznani 15-latkowi m\u0119\u017cczy\u017ani wyzywali go i pobili, tylko dlatego, \u017ce pochodzi\u0142 z Ukrainy. S\u0142u\u017cby zaalarmowali \u015bwiadkowie zdarzenia.\u00a0\u201eSkrupulatna analiza zebranego materia\u0142u dowodowego doprowadzi\u0142a kryminalnych z Komendy Miejskiej i Wojew\u00f3dzkiej Policji w \u0141odzi do wytypowania dw\u00f3ch m\u0119\u017cczyzn odpowiedzialnych za ten czyn&#8221; &#8211; przekaza\u0142a\u00a0podkom. Kamila Sowi\u0144ska z \u0142\u00f3dzkiej policji.<\/p>\n<p>\t\t\t\t                                    \t<a name=\"eztoc42702190_0_6\" id=\"eztoc42702190_0_6\"\/>Policja zatrzyma\u0142a sprawc\u00f3w<\/p>\n<p>Pierwszy z napastnik\u00f3w, 17-latek, zosta\u0142 zatrzymany p\u00f3\u017anym wieczorem 20 sierpnia. By\u0142 zaskoczony widokiem policjant\u00f3w. Przyzna\u0142 si\u0119 do udzia\u0142u w zdarzeniu, jednak nie chcia\u0142 przedstawi\u0107 swojej wersji jego przebiegu. Powiedzia\u0142, \u017ce zrobi to dopiero przed prowadz\u0105cym spraw\u0119 prokuratorem. Z kolei drugi z m\u0119\u017cczyzn &#8211; 24-latek &#8211; w r\u0119ce policji wpad\u0142 28 sierpnia. W jego przypadku kara mo\u017ce by\u0107 surowsza, gdy\u017c dzia\u0142a\u0142 w warunkach recydywy.<\/p>\n<p>\u201eObaj podejrzani us\u0142yszeli zarzut pobicia na tle narodowo\u015bciowym. Zdarzenie to potraktowane zosta\u0142o jako wyst\u0119pek chuliga\u0144ski. Za pope\u0142nione przest\u0119pstwo grozi kara do 5 lat pozbawienia wolno\u015bci. Czynno\u015bci w tej sprawie prowadz\u0105 \u015bledczy z VII Komisariatu Policji w \u0141odzi pod nadzorem Prokuratury Rejonowej \u0141\u00f3d\u017a- G\u00f3rna&#8221; &#8211; poinformowa\u0142a\u00a0podkom. Sowi\u0144ska.<\/p>\n<p>\u0179r\u00f3d\u0142o: Radio ZET<\/p>\n<p>By\u0142e\u015b \u015bwiadkiem czego\u015b niespodziewanego? Masz temat, kt\u00f3rym powinni\u015bmy si\u0119 zaj\u0105\u0107?<\/p>\n<p>Zg\u0142o\u015b spraw\u0119 przez <a href=\"https:\/\/wiadomosci.radiozet.pl\/czerwony-telefon\" target=\"_blank\" title=\"Czerwony telefon Radia Zet\" rel=\"nofollow noopener\">Czerwony telefon Radia ZET<\/a><\/p>\n","protected":false},"excerpt":{"rendered":"Do ataku na 15-letniego Ukrai\u0144ca dosz\u0142o pod koniec czerwca przy Stawach Stefa\u0144skiego w \u0141odzi. \u0141\u00f3dzka policja zidentyfikowa\u0142a i&hellip;\n","protected":false},"author":2,"featured_media":657361,"comment_status":"","ping_status":"","sticky":false,"template":"","format":"standard","meta":{"footnotes":"","_share_on_mastodon":"0"},"categories":[51608],"tags":[744,3652,42,38,414,40,39,41,6503],"class_list":["post-657360","post","type-post","status-publish","format-standard","has-post-thumbnail","category-lodz","tag-atak","tag-lodz","tag-pl","tag-poland","tag-policja","tag-polish","tag-polska","tag-polski","tag-ukraincy-w-polsce"],"share_on_mastodon":{"url":"https:\/\/pubeurope.com\/@pl\/117189225247978314","error":""},"_links":{"self":[{"href":"https:\/\/www.europesays.com\/pl\/wp-json\/wp\/v2\/posts\/657360","targetHints":{"allow":["GET"]}}],"collection":[{"href":"https:\/\/www.europesays.com\/pl\/wp-json\/wp\/v2\/posts"}],"about":[{"href":"https:\/\/www.europesays.com\/pl\/wp-json\/wp\/v2\/types\/post"}],"author":[{"embeddable":true,"href":"https:\/\/www.europesays.com\/pl\/wp-json\/wp\/v2\/users\/2"}],"replies":[{"embeddable":true,"href":"https:\/\/www.europesays.com\/pl\/wp-json\/wp\/v2\/comments?post=657360"}],"version-history":[{"count":0,"href":"https:\/\/www.europesays.com\/pl\/wp-json\/wp\/v2\/posts\/657360\/revisions"}],"wp:featuredmedia":[{"embeddable":true,"href":"https:\/\/www.europesays.com\/pl\/wp-json\/wp\/v2\/media\/657361"}],"wp:attachment":[{"href":"https:\/\/www.europesays.com\/pl\/wp-json\/wp\/v2\/media?parent=657360"}],"wp:term":[{"taxonomy":"category","embeddable":true,"href":"https:\/\/www.europesays.com\/pl\/wp-json\/wp\/v2\/categories?post=657360"},{"taxonomy":"post_tag","embeddable":true,"href":"https:\/\/www.europesays.com\/pl\/wp-json\/wp\/v2\/tags?post=657360"}],"curies":[{"name":"wp","href":"https:\/\/api.w.org\/{rel}","templated":true}]}}