{"id":657362,"date":"2026-08-31T08:40:27","date_gmt":"2026-08-31T08:40:27","guid":{"rendered":"https:\/\/www.europesays.com\/pl\/657362\/"},"modified":"2026-08-31T08:40:27","modified_gmt":"2026-08-31T08:40:27","slug":"debata-parlamentarna-robert-jagla-i-pawel-hreniak-w-studiu-radia-wroclaw","status":"publish","type":"post","link":"https:\/\/www.europesays.com\/pl\/657362\/","title":{"rendered":"Debata parlamentarna: Robert Jag\u0142a i Pawe\u0142 Hreniak w studiu Radia Wroc\u0142aw"},"content":{"rendered":"<p>Debata parlamentarna w Radiu Wroc\u0142aw.<\/p>\n<p>Fot. RW<\/p>\n<p>Po wakacyjnej przerwie wr\u00f3ci\u0142a debata parlamentarna w Radiu Wroc\u0142aw.<\/p>\n<p style=\"text-align: justify;\">W poniedzia\u0142ek naszymi go\u015b\u0107mi byli\u00a0Robert Jag\u0142a (KO) i Pawe\u0142 Hreniak (PiS). Rozmawiali\u015bmy o najwa\u017cniejszych politycznych wydarzeniach ostatnich dni i tygodni.<\/p>\n<p style=\"text-align: justify;\">POS\u0141UCHAJ:<\/p>\n<p style=\"text-align: justify;\">1. cz\u0119\u015b\u0107:<\/p>\n<p style=\"text-align: justify;\">2. cz\u0119\u015b\u0107:<\/p>\n","protected":false},"excerpt":{"rendered":"Debata parlamentarna w Radiu Wroc\u0142aw. Fot. RW Po wakacyjnej przerwie wr\u00f3ci\u0142a debata parlamentarna w Radiu Wroc\u0142aw. W poniedzia\u0142ek&hellip;\n","protected":false},"author":2,"featured_media":657363,"comment_status":"","ping_status":"","sticky":false,"template":"","format":"standard","meta":{"footnotes":"","_share_on_mastodon":"0"},"categories":[51607],"tags":[3949,71339,51726,128110,55888,17037,42,38,40,39,41,52404,65332,57380,31600,1853],"class_list":["post-657362","post","type-post","status-publish","format-standard","has-post-thumbnail","category-wroclaw","tag-debata","tag-hreniak","tag-i","tag-jagla","tag-parlamentarna","tag-pawel","tag-pl","tag-poland","tag-polish","tag-polska","tag-polski","tag-radia","tag-robert","tag-studiu","tag-w","tag-wroclaw"],"share_on_mastodon":{"url":"https:\/\/pubeurope.com\/@pl\/117189229122427256","error":""},"_links":{"self":[{"href":"https:\/\/www.europesays.com\/pl\/wp-json\/wp\/v2\/posts\/657362","targetHints":{"allow":["GET"]}}],"collection":[{"href":"https:\/\/www.europesays.com\/pl\/wp-json\/wp\/v2\/posts"}],"about":[{"href":"https:\/\/www.europesays.com\/pl\/wp-json\/wp\/v2\/types\/post"}],"author":[{"embeddable":true,"href":"https:\/\/www.europesays.com\/pl\/wp-json\/wp\/v2\/users\/2"}],"replies":[{"embeddable":true,"href":"https:\/\/www.europesays.com\/pl\/wp-json\/wp\/v2\/comments?post=657362"}],"version-history":[{"count":0,"href":"https:\/\/www.europesays.com\/pl\/wp-json\/wp\/v2\/posts\/657362\/revisions"}],"wp:featuredmedia":[{"embeddable":true,"href":"https:\/\/www.europesays.com\/pl\/wp-json\/wp\/v2\/media\/657363"}],"wp:attachment":[{"href":"https:\/\/www.europesays.com\/pl\/wp-json\/wp\/v2\/media?parent=657362"}],"wp:term":[{"taxonomy":"category","embeddable":true,"href":"https:\/\/www.europesays.com\/pl\/wp-json\/wp\/v2\/categories?post=657362"},{"taxonomy":"post_tag","embeddable":true,"href":"https:\/\/www.europesays.com\/pl\/wp-json\/wp\/v2\/tags?post=657362"}],"curies":[{"name":"wp","href":"https:\/\/api.w.org\/{rel}","templated":true}]}}