{"id":657384,"date":"2026-08-31T08:51:17","date_gmt":"2026-08-31T08:51:17","guid":{"rendered":"https:\/\/www.europesays.com\/pl\/657384\/"},"modified":"2026-08-31T08:51:17","modified_gmt":"2026-08-31T08:51:17","slug":"michal-moskal-o-spotkaniu-z-kralem-rozmawialem-z-prezesem-kaczynskim","status":"publish","type":"post","link":"https:\/\/www.europesays.com\/pl\/657384\/","title":{"rendered":"Micha\u0142 Moskal o spotkaniu z Kralem. &#8222;Rozmawia\u0142em z prezesem Kaczy\u0144skim&#8221;"},"content":{"rendered":"<p>Micha\u0142 Moskal i Przemys\u0142aw Kral spotkali si\u0119 w sierpniu 2025 r. na Ibizie \u2014 informowa\u0142y 26 sierpnia 2026 r. TVN24 i Wirtualna Polska. <a href=\"https:\/\/wiadomosci.onet.pl\/kraj\/tajemnicze-spotkanie-na-ibizie-posel-pis-spotkal-sie-z-szefem-zondacrypto\/brmb989\" id=\"f2c980c1-8ecc-4f58-80c0-522e194181bc\" rel=\"nofollow noopener\" target=\"_blank\">Po spotkaniu pose\u0142 PiS zaanga\u017cowa\u0142 si\u0119 w prace nad ustaw\u0105 o kryptoaktywach. <\/a>W poniedzia\u0142kowy poranek Moskal by\u0142 go\u015bciem &#8222;Porannej Rozmowy&#8221; w Kanale Zero.Dalszy ci\u0105g artyku\u0142u pod materia\u0142em wideo<\/p>\n<p>\u2014 Mieli\u015bmy do czynienia z czym\u015b bezprecedensowym. Skala manipulacji by\u0142a absurdalna. Rozmawia\u0142em o tej sprawie z prezesem Jaros\u0142awem Kaczy\u0144skim i panem premierem Mariuszem B\u0142aszczakiem. Nic mi nie wiadomo, \u017cebym mia\u0142 ponie\u015b\u0107 konsekwencje partyjne. Media zrobi\u0142y ze mnie, nie wiadomo kogo, lobbyst\u0119 jakiego\u015b \u2014 odpiera\u0142 zarzuty pose\u0142 PiS.<\/p>\n<p><a href=\"https:\/\/www.onet.pl\/\" title=\"Strona G\u0142\u00f3wna\" aria-label=\"Strona G\u0142\u00f3wna\" data-astro-prefetch=\"tap\" class=\"ods-a-logo-main-desktop\" rel=\"nofollow noopener\" target=\"_blank\"><img src=\"https:\/\/cdn.wiadomosci.onet.pl\/img\/Logo_desktop_Onet.svg\" class=\"ods-a-logo-main-desktop__image\" alt=\"Logo\" width=\"107\" height=\"60\" fetchpriority=\"high\" decoding=\"sync\" style=\"height:60px\"\/><\/a><\/p>\n<p class=\"ods-m-google-article__text\">Czytaj nas cz\u0119\u015bciej w Google<\/p>\n<p><a href=\"https:\/\/google.com\/preferences\/source?q=wiadomosci.onet.pl\" target=\"_blank\" rel=\"noopener noreferrer nofollow\" aria-label=\"Dodaj w Google\" title=\"Dodaj w Google\" class=\"ods-a-button ods-a-button__primary ods-a-button__default ods-a-button-l\">Dodaj w Google<\/a>Pose\u0142 PiS przekaza\u0142, \u017ce spotkanie z Przemys\u0142awem Kralem na Ibizie <a href=\"https:\/\/wiadomosci.onet.pl\/kraj\/przemyslaw-kral-placil-15-tys-euro-miesiecznie-bylemu-agentowi-cba-szukal-kontaktu-z\/cerjhvc\" id=\"b63ea8f4-c490-46c8-a15e-a19ebb93a334\" rel=\"nofollow noopener\" target=\"_blank\">zaproponowa\u0142 mu by\u0142y funkcjonariusz s\u0142u\u017cb specjalnych Artur Chodzi\u0144ski<\/a>. \u2014 Spotka\u0142em si\u0119 z Przemys\u0142awem Kralem jako przedstawicielem firmy, kt\u00f3ra sponsorowa\u0142a WO\u015aP, <a href=\"https:\/\/przegladsportowy.onet.pl\/pilka-nozna\/ekstraklasa\/kolejny-klub-chce-rozstania-z-zondacrypto-a-to-nie-koniec\/m54xn4e\" id=\"de635141-c7a7-4c25-8e0d-1ac9200be03f\" rel=\"nofollow noopener\" target=\"_blank\">sponsorowa\u0142a kluby ekstraklasy,<\/a> na imprezach sponsorowanych przez Zondacrypto wyst\u0119powa\u0142 Donald Tusk. Dwa miesi\u0105ce po moim spotkaniu z Przemys\u0142awem Kralem na konferencji sponsorowanej przez Zondacrypto wyst\u0119powali wiceministrowie polskiego rz\u0105du: Tomczyk i Standerski <a rel=\"nofollow\" href=\"https:\/\/x.com\/DStanderski\/status\/2094089385780081131\" id=\"8d7064be-773e-4b2a-b0f0-9604cde5bfc7\">[&#8222;Z dost\u0119pnych informacji przed, jak i w trakcie wydarzenia nie wynika\u0142o, aby jego sponsorem mia\u0142a by\u0107 Zondacrypto&#8221; \u2014 t\u0142umaczy\u0142 Dariusz Standerski \u2014 przyp. red].<\/a> Wtedy pan Kral nie mia\u0142 zarzut\u00f3w, nie by\u0142o zastrze\u017ce\u0144 co do Zondacrypto \u2014 m\u00f3wi\u0142 pose\u0142 PiS, nawi\u0105zuj\u0105c prawdopodobnie do Europejskiego Kongresu Gospodarczego w Katowicach w 2024 r., gdzie wyst\u0105pi\u0142 Donald Tusk, a na plakatach by\u0142o logo Zondacrypto, o czym w mediach spo\u0142eczno\u015bciowych przypomina\u0142 europose\u0142 Adam Bielan.Z kolei <a href=\"https:\/\/wiadomosci.onet.pl\/kraj\/spor-o-afere-zondacrypto-donald-tusk-odpowiedzial-karolowi-nawrockiemu\/36xdjt2\" id=\"b6fc4190-9bad-4be8-a158-462c29e697f2\" rel=\"nofollow noopener\" target=\"_blank\">prezydent Karol Nawrocki w sobot\u0119 wypomnia\u0142 Donaldowi Tuskowi zdj\u0119cie w koszulce Lechii Gda\u0144sk z logiem upad\u0142ej gie\u0142dy kryptowalut Zondacrypto<\/a> [faktycznie premier trzyma\u0142 koszulk\u0119 z logo Zondacrypto, ale nie by\u0142 w ni\u0105 ubrany].<\/p>\n<p>Micha\u0142 Moskal odpiera\u0142 zarzuty, \u017ce poprawki, kt\u00f3re zg\u0142osi\u0142 wsp\u00f3lnie z pos\u0142em Januszem Kowalskim, zrodzi\u0142y si\u0119 pod wp\u0142ywem wizyty na Ibizie. \u2014 Od 2017 r. zajmowa\u0142em si\u0119 kwestiami cyberbezpiecze\u0144stwa. Prac\u0119 magistersk\u0105 pisa\u0142em na ten temat. W centrum NATO w Tallinie szkoli\u0142em si\u0119 w sprawach cyberbezpiecze\u0144stwa. Moje poprawki zg\u0142oszone do ustawy o kryptowalutach nie mia\u0142y zwi\u0105zku z moj\u0105 wizyt\u0105 na Ibizie \u2014 o\u015bwiadczy\u0142 Moskal, podkre\u015blaj\u0105c, \u017ce dzi\u015b r\u00f3wnie\u017c uwa\u017ca zg\u0142oszone wtedy poprawki za s\u0142uszne.<\/p>\n<p>Afera Zondacrypto. \u015aledczy prowadz\u0105 dzia\u0142ania<\/p>\n<p>Post\u0119powanie w sprawie gie\u0142dy kryptowalut Zondacrypto zosta\u0142o wszcz\u0119te przez Prokuratur\u0119 Regionaln\u0105 w Katowicach 17 kwietnia br. pod k\u0105tem oszustw znacznej warto\u015bci i prania brudnych pieni\u0119dzy. Dotychczas wp\u0142yn\u0119\u0142o kilka tysi\u0119cy zawiadomie\u0144 o przest\u0119pstwie.<\/p>\n<p>O co dok\u0142adnie chodzi w aferze Zondacrypto [WYJA\u015aNIAMY]<img class=\"ods-a-photo ods-a-photo--background\" src=\"https:\/\/www.europesays.com\/pl\/wp-content\/uploads\/2026\/08\/1788166277_539_45Wk9lBaHR0cHM6Ly9vY2RuLmV1L3B1bHNjbXMvTURBXy85MDMzNTYwMmI3MTczYjkyYWUyN2I3MmM1ODA3OGE2ZC5qcGeRlQLNA.jpeg\" height=\"253\" width=\"450\" alt=\"By\u0142y szef Zondacrypto Przemys\u0142aw Kral\" loading=\"lazy\" fetchpriority=\"low\" decoding=\"async\"\/><\/p>\n<p>Na pocz\u0105tku sierpnia br. \u015bledztwo w sprawie Zondacrypto zosta\u0142o po\u0142\u0105czone z post\u0119powaniem w \u015bl\u0105skim wydziale Prokuratury Krajowej, zwi\u0105zanym z zagini\u0119ciem Sylwestra Suszka \u2014 za\u0142o\u017cyciela poprzedniczki Zondacrypto, gie\u0142dy kryptowalut BitBay. Suszek znikn\u0105\u0142 w marcu 2022 r. Po\u0142\u0105czone \u015bledztwo prowadzi obecnie \u015bl\u0105ski wydzia\u0142 PK.<\/p>\n","protected":false},"excerpt":{"rendered":"Micha\u0142 Moskal i Przemys\u0142aw Kral spotkali si\u0119 w sierpniu 2025 r. na Ibizie \u2014 informowa\u0142y 26 sierpnia 2026&hellip;\n","protected":false},"author":2,"featured_media":657385,"comment_status":"","ping_status":"","sticky":false,"template":"","format":"standard","meta":{"footnotes":"","_share_on_mastodon":"0"},"categories":[12],"tags":[61195,32,33,36,37,27,422,49,15327,34,35,44767,28,31,48,25,46,529,42,38,40,39,41,47,29,30,26,17994],"class_list":["post-657384","post","type-post","status-publish","format-standard","has-post-thumbnail","category-polska","tag-bottomfeed_styl","tag-breaking-news","tag-breakingnews","tag-featured-news","tag-featurednews","tag-headlines","tag-jaroslaw_kaczynski","tag-kraj","tag-kryptowaluta","tag-latest-news","tag-latestnews","tag-michal_moskal","tag-naglowki","tag-najwazniejsze-artykuly","tag-nat_styl","tag-news","tag-omp","tag-pis","tag-pl","tag-poland","tag-polish","tag-polska","tag-polski","tag-screening_general","tag-top-stories","tag-topstories","tag-wiadomosci","tag-zondacrypto"],"share_on_mastodon":{"url":"https:\/\/pubeurope.com\/@pl\/117189272340898820","error":""},"_links":{"self":[{"href":"https:\/\/www.europesays.com\/pl\/wp-json\/wp\/v2\/posts\/657384","targetHints":{"allow":["GET"]}}],"collection":[{"href":"https:\/\/www.europesays.com\/pl\/wp-json\/wp\/v2\/posts"}],"about":[{"href":"https:\/\/www.europesays.com\/pl\/wp-json\/wp\/v2\/types\/post"}],"author":[{"embeddable":true,"href":"https:\/\/www.europesays.com\/pl\/wp-json\/wp\/v2\/users\/2"}],"replies":[{"embeddable":true,"href":"https:\/\/www.europesays.com\/pl\/wp-json\/wp\/v2\/comments?post=657384"}],"version-history":[{"count":0,"href":"https:\/\/www.europesays.com\/pl\/wp-json\/wp\/v2\/posts\/657384\/revisions"}],"wp:featuredmedia":[{"embeddable":true,"href":"https:\/\/www.europesays.com\/pl\/wp-json\/wp\/v2\/media\/657385"}],"wp:attachment":[{"href":"https:\/\/www.europesays.com\/pl\/wp-json\/wp\/v2\/media?parent=657384"}],"wp:term":[{"taxonomy":"category","embeddable":true,"href":"https:\/\/www.europesays.com\/pl\/wp-json\/wp\/v2\/categories?post=657384"},{"taxonomy":"post_tag","embeddable":true,"href":"https:\/\/www.europesays.com\/pl\/wp-json\/wp\/v2\/tags?post=657384"}],"curies":[{"name":"wp","href":"https:\/\/api.w.org\/{rel}","templated":true}]}}