{"id":657388,"date":"2026-08-31T08:53:08","date_gmt":"2026-08-31T08:53:08","guid":{"rendered":"https:\/\/www.europesays.com\/pl\/657388\/"},"modified":"2026-08-31T08:53:08","modified_gmt":"2026-08-31T08:53:08","slug":"rzecznik-prezydenta-rafal-leskiewicz-mowil-o-tusku-manipulator-i-klamca-wprost","status":"publish","type":"post","link":"https:\/\/www.europesays.com\/pl\/657388\/","title":{"rendered":"Rzecznik prezydenta Rafa\u0142 Le\u015bkiewicz m\u00f3wi\u0142 o Tusku. \u201eManipulator i k\u0142amca\u201d \u2013 Wprost"},"content":{"rendered":"\n<p>&#13;<br \/>\nRzecznik prezydenta Rafa\u0142 Le\u015bkiewicz porozmawia\u0142 w\u00a0Juracie z\u00a0dziennikarzami \u201eFaktu\u201d. Poproszono go, by\u00a0odni\u00f3s\u0142 si\u0119 do\u00a0s\u0142\u00f3w Donalda Tuska na\u00a0temat sprawy Zondacrypto. \u2013\u00a0Narobili\u015bcie bardzo du\u017co z\u0142a, wpakowali\u015bcie si\u0119 w\u00a0bardzo brudny interes \u2013\u00a0<a href=\"https:\/\/www.wprost.pl\/kraj\/12427335\/afera-zondacrypto-nagrania-z-politykami-pis-maja-byc-w-prokuraturze.html\" rel=\"nofollow noopener\" target=\"_blank\">oskar\u017ca\u0142 polityk\u00f3w prawicy<\/a> szef KO. &#13;\n<\/p>\n<p>Le\u015bkiewicz: Tusk to\u00a0zwyk\u0142y k\u0142amca i\u00a0manipulator<\/p>\n<p>&#13;<br \/>\n\u2014 Dzi\u015b ju\u017c nikt nie\u00a0powinien mie\u0107 \u017cadnych w\u0105tpliwo\u015bci, \u017ce\u00a0pan Donald Tusk to\u00a0zwyk\u0142y k\u0142amca i\u00a0manipulator \u2013\u00a0ripostowa\u0142 Le\u015bkiewicz. Podkre\u015bla\u0142, \u017ce\u00a0to\u00a0za obecnego rz\u0105du instytucje nie\u00a0powstrzyma\u0142y na\u00a0czas oszuka\u0144czej gie\u0142dy kryptowalut. &#13;\n<\/p>\n<p>&#13;<br \/>\n\u2014 W\u00a0tej sprawie dotycz\u0105cej krypto pan premier k\u0142amie, a\u00a0w\u00a0zasadzie pr\u00f3buje przykry\u0107 nieudolno\u015b\u0107 swojego rz\u0105du, bo\u00a0przecie\u017c przypomn\u0119: rz\u0105d Donalda Tuska sprawuje w\u0142adz\u0119 od\u00a0prawie trzech lat. Gdzie by\u0142y polskie s\u0142u\u017cby specjalne? Gdzie by\u0142a prokuratura, kt\u00f3ra nie\u00a0potrafi\u0142a w\u00a0\u017caden spos\u00f3b skutecznie doprowadzi\u0107 do\u00a0zablokowania dzia\u0142alno\u015bci Zondacrypto? \u2013\u00a0pyta\u0142. &#13;\n<\/p>\n<p>&#13;<br \/>\n\u2014 Przecie\u017c dwukrotnie \u015bledztwa dotycz\u0105ce Zondacrypto zosta\u0142y umorzone i\u00a0zosta\u0142y umorzone za\u00a0czas\u00f3w rz\u0105d\u00f3w pana premiera Donalda Tuska. Dopiero teraz, w\u00a0kwietniu tego roku, zosta\u0142a wszcz\u0119ta kolejna sprawa, kiedy rzeczywi\u015bcie gie\u0142da po\u00a0prostu upad\u0142a \u2014\u00a0przypomina\u0142. &#13;\n<\/p>\n<p>Rzecznik prezydenta: Tusk odwraca uwag\u0119 od\u00a0problem\u00f3w<\/p>\n<p>&#13;<br \/>\nLe\u015bkiewicz stwierdzi\u0142, \u017ce\u00a0spraw\u0105 Zondacrypto Tusk pr\u00f3buje odwr\u00f3ci\u0107 uwag\u0119 od\u00a0swoich licznych problem\u00f3w. W\u00a0tym kontek\u015bcie wymieni\u0142 afer\u0119 w\u00a0Szpitalu Po\u0142udniowym, wycieki danych, spraw\u0119 \u015brodk\u00f3w dla\u00a0powodzian, ale\u00a0te\u017c sytuacj\u0119 bud\u017cetu czy\u00a0bezrobocie. &#13;\n<\/p>\n<p>&#13;<br \/>\n\u2014 M\u00f3g\u0142bym wymienia\u0107 bardzo d\u0142ugo i\u00a0pewnie nie\u00a0zd\u0105\u017cy\u0142bym p\u00f3j\u015b\u0107 na\u00a0koncert chopinowski, kt\u00f3ry ju\u017c za\u00a0chwil\u0119, gdybym mia\u0142 opowiada\u0107 o\u00a0wszystkich sprawach, kt\u00f3re dotycz\u0105 tego rz\u0105du i\u00a0tym ba\u0142aganie, kt\u00f3ry nam funduje na\u00a0co dzie\u0144 pan premier Donald Tusk \u2014\u00a0podsumowa\u0142. &#13;\n<\/p>\n<p>&#13;<br \/>\n   Czytaj te\u017c:<br \/><a href=\"https:\/\/www.wprost.pl\/kraj\/12425973\/sejm-ponownie-sprobuje-odrzucic-weto-nawrockiego-tusk-zabral-glos.html\" rel=\"follow nofollow noopener\" data-schema=\"WPROST\" data-image=\"https:\/\/img.wprost.pl\/_thumb\/24\/93\/695a6355d1811721f367d613ffc7.jpeg\" target=\"_blank\">Sejm ponownie spr\u00f3buje odrzuci\u0107 weto Nawrockiego. Tusk zabra\u0142 g\u0142os<\/a>   Czytaj te\u017c:<br \/><a href=\"https:\/\/www.wprost.pl\/kraj\/12426702\/morawiecki-odpowiedzialny-za-afere-zondacrypto-sasin-i-kaczynski-chca-sejmowej-komisji.html\" rel=\"follow nofollow noopener\" data-schema=\"WPROST\" data-image=\"https:\/\/img.wprost.pl\/_thumb\/bb\/b1\/d2a93a089a0ae439748dc9d6a09f.jpeg\" target=\"_blank\">B\u0119dzie kolejna komisja \u015bledcza? Prezes PiS mia\u0142 da\u0107 zielone \u015bwiat\u0142o<\/a>&#13;<\/p>\n","protected":false},"excerpt":{"rendered":"&#13; Rzecznik prezydenta Rafa\u0142 Le\u015bkiewicz porozmawia\u0142 w\u00a0Juracie z\u00a0dziennikarzami \u201eFaktu\u201d. Poproszono go, by\u00a0odni\u00f3s\u0142 si\u0119 do\u00a0s\u0142\u00f3w Donalda Tuska na\u00a0temat sprawy&hellip;\n","protected":false},"author":2,"featured_media":657389,"comment_status":"","ping_status":"","sticky":false,"template":"","format":"standard","meta":{"footnotes":"","_share_on_mastodon":"0"},"categories":[62713],"tags":[11215,1345,49,3835,59734,907,128114,40571,43315,17994],"class_list":["post-657388","post","type-post","status-publish","format-standard","has-post-thumbnail","category-donald-tusk","tag-afera","tag-donald-tusk","tag-kraj","tag-kryptowaluty","tag-opinie-i-komentarze","tag-polityka","tag-problemy-rzadu","tag-rafal-leskiewicz","tag-wprost","tag-zondacrypto"],"share_on_mastodon":{"url":"https:\/\/pubeurope.com\/@pl\/117189280110817426","error":""},"_links":{"self":[{"href":"https:\/\/www.europesays.com\/pl\/wp-json\/wp\/v2\/posts\/657388","targetHints":{"allow":["GET"]}}],"collection":[{"href":"https:\/\/www.europesays.com\/pl\/wp-json\/wp\/v2\/posts"}],"about":[{"href":"https:\/\/www.europesays.com\/pl\/wp-json\/wp\/v2\/types\/post"}],"author":[{"embeddable":true,"href":"https:\/\/www.europesays.com\/pl\/wp-json\/wp\/v2\/users\/2"}],"replies":[{"embeddable":true,"href":"https:\/\/www.europesays.com\/pl\/wp-json\/wp\/v2\/comments?post=657388"}],"version-history":[{"count":0,"href":"https:\/\/www.europesays.com\/pl\/wp-json\/wp\/v2\/posts\/657388\/revisions"}],"wp:featuredmedia":[{"embeddable":true,"href":"https:\/\/www.europesays.com\/pl\/wp-json\/wp\/v2\/media\/657389"}],"wp:attachment":[{"href":"https:\/\/www.europesays.com\/pl\/wp-json\/wp\/v2\/media?parent=657388"}],"wp:term":[{"taxonomy":"category","embeddable":true,"href":"https:\/\/www.europesays.com\/pl\/wp-json\/wp\/v2\/categories?post=657388"},{"taxonomy":"post_tag","embeddable":true,"href":"https:\/\/www.europesays.com\/pl\/wp-json\/wp\/v2\/tags?post=657388"}],"curies":[{"name":"wp","href":"https:\/\/api.w.org\/{rel}","templated":true}]}}