{"id":657422,"date":"2026-08-31T09:12:13","date_gmt":"2026-08-31T09:12:13","guid":{"rendered":"https:\/\/www.europesays.com\/pl\/657422\/"},"modified":"2026-08-31T09:12:13","modified_gmt":"2026-08-31T09:12:13","slug":"pociag-regiojet-warszawa-praga-w-rozkladzie-tylko-do-raciborza","status":"publish","type":"post","link":"https:\/\/www.europesays.com\/pl\/657422\/","title":{"rendered":"Poci\u0105g RegioJet Warszawa \u2013 Praga w rozk\u0142adzie tylko do Raciborza"},"content":{"rendered":"<p>W systemach informacji pasa\u017cerskiej PKP Polskich Linii Kolejowych nie znajdziemy poci\u0105gu RegioJet z Warszawy do Pragi, cho\u0107 codziennie taki kurs odje\u017cd\u017ca z g\u0142\u00f3wnych dworc\u00f3w stolicy. Zarz\u0105dca infrastruktury twierdzi, \u017ce przewo\u017anik nie przekaza\u0142 mu informacji o przebiegu trasy na terenie Czech. O sprawie powiadomi\u0142 Urz\u0105d Transportu Kolejowego.  <\/p>\n<p>Do naszej redakcji dotar\u0142y sygna\u0142y od czytelnik\u00f3w twierdz\u0105cych, \u017ce informacja pasa\u017cerska na polskich dworcach wprowadza klient\u00f3w RegioJetu w b\u0142\u0105d. Przewo\u017anik, kt\u00f3ry nie realizuje ju\u017c w naszym kraju po\u0142\u0105cze\u0144 wewn\u0119trznych, wci\u0105\u017c obs\u0142uguje kursy z Warszawy i Przemy\u015bla do Pragi. Problemy maj\u0105 dotyczy\u0107 poci\u0105gu \u0142\u0105cz\u0105cego stolice Polski i Republiki Czeskiej. <\/p>\n<p>PLK: Nie otrzymali\u015bmy kompletu niezb\u0119dnych danych <br \/>Ani w Portalu Pasa\u017cera, ani na dworcowych plakatach nie znajdziemy bowiem informacji o odje\u017adzie poci\u0105gu RJ do Pragi. Kurs ten uj\u0119to co prawda w ka\u017cdym ze \u017ar\u00f3de\u0142, ale stacj\u0105 ko\u0144cow\u0105 jest wed\u0142ug danych PLK Racib\u00f3rz. Zarz\u0105dca infrastruktury potwierdzi\u0142 wyst\u0119powanie takiego b\u0142\u0119du i jednocze\u015bnie stoi na stanowisku, \u017ce nie jest odpowiedzialny za jego powstanie. <\/p>\n<p>\u2013 Zgodnie z regulaminem sieci kolejowej ka\u017cdy przewo\u017anik realizuj\u0105cy kursy pasa\u017cerskie poza sieci\u0105 zarz\u0105dzan\u0105 przez nasz\u0105 sp\u00f3\u0142k\u0119 jest zobowi\u0105zany do przekazywania informacji o postojach handlowych realizowanych poza t\u0105 sieci\u0105. Dane te s\u0105 udost\u0119pniane za po\u015brednictwem system\u00f3w informatycznych powi\u0105zanych z Portalem Pasa\u017cera. Przewo\u017anik RegioJet pomimo wielokrotnych pr\u00f3b kontaktu nie przekaza\u0142 dotychczas wymaganych informacji \u2013 m\u00f3wi Piotr Hamarnik z Zespo\u0142u Prasowego PKP Polskich Linii Kolejowych. W konsekwencji polski zarz\u0105dca prezentuje tylko godziny przyjazd\u00f3w i odjazd\u00f3w dotycz\u0105ce w\u0142asnych stacji. <\/p>\n<p>Jest zawiadomienie do UTK <br \/>Nasz rozm\u00f3wca podkre\u015bla, \u017ce w zwi\u0105zku z brakami w informacji na peronach i w internecie do PLK nap\u0142ywa\u0142y skargi od pasa\u017cer\u00f3w. Sp\u00f3\u0142ka zwr\u00f3ci\u0142a si\u0119 wi\u0119c ponownie do RJ z wnioskiem o uzupe\u0142nienie danych, co jednak dotychczas nie nast\u0105pi\u0142o. \u2013 O sprawie zosta\u0142 r\u00f3wnie\u017c poinformowany Urz\u0105d Transportu Kolejowego \u2013 us\u0142yszeli\u015bmy. <\/p>\n<p>\u2013 Po przekazaniu przez przewo\u017anika wymaganych informacji poprawne dane b\u0119d\u0105 mog\u0142y zosta\u0107 niezw\u0142ocznie opublikowane w systemach informacji pasa\u017cerskiej \u2013 zapewnia Piotr Hamarnik. Sp\u00f3\u0142ka deklaruje uzupe\u0142nienie danych w ci\u0105gu maksymalnie jednej doby. PLK nie odpowiedzia\u0142y na nasze pytanie, czy kurs jest zapowiadany przez megafony jako ko\u0144cz\u0105cy bieg w Pradze, czy w Raciborzu. <\/p>\n","protected":false},"excerpt":{"rendered":"W systemach informacji pasa\u017cerskiej PKP Polskich Linii Kolejowych nie znajdziemy poci\u0105gu RegioJet z Warszawy do Pragi, cho\u0107 codziennie&hellip;\n","protected":false},"author":2,"featured_media":657423,"comment_status":"","ping_status":"","sticky":false,"template":"","format":"standard","meta":{"footnotes":"","_share_on_mastodon":"0"},"categories":[51605],"tags":[90481,1201,1205,1203,1200,2801,42,55896,38,40,39,41,51828,1202,1196,21897,1204,1206,435],"class_list":["post-657422","post","type-post","status-publish","format-standard","has-post-thumbnail","category-warszawa","tag-informacja-pasazerska","tag-intercity","tag-kolej","tag-koleje-mazowieckie","tag-pkp","tag-pkp-plk","tag-pl","tag-pociagi-miedzynarodowe","tag-poland","tag-polish","tag-polska","tag-polski","tag-polaczenia-miedzynarodowe","tag-przewozy-regionalne","tag-regiojet","tag-regiojet-w-polsce","tag-rozklady-jazdy-pkp","tag-rynek-kolejowy","tag-warszawa"],"share_on_mastodon":{"url":"https:\/\/pubeurope.com\/@pl\/117189354944950522","error":""},"_links":{"self":[{"href":"https:\/\/www.europesays.com\/pl\/wp-json\/wp\/v2\/posts\/657422","targetHints":{"allow":["GET"]}}],"collection":[{"href":"https:\/\/www.europesays.com\/pl\/wp-json\/wp\/v2\/posts"}],"about":[{"href":"https:\/\/www.europesays.com\/pl\/wp-json\/wp\/v2\/types\/post"}],"author":[{"embeddable":true,"href":"https:\/\/www.europesays.com\/pl\/wp-json\/wp\/v2\/users\/2"}],"replies":[{"embeddable":true,"href":"https:\/\/www.europesays.com\/pl\/wp-json\/wp\/v2\/comments?post=657422"}],"version-history":[{"count":0,"href":"https:\/\/www.europesays.com\/pl\/wp-json\/wp\/v2\/posts\/657422\/revisions"}],"wp:featuredmedia":[{"embeddable":true,"href":"https:\/\/www.europesays.com\/pl\/wp-json\/wp\/v2\/media\/657423"}],"wp:attachment":[{"href":"https:\/\/www.europesays.com\/pl\/wp-json\/wp\/v2\/media?parent=657422"}],"wp:term":[{"taxonomy":"category","embeddable":true,"href":"https:\/\/www.europesays.com\/pl\/wp-json\/wp\/v2\/categories?post=657422"},{"taxonomy":"post_tag","embeddable":true,"href":"https:\/\/www.europesays.com\/pl\/wp-json\/wp\/v2\/tags?post=657422"}],"curies":[{"name":"wp","href":"https:\/\/api.w.org\/{rel}","templated":true}]}}